{"id":283371,"date":"2025-10-24T11:00:00","date_gmt":"2025-10-24T09:00:00","guid":{"rendered":"https:\/\/www.tucomarca.com\/wordpress\/segunda\/?p=283371"},"modified":"2025-10-24T19:28:59","modified_gmt":"2025-10-24T17:28:59","slug":"dia-internacional-del-paisatge-2025-a-tierra-bobal-essencia-vida-i-cultura-entre-vinyes","status":"publish","type":"post","link":"https:\/\/www.tucomarca.com\/wordpress\/segunda\/ca\/dia-internacional-del-paisatge-2025-a-tierra-bobal-essencia-vida-i-cultura-entre-vinyes\/","title":{"rendered":"Dia Internacional del Paisatge 2025 a Tierra Bobal: ess\u00e8ncia, vida i cultura entre vinyes"},"content":{"rendered":"\n<h3 class=\"wp-block-heading\">Tierra Bobal s\u2019ha unit a la celebraci\u00f3 del <strong>Dia Internacional del Paisatge<\/strong> amb diferents activitats als seus municipis, orientades a recon\u00e9ixer, valorar i compartir la riquesa del seu paisatge cultural.<\/h3>\n\n\n\n<p>El <strong>20 d\u2019octubre<\/strong> s\u2019ha commemorat el Dia Internacional del Paisatge i, per a celebrar-ho, a <strong>Tierra Bobal<\/strong> \u00e9s moment de contemplar tot all\u00f2 que ens envolta: paisatges naturals i culturals, extraordinaris i quotidians, que donen forma a la nostra identitat i benestar.<\/p>\n\n\n\n<p>Aquesta celebraci\u00f3, promoguda pel <strong>Consell d\u2019Europa<\/strong>, busca fomentar la protecci\u00f3, gesti\u00f3 i ordenaci\u00f3 sostenible del territori, integrant els valors naturals, culturals, socials i econ\u00f2mics que els fan \u00fanics. El paisatge no \u00e9s nom\u00e9s un escenari; \u00e9s un reflex viu de la relaci\u00f3 entre les persones i el seu entorn, una her\u00e8ncia compartida que ens parla de qui vam ser i de com volem habitar el futur.<\/p>\n\n\n\n<p><strong>Tierra Bobal: un paisatge cultural entre vinyes, muntanyes, estrelles i mem\u00f2ria<\/strong><\/p>\n\n\n\n<p>A <strong>Tierra Bobal<\/strong>, el paisatge \u00e9s molt m\u00e9s que una imatge: \u00e9s una experi\u00e8ncia, una forma de vida, una hist\u00f2ria teixida durant segles entre vinyes, muntanyes, rius i pobles. Ac\u00ed, la natura i l\u2019acci\u00f3 humana s\u2019han entrella\u00e7at en un di\u00e0leg constant, donant lloc a un paisatge cultural reconegut per la seua autenticitat, diversitat i equilibri.<\/p>\n\n\n\n<p>Des dels camps de vinya que dibuixen l\u2019horitz\u00f3 fins a les serres que protegeixen el territori, Tierra Bobal respira cultura, tradici\u00f3 i sostenibilitat. \u00c9s un mosaic de paisatges agraris, forestals i urbans on el temps deixa empremtes: antics cups rupestres, camins hist\u00f2rics, bodegues subterr\u00e0nies i una arquitectura que conta la hist\u00f2ria d\u2019una comunitat arrelada a la seua terra.<\/p>\n\n\n\n<p>A m\u00e9s, els seus cels nets i lliures de contaminaci\u00f3 lum\u00ednica han obtingut el reconeixement de <strong>Destino Starlight<\/strong>, ideal per a gaudir de l\u2019observaci\u00f3 del cel nocturn.<\/p>\n\n\n\n<p>A <strong>Tierra Bobal<\/strong>, el paisatge no es contempla: es viu. Cada estaci\u00f3 transforma els colors, les aromes i els sons del territori, recordant-nos que la vida i el paisatge s\u00f3n un mateix \u00e9sser.<\/p>\n\n\n\n<p><strong>2025: 25 anys del Conveni Europeu del Paisatge<\/strong><\/p>\n\n\n\n<p>El <strong>Dia Internacional del Paisatge 2025<\/strong> t\u00e9, a m\u00e9s, un significat especial: es compleixen <strong>25 anys del Conveni Europeu del Paisatge<\/strong>, adoptat a Flor\u00e8ncia l\u2019any 2000. Aquest acord va marcar un abans i un despr\u00e9s en la manera d\u2019entendre el paisatge, reconeixent-lo com un element essencial del benestar individual i col\u00b7lectiu, i com a part fonamental del patrimoni natural i cultural d\u2019Europa.<\/p>\n\n\n\n<p><strong>Tierra Bobal<\/strong> encarna aquest esperit: un territori on la interacci\u00f3 entre natura i acci\u00f3 humana ha creat un paisatge singular que cal protegir i transmetre a les generacions futures.<\/p>\n\n\n\n<p><strong>Celebracions en Tierra Bobal: activitats per a sentir el paisatge<\/strong><\/p>\n\n\n\n<p>Amb motiu d\u2019aquesta data, <strong>Tierra Bobal<\/strong> s\u2019uneix a la celebraci\u00f3 del Dia Internacional del Paisatge amb diferents activitats als seus municipis, orientades a recon\u00e9ixer, valorar i compartir la riquesa del seu paisatge cultural.<br>Hi haur\u00e0 rutes interpretatives, passejos entre vinyes, tallers d\u2019educaci\u00f3 ambiental, exposicions i trobades amb la comunitat que conviden a redescobrir el territori des d\u2019una mirada m\u00e9s conscient i participativa.<\/p>\n\n\n\n<p><strong>Sinarcas<\/strong><\/p>\n\n\n\n<p>El municipi de <strong>Sinarcas<\/strong> celebra el Dia Internacional del Paisatge amb una jornada dedicada a descobrir els recursos naturals, patrimonials i enotur\u00edstics que formen part de la seua identitat rural.<br><strong>25 d\u2019octubre<\/strong><br><strong>11:00 h<\/strong> \u2013 Visita al <strong>Museu del Cereal<\/strong>, un espai que mostra la hist\u00f2ria agr\u00edcola i cerealista del municipi.<br><strong>12:00 h<\/strong> \u2013 Visita i cata a <strong>Bodegas Pasiego<\/strong>, una experi\u00e8ncia per a con\u00e9ixer de prop la tradici\u00f3 vitivin\u00edcola de Tierra Bobal.<br>Els visitants podran gaudir tamb\u00e9 de l\u2019<strong>Arboretum<\/strong>, l\u2019<strong>Ecomuseu<\/strong> i diverses rutes interpretatives.<br>Inscripcions: <strong>Ajuntament de Sinarcas<\/strong> (tel. 96 231 54 11).<\/p>\n\n\n\n<p><strong>Camporrobles<\/strong><\/p>\n\n\n\n<p><strong>Camporrobles<\/strong> s\u2019uneix tamb\u00e9 el 25 d\u2019octubre amb un recorregut pel seu paisatge arqueol\u00f2gic, industrial i ferroviari.<br><strong>9:30 h<\/strong> \u2013 <em>Dels ibers a Meca<\/em>: visita al jaciment arqueol\u00f2gic de <strong>El Mol\u00f3n<\/strong>, un dels enclavaments m\u00e9s emblem\u00e0tics del patrimoni ib\u00e8ric valenci\u00e0.<br><strong>16:30 h<\/strong> \u2013 Visita a l\u2019antiga <strong>F\u00e0brica de Farines<\/strong>.<br><strong>17:30 h<\/strong> \u2013 <em>El ferrocarril i el patrimoni industrial<\/em>, recorregut guiat pel paper del tren en el desenvolupament econ\u00f2mic i social del municipi.<br>+34 666 826 707 o inscripci\u00f3 a trav\u00e9s del codi QR dels cartells.<\/p>\n\n\n\n<p><strong>Caudete de las Fuentes<\/strong><\/p>\n\n\n\n<p>El <strong>diumenge 26 d\u2019octubre<\/strong> s\u2019ha organitzat una <strong>Visita a la Bodega Subterr\u00e1nea<\/strong> a partir de les <strong>11.00 h<\/strong>, aix\u00ed com una visita a la <strong>Encina Centenaria<\/strong>.<br>Inscripcions: <strong>Ajuntament de Caudete de las Fuentes<\/strong>.<\/p>\n\n\n\n<p><strong>Villargordo del Cabriel<\/strong><\/p>\n\n\n\n<p><strong>Villargordo del Cabriel<\/strong> ofereix diferents itineraris per commemorar aquest dia:<\/p>\n\n\n\n<ul class=\"wp-block-list\">\n<li>Les Hoces del Cabriel i el Paisatge de l\u2019Aigua<br><\/li>\n\n\n\n<li>Paisatge Defensiu i Industrial<br><\/li>\n\n\n\n<li>Paisatge Urb\u00e0 NHT-BRL<br><\/li>\n<\/ul>\n\n\n\n<p>Tots els detalls de la celebraci\u00f3 es poden consultar en l\u2019apartat d\u2019<strong>esdeveniments<\/strong> del web de <strong>Tierra Bobal<\/strong>.<\/p>\n\n\n\n<p><strong>Un comprom\u00eds compartit amb el paisatge cultural de Tierra Bobal<\/strong><\/p>\n\n\n\n<p>El paisatge cultural de <strong>Tierra Bobal<\/strong> \u00e9s el resultat de segles d\u2019interacci\u00f3 entre l\u2019\u00e9sser hum\u00e0 i la natura. \u00c9s her\u00e8ncia, identitat i futur. Cuidar-lo significa apostar per un model sostenible que preserve la biodiversitat, la mem\u00f2ria i la bellesa, sense renunciar al progr\u00e9s.<\/p>\n\n\n\n<p>En aquest <strong>Dia Internacional del Paisatge<\/strong>, <strong>Tierra Bobal<\/strong> reafirma el seu comprom\u00eds amb la protecci\u00f3 i promoci\u00f3 del seu paisatge cultural, un territori viu que continua inspirant tant a qui l\u2019habita com a qui el visita.<\/p>\n\n\n\n<p>Perqu\u00e8 el paisatge de <strong>Tierra Bobal<\/strong> no sols es mira: <strong>es viu, es treballa i se sent.<\/strong><\/p>\n\n\n\n<p><\/p>\n","protected":false},"excerpt":{"rendered":"<div class=\"mh-excerpt\">Tierra Bobal s\u2019ha unit a la celebraci\u00f3 del Dia Internacional del Paisatge amb diferents activitats als seus municipis, orientades a recon\u00e9ixer, valorar i compartir la riquesa del seu paisatge cultural. El 20 d\u2019octubre s\u2019ha commemorat <a class=\"mh-excerpt-more\" href=\"https:\/\/www.tucomarca.com\/wordpress\/segunda\/ca\/dia-internacional-del-paisatge-2025-a-tierra-bobal-essencia-vida-i-cultura-entre-vinyes\/\" title=\"Dia Internacional del Paisatge 2025 a Tierra Bobal: ess\u00e8ncia, vida i cultura entre vinyes\">[+] <\/a><\/div>\n","protected":false},"author":12,"featured_media":283370,"comment_status":"open","ping_status":"open","sticky":false,"template":"","format":"standard","meta":{"footnotes":""},"categories":[11019,11031,11006,11032,11054,10898,11055,10948,10894,10904,10903,11007,10908,10909,10896,11058,11059,11060,11061],"tags":[10910,12388],"class_list":{"0":"post-283371","1":"post","2":"type-post","3":"status-publish","4":"format-standard","5":"has-post-thumbnail","7":"category-agenda-ca","8":"category-camporrobles-ca","9":"category-canal-vinos","10":"category-caudete-ca","11":"category-chera-ca","12":"category-ventana-ca","13":"category-fuenterrobles-ca","14":"category-infraestructuras-ca","15":"category-la-comarca-ca","16":"category-sin-categorizar-ca","17":"category-medio-ambiente-la-comarca-ca","18":"category-ocio-y-cultura-ca","19":"category-requena-ca","20":"category-requena-utiel-ca","21":"category-seccion-ca","22":"category-sinarcas-ca","23":"category-utiel-ca","24":"category-venta-del-moro-ca","25":"category-villargordo-del-cabriel-ca","26":"tag-requena-utiel-ca","27":"tag-tierra-bobal-ca"},"_links":{"self":[{"href":"https:\/\/www.tucomarca.com\/wordpress\/segunda\/ca\/wp-json\/wp\/v2\/posts\/283371","targetHints":{"allow":["GET"]}}],"collection":[{"href":"https:\/\/www.tucomarca.com\/wordpress\/segunda\/ca\/wp-json\/wp\/v2\/posts"}],"about":[{"href":"https:\/\/www.tucomarca.com\/wordpress\/segunda\/ca\/wp-json\/wp\/v2\/types\/post"}],"author":[{"embeddable":true,"href":"https:\/\/www.tucomarca.com\/wordpress\/segunda\/ca\/wp-json\/wp\/v2\/users\/12"}],"replies":[{"embeddable":true,"href":"https:\/\/www.tucomarca.com\/wordpress\/segunda\/ca\/wp-json\/wp\/v2\/comments?post=283371"}],"version-history":[{"count":0,"href":"https:\/\/www.tucomarca.com\/wordpress\/segunda\/ca\/wp-json\/wp\/v2\/posts\/283371\/revisions"}],"wp:featuredmedia":[{"embeddable":true,"href":"https:\/\/www.tucomarca.com\/wordpress\/segunda\/ca\/wp-json\/wp\/v2\/media\/283370"}],"wp:attachment":[{"href":"https:\/\/www.tucomarca.com\/wordpress\/segunda\/ca\/wp-json\/wp\/v2\/media?parent=283371"}],"wp:term":[{"taxonomy":"category","embeddable":true,"href":"https:\/\/www.tucomarca.com\/wordpress\/segunda\/ca\/wp-json\/wp\/v2\/categories?post=283371"},{"taxonomy":"post_tag","embeddable":true,"href":"https:\/\/www.tucomarca.com\/wordpress\/segunda\/ca\/wp-json\/wp\/v2\/tags?post=283371"}],"curies":[{"name":"wp","href":"https:\/\/api.w.org\/{rel}","templated":true}]}}