{"id":283408,"date":"2025-10-24T11:00:00","date_gmt":"2025-10-24T09:00:00","guid":{"rendered":"https:\/\/www.tucomarca.com\/wordpress\/segunda\/?p=283408"},"modified":"2025-10-24T19:43:59","modified_gmt":"2025-10-24T17:43:59","slug":"ingressat-a-la-preso-per-soltar-les-mans-de-la-barana-de-la-seua-amiga-quan-es-trobava-penjant-della-a-lalcudia","status":"publish","type":"post","link":"https:\/\/www.tucomarca.com\/wordpress\/segunda\/ca\/ingressat-a-la-preso-per-soltar-les-mans-de-la-barana-de-la-seua-amiga-quan-es-trobava-penjant-della-a-lalcudia\/","title":{"rendered":"Ingressat a la pres\u00f3 per soltar les mans de la barana de la seua amiga quan es trobava penjant d&#8217;ella a l&#8217;Alc\u00f9dia"},"content":{"rendered":"\n<h3 class=\"wp-block-heading\">La dona fugia de la casa pel balc\u00f3 d&#8217;un home que li amena\u00e7ava amb una espasa.<\/h3>\n\n\n\n<p>La Gu\u00e0rdia Civil ha detingut a dues persones (una d&#8217;elles ha ingressat a la pres\u00f3) per temptativa d&#8217;homicidi i omissi\u00f3 del deure de socors en L\u2019Alcudia. Un dels detinguts va amena\u00e7ar a la dona amb una espasa i aquesta va tractar de fugir de la casa pel balc\u00f3. El que era el seu amic li va soltar els dits de la barana mentre es trobava penjant d&#8217;ella a m\u00e9s de cinc metres d&#8217;altura.<\/p>\n\n\n\n<p>Els fets van tindre lloc el dia 08 d&#8217;octubre, quan es va encarregar als agents la investigaci\u00f3 de la caiguda, sobre les 05.00 del mat\u00ed, d&#8217;una dona des d&#8217;un balc\u00f3 a m\u00e9s de cinc metres d&#8217;altura en la localitat de L\u2019Alcudia. A causa de l&#8217;impacte i l&#8217;abast de les lesions, la v\u00edctima va ser traslladada a un centre m\u00e8dic on va romandre diversos dies.<\/p>\n\n\n\n<p>En un primer moment, els agents van poder donar amb diversos testimonis que van confirmar detalls crucials per a la investigaci\u00f3. Posteriorment, quan va millorar l&#8217;estat de salut de la v\u00edctima, van poder prendre-li declaraci\u00f3, aclarint els extrems necessaris.<\/p>\n\n\n\n<p>Els agents van poder saber que la v\u00edctima va acudir a eixe domicili acompanyada del seu amic per a visitar a una tercera persona. Al llarg de la nit, es va produir una forta discussi\u00f3 entre els tres. Quan la dona va voler abandonar el domicili, el propietari de l&#8217;habitatge li va amena\u00e7ar amb una espasa.&nbsp;<\/p>\n\n\n\n<p>Davant la por de ser agredida amb l&#8217;arma, va tractar de fugir pel balc\u00f3 i va quedar agarrada a la barana. El seu amic es va aproximar a ella i li va soltar les mans per a provocar la seua caiguda des de m\u00e9s de cinc metres d&#8217;altura mentre l&#8217;altre home ignorava les peticions de socors.<\/p>\n\n\n\n<p>Per aquests fets, es va detindre a eixos dos homes, de 55 i 56 anys d&#8217;edat, als quals se&#8217;ls va imputar un delicte d&#8217;homicidi en grau de temptativa i un d&#8217;omissi\u00f3 del deure de socors. L&#8217;autoritat judicial va decretar l&#8217;ingr\u00e9s a la pres\u00f3 de l&#8217;homicida.&nbsp;<\/p>\n\n\n\n<p>La investigaci\u00f3 ha sigut duta a terme per agents de Policia Judicial d&#8217;Almussafes.&nbsp;<\/p>\n\n\n\n<p>Les dilig\u00e8ncies van ser entregades en la Secci\u00f3 Civil i d&#8217;Instrucci\u00f3 en el Tribunal d&#8217;Inst\u00e0ncia, Plaza 2 de Carlet.<\/p>\n","protected":false},"excerpt":{"rendered":"<div class=\"mh-excerpt\">La dona fugia de la casa pel balc\u00f3 d&#8217;un home que li amena\u00e7ava amb una espasa. La Gu\u00e0rdia Civil ha detingut a dues persones (una d&#8217;elles ha ingressat a la pres\u00f3) per temptativa d&#8217;homicidi i <a class=\"mh-excerpt-more\" href=\"https:\/\/www.tucomarca.com\/wordpress\/segunda\/ca\/ingressat-a-la-preso-per-soltar-les-mans-de-la-barana-de-la-seua-amiga-quan-es-trobava-penjant-della-a-lalcudia\/\" title=\"Ingressat a la pres\u00f3 per soltar les mans de la barana de la seua amiga quan es trobava penjant d&#8217;ella a l&#8217;Alc\u00f9dia\">[+] <\/a><\/div>\n","protected":false},"author":1,"featured_media":210817,"comment_status":"open","ping_status":"open","sticky":false,"template":"","format":"standard","meta":{"footnotes":""},"categories":[10990,10898,10995,10894,10904,10902,10896,10897],"tags":[11118,11076,11077],"class_list":{"0":"post-283408","1":"post","2":"type-post","3":"status-publish","4":"format-standard","5":"has-post-thumbnail","7":"category-carlet-ca","8":"category-ventana-ca","9":"category-lalcudia-ca","10":"category-la-comarca-ca","11":"category-sin-categorizar-ca","12":"category-la-ribera-ca","13":"category-seccion-ca","14":"category-sucesos-la-comarca-ca","15":"tag-guardia-civil-ca","16":"tag-lalcudia-ca","17":"tag-la-ribera-alta-ca"},"_links":{"self":[{"href":"https:\/\/www.tucomarca.com\/wordpress\/segunda\/ca\/wp-json\/wp\/v2\/posts\/283408","targetHints":{"allow":["GET"]}}],"collection":[{"href":"https:\/\/www.tucomarca.com\/wordpress\/segunda\/ca\/wp-json\/wp\/v2\/posts"}],"about":[{"href":"https:\/\/www.tucomarca.com\/wordpress\/segunda\/ca\/wp-json\/wp\/v2\/types\/post"}],"author":[{"embeddable":true,"href":"https:\/\/www.tucomarca.com\/wordpress\/segunda\/ca\/wp-json\/wp\/v2\/users\/1"}],"replies":[{"embeddable":true,"href":"https:\/\/www.tucomarca.com\/wordpress\/segunda\/ca\/wp-json\/wp\/v2\/comments?post=283408"}],"version-history":[{"count":0,"href":"https:\/\/www.tucomarca.com\/wordpress\/segunda\/ca\/wp-json\/wp\/v2\/posts\/283408\/revisions"}],"wp:featuredmedia":[{"embeddable":true,"href":"https:\/\/www.tucomarca.com\/wordpress\/segunda\/ca\/wp-json\/wp\/v2\/media\/210817"}],"wp:attachment":[{"href":"https:\/\/www.tucomarca.com\/wordpress\/segunda\/ca\/wp-json\/wp\/v2\/media?parent=283408"}],"wp:term":[{"taxonomy":"category","embeddable":true,"href":"https:\/\/www.tucomarca.com\/wordpress\/segunda\/ca\/wp-json\/wp\/v2\/categories?post=283408"},{"taxonomy":"post_tag","embeddable":true,"href":"https:\/\/www.tucomarca.com\/wordpress\/segunda\/ca\/wp-json\/wp\/v2\/tags?post=283408"}],"curies":[{"name":"wp","href":"https:\/\/api.w.org\/{rel}","templated":true}]}}