{"id":283437,"date":"2025-10-25T10:00:00","date_gmt":"2025-10-25T08:00:00","guid":{"rendered":"https:\/\/www.tucomarca.com\/wordpress\/segunda\/?p=283437"},"modified":"2025-10-25T10:30:40","modified_gmt":"2025-10-25T08:30:40","slug":"la-generalitat-mobilitza-mes-de-2-500-milions-deuros-per-a-garantir-la-reconstruccio-de-les-poblacions-valencianes-afectades-per-la-riuada-del-29-0","status":"publish","type":"post","link":"https:\/\/www.tucomarca.com\/wordpress\/segunda\/ca\/la-generalitat-mobilitza-mes-de-2-500-milions-deuros-per-a-garantir-la-reconstruccio-de-les-poblacions-valencianes-afectades-per-la-riuada-del-29-0\/","title":{"rendered":"La Generalitat mobilitza m\u00e9s de 2.500 milions d&#8217;euros per a garantir la reconstrucci\u00f3 de les poblacions valencianes afectades per la riuada del 29-0"},"content":{"rendered":"\n<h3 class=\"wp-block-heading\">\u00c9s el major esfor\u00e7 pressupostari realitzat per una comunitat aut\u00f2noma a Espanya en tota la hist\u00f2ria per a afrontar les conseq\u00fc\u00e8ncies d&#8217;una cat\u00e0strofe natural sense precedents.<\/h3>\n\n\n\n<h3 class=\"wp-block-heading\">La reconstrucci\u00f3 s&#8217;ha enfocat cap a tots els \u00e0mbits, especialment en la recuperaci\u00f3 de les principals infraestructures i comunicacions, aix\u00ed com en la dotaci\u00f3 d&#8217;ajudes directes per a fam\u00edlies i empreses.<\/h3>\n\n\n\n<p>El Govern valenci\u00e0 ha empr\u00e9s aquest proc\u00e9s de recuperaci\u00f3 a pulm\u00f3 i exclusivament amb recursos propis despr\u00e9s de la negativa de l&#8217;Executiu central a facilitar finan\u00e7ament a fons perdut per a costejar la reconstrucci\u00f3.<\/p>\n\n\n\n<p>La Generalitat Valenciana ha mobilitzat, comprom\u00e9s o gestionat partides per valor de <strong>2.561.699.000 euros<\/strong> entre contractes d&#8217;emerg\u00e8ncia, dotaci\u00f3 pressupost\u00e0ria per a ajudes directes i altres actuacions per a pal\u00b7liar els efectes de les riuades.<\/p>\n\n\n\n<p>Los ciudadanos y empresas afectadas han recibido cerca de 900 millones de euros en ayudas directas para bienes de primera necesidad, veh\u00edculos siniestrados, ayudas al alquiler o compra de viviendas y para mantener o recuperar sus negocios afectados.&nbsp;<\/p>\n\n\n\n<p>La Generalitat ha restituido las comunicaciones en las zonas afectadas con la reparaci\u00f3n de las 18 carreteras auton\u00f3micas y la recuperaci\u00f3n total de la red de Metro Valencia. Todo ello en un tiempo r\u00e9cord: en apenas 10 meses todas estas infraestructuras fueron recuperadas y puestas de nuevo en servicio.<\/p>\n\n\n\n<p>El Consell ha actuado con rapidez y agilidad para atender a las personas y empresas afectadas por la riada. Sin haber recibido un solo euro del Ejecutivo de Pedro S\u00e1nchez, y pese a ser la autonom\u00eda peor financiada del pa\u00eds, la Generalitat ha afrontado en solitario la reconstrucci\u00f3n. Las actuaciones han abarcado desde la reposici\u00f3n de servicios b\u00e1sicos hasta la recuperaci\u00f3n econ\u00f3mica y social del territorio.<\/p>\n\n\n\n<p>El Consell cre\u00f3 una estructura in\u00e9dita y finalista, la Vicepresidencia Segunda y Conselleria para la Recuperaci\u00f3n Econ\u00f3mica y Social, concebida para planificar y coordinar la reconstrucci\u00f3n de forma rigurosa, t\u00e9cnica y transversal. Bajo su direcci\u00f3n se elabor\u00f3 el Plan Endavant, que fija la hoja de ruta integral de la recuperaci\u00f3n con 340 iniciativas y un sistema de seguimiento y gobernanza transparente. Tambi\u00e9n se ha impulsado el Plan Director de Anticipaci\u00f3n y Reacci\u00f3n ante Cat\u00e1strofes Naturales, que permitir\u00e1 prevenir y preparar mejor la respuesta ante futuros fen\u00f3menos extremos.<\/p>\n\n\n\n<p>Todo un esfuerzo sin precedentes por parte de la Generalitat Valenciana para afrontar las terribles consecuencias materiales que la riada del 29 de octubre caus\u00f3 en las comarcas valencianas afectadas. Y todo ello en un contexto en el que el Gobierno valenciano sigue sin recibir del Gobierno central las imprescindibles ayudas a fondo perdido para costear las tareas de reconstrucci\u00f3n, lo que obliga a la administraci\u00f3n auton\u00f3mica a sufragar la recuperaci\u00f3n por la v\u00eda del endeudamiento.<\/p>\n\n\n\n<p>Las lluvias y las riadas del 29 de octubre de 2024 arrasaron las comarcas de l\u2019Horta Sud, La Hoya de Bu\u00f1ol, La Ribera Alta y la Plana de Utiel-Requena, afectando a una superficie de 562 kil\u00f3metros cuadrados. 229 fallecidos y m\u00e1s de 800.000 personas afectadas. 50.000 empresas perjudicadas, m\u00e1s de 275.000 trabajadores afectados y otros 33.000 en ERTE, adem\u00e1s de 34.000 aut\u00f3nomos.<\/p>\n\n\n\n<p>Estamos ante el mayor esfuerzo presupuestario de la historia realizado por una comunidad aut\u00f3noma para afrontar la reconstrucci\u00f3n de un territorio afectado por una cat\u00e1strofe natural.&nbsp;<\/p>\n\n\n\n<p>El esfuerzo en educaci\u00f3n se centr\u00f3 en que los 48.000 alumnos afectados retomaran las clases antes de Navidad y que el pasado mes de septiembre todos los alumnos comenzaran el curso escolar es sus municipios sin necesidad de traslados a otros. A las familias de esos alumnos se les proporcion\u00f3 ayudas para reponer el material escolar y los libros de texto perdidos.&nbsp;<\/p>\n\n\n\n<p>La sanidad p\u00fablica continu\u00f3 prestando su servicio de forma presencial all\u00ed donde fue posible, tambi\u00e9n con seguimiento telef\u00f3nico y con la entrega domiciliara de medicaci\u00f3n a los pacientes cr\u00f3nicos. Hoy los 57 centros de salud afectados han recuperado su actividad.&nbsp;<\/p>\n\n\n\n<p>Los trabajadores que vieron interrumpido su trabajo recibieron una ayuda de 720 euros exentos de tributaci\u00f3n como complemento y los aut\u00f3nomos sin trabajadores a su cargo recibieron de la Generalitat 3.000 euros.<\/p>\n\n\n\n<p>La Generalitat Valenciana est\u00e1 redefiniendo su estrategia frente a las inundaciones, incidiendo en la prevenci\u00f3n. Por ello, la administraci\u00f3n regional est\u00e1 realizando por los municipios de la Comunitat Valenciana una ronda de conversaciones para conocer cu\u00e1les son las necesidades de cada uno en cuestiones de emergencia y seguridad.&nbsp;<\/p>\n\n\n\n<p>En este sentido, se ha elaborado una gu\u00eda de recomendaciones para ayuntamientos para la toma de decisiones preventivas ante fen\u00f3menos meteorol\u00f3gicos adversos. Y se ha puesto en marcha la &#8220;Campa\u00f1a Prevenci\u00f3n de Inundaciones&#8221; para actualizar y recordar los procedimientos de actuaci\u00f3n que deben aplicar las Administraciones P\u00fablicas con competencias y responsabilidad en la materia ante estas situaciones.<\/p>\n\n\n\n<p>Asimismo, la Generalitat ha activado una campa\u00f1a de sensibilizaci\u00f3n y de formaci\u00f3n en los centros educativos no universitarios en materia de prevenci\u00f3n en emergencias, porque es importante que a la infancia y a los adolescentes se les forme en la materia de prevenci\u00f3n. Esto incluye cursos de formaci\u00f3n en emergencias dirigido al profesorado de la Conselleria de Educaci\u00f3n con el objetivo de facilitar la implantaci\u00f3n del nuevo Plan de Formaci\u00f3n ante Emergencias de Protecci\u00f3n Civil en los centros educativos no universitarios.<\/p>\n\n\n\n<p>A su vez, la Generalitat implantar\u00e1 el llamado <em>gemelo digital<\/em>, una herramienta para simular escenarios de riesgo ante posibles fen\u00f3menos clim\u00e1ticos extremos que permita mejorar la gesti\u00f3n de las emergencias, la planificaci\u00f3n preventiva y la anticipaci\u00f3n ante desastres naturales.&nbsp;<\/p>\n\n\n\n<p>El Gobierno valenciano tambi\u00e9n ha encargado a la Red de Universidades Valencianas la definici\u00f3n de un marco estrat\u00e9gico para anticipar, prevenir y responder eficazmente a desastres naturales y emergencias sanitarias. Y gracias a un acuerdo con la Associaci\u00f3 Valenciana de Meteorologia (Avamet), la Generalitat recibir\u00e1 datos en tiempo real procedentes de la red de estaciones de medici\u00f3n para desarrollar modelos predictivos sobre fen\u00f3menos meteorol\u00f3gicos adversos y para realizar un seguimiento del impacto de la meteorolog\u00eda en cualquier tipo de emergencia.<\/p>\n\n\n\n<p>Por \u00faltimo, hay que indicar que las grandes obras estructurales e hidr\u00e1ulicas que previenen los efectos de las riadas son competencia del Gobierno de Espa\u00f1a. El encauzamiento de los barrancos del Poyo y de La Saleta hacia el r\u00edo Turia y la construcci\u00f3n de presas en Cheste y Vilamarxant que laminen el agua de lluvia corresponden ejecutarlas al Gobierno central. Lo mismo con el Sistema de Ayuda a la Decisi\u00f3n, un dispositivo de alerta temprana que resulta clave para minimizar y anticiparse a los riesgos de las inundaciones. El Gobierno inform\u00f3 en noviembre de 2024 que iba a licitar el proyecto y en la actualidad seguimos sin el citado sistema, el \u00fanico que seg\u00fan el propio Gobierno, \u201csalva vidas\u201d. La Confederaci\u00f3n del Ebro s\u00ed dispone de este sistema (cuyo coste supone una inversi\u00f3n de menos de medio mill\u00f3n de euros), mientras que la Confederaci\u00f3n del J\u00facar sigue sin contar con su instalaci\u00f3n, pese a gastarse m\u00e1s de 6 millones de euros en reformas de su sede en Valencia<\/p>\n\n\n\n<p><strong>Principales actuaciones por \u00e1reas<\/strong><\/p>\n\n\n\n<p><strong>Infraestructuras y territorio<\/strong>:<\/p>\n\n\n\n<ul class=\"wp-block-list\">\n<li>Movilizados m\u00e1s de 600 millones de euros para actuar con rapidez y eficacia en la reconstrucci\u00f3n de infraestructuras y territorio, abarcando carreteras, transporte p\u00fablico, depuraci\u00f3n de aguas, gesti\u00f3n de residuos y recuperaci\u00f3n del entorno natural.<\/li>\n<\/ul>\n\n\n\n<ul class=\"wp-block-list\">\n<li>Infraestructuras viarias: Se han reparado 47,3 km de carreteras auton\u00f3micas, con 18 de las 18 v\u00edas ya operativas. En agosto toda la red de carreteras de la Generalitat Valenciana qued\u00f3 operativa y ahora se est\u00e1 ayudando a los municipios rehabilitando 54 infraestructuras locales.&nbsp;<\/li>\n<\/ul>\n\n\n\n<ul class=\"wp-block-list\">\n<li>Transporte p\u00fablico: Se ha recuperado totalmente la red de Metrovalencia en tiempo r\u00e9cord, con una inversi\u00f3n de 140 millones de euros. La reapertura ha incluido la reconstrucci\u00f3n de v\u00edas, estaciones y puentes.<\/li>\n<\/ul>\n\n\n\n<ul class=\"wp-block-list\">\n<li>Depuraci\u00f3n y saneamiento: De las 123 depuradoras afectadas, el 100% ya est\u00e1n restauradas, con una inversi\u00f3n cercana a los 100 millones de euros.<\/li>\n<\/ul>\n\n\n\n<ul class=\"wp-block-list\">\n<li>Infraestructuras forestales: Se est\u00e1n reparando 2.755 km de pistas forestales, con un presupuesto de 93 millones de euros, recuperando accesos prioritarios y dep\u00f3sitos de agua.<\/li>\n<\/ul>\n\n\n\n<ul class=\"wp-block-list\">\n<li>Gesti\u00f3n de residuos: Se han gestionado un mill\u00f3n toneladas de residuos, con una inversi\u00f3n de 204 millones de euros y cerrado los grandes puntos de tratamiento. Ahora, se contin\u00faa ayudando a los ayuntamientos retirando escombros de la reconstrucci\u00f3n.<\/li>\n<\/ul>\n\n\n\n<ul class=\"wp-block-list\">\n<li>Plan especial para recuperar L\u2019Albufera dotado con 20 millones.<\/li>\n<\/ul>\n\n\n\n<p><strong>Sanidad<\/strong>:<\/p>\n\n\n\n<ul class=\"wp-block-list\">\n<li>Atenci\u00f3n y centros sanitarios.<\/li>\n\n\n\n<li>M\u00e1s de 102 millones para reparaci\u00f3n y adaptaci\u00f3n de centros sanitarias. Los 57 centros de salud afectados por la&nbsp; DANA han podido recuperar su actividad<\/li>\n<\/ul>\n\n\n\n<ul class=\"wp-block-list\">\n<li>L\u00ednea de ayudas para gastos farmac\u00e9uticos y rehabilitaci\u00f3n. 421 farmacias reabiertas; 511.000 recetas emitidas para sustituir medicamentos da\u00f1ados.<\/li>\n<\/ul>\n\n\n\n<ul class=\"wp-block-list\">\n<li>Atenci\u00f3n a dudas farmacol\u00f3gicas y entrega domiciliaria de medicaci\u00f3n a&nbsp; pacientes cr\u00f3nicos.<\/li>\n<\/ul>\n\n\n\n<ul class=\"wp-block-list\">\n<li>Nuevo sistema de seguimiento telef\u00f3nico a casi 6.000 pacientes cr\u00f3nicos vulnerables.<\/li>\n<\/ul>\n\n\n\n<ul class=\"wp-block-list\">\n<li>Salud Mental<\/li>\n<\/ul>\n\n\n\n<ul class=\"wp-block-list\">\n<li>Atenci\u00f3n a m\u00e1s de 1.200 personas con 80 profesionales en 17 equipos distribuidos en 9 municipios.<\/li>\n<\/ul>\n\n\n\n<ul class=\"wp-block-list\">\n<li>Centro temporal salud mental en Feria Valencia.<\/li>\n<\/ul>\n\n\n\n<ul class=\"wp-block-list\">\n<li>20 psic\u00f3logos incorporados a centros educativos<\/li>\n<\/ul>\n\n\n\n<ul class=\"wp-block-list\">\n<li>Salud P\u00fablica<\/li>\n<\/ul>\n\n\n\n<ul class=\"wp-block-list\">\n<li>Protocolo activo de vigilancia epidemiol\u00f3gica y env\u00edo de cerca de 30 millones de SMS con recomendaciones de salud p\u00fablica.<\/li>\n<\/ul>\n\n\n\n<ul class=\"wp-block-list\">\n<li>Refuerzo con 11 equipos sanitarios para campa\u00f1as de vacunaci\u00f3n de gripe y COVID en zonas afectadas.<\/li>\n<\/ul>\n\n\n\n<ul class=\"wp-block-list\">\n<li>Retirada y destrucci\u00f3n de casi 7.000 toneladas de alimentos no aptos, con inversi\u00f3n cercana a 790.000 \u20ac.<\/li>\n<\/ul>\n\n\n\n<p><strong>Servicios Sociales<\/strong>:<\/p>\n\n\n\n<ul class=\"wp-block-list\">\n<li>Distribuci\u00f3n de 250.000 men\u00fas calientes y 25.000 toneladas de productos b\u00e1sicos en el inicio de la emergencia.<\/li>\n\n\n\n<li>M\u00e1s de 22.000 voluntarios coordinados en 23 puntos de reparto, con atenci\u00f3n prioritaria a personas mayores y dependientes.<\/li>\n<\/ul>\n\n\n\n<ul class=\"wp-block-list\">\n<li>Plan de Apoyo Social en 14 municipios con equipos itinerantes del IVASS y refuerzo a los servicios sociales locales.<\/li>\n<\/ul>\n\n\n\n<ul class=\"wp-block-list\">\n<li>Protecci\u00f3n a personas vulnerables: 572 ingresos urgentes en residencias, prioridad en tr\u00e1mites de dependencia, Renta Valenciana de Inclusi\u00f3n y discapacidad, y casi 2 millones de llamadas de teleasistencia.<\/li>\n<\/ul>\n\n\n\n<ul class=\"wp-block-list\">\n<li>M\u00e1s de 180 personas de especial vulnerabilidad atendidos en centro temporal de emergencia.<\/li>\n<\/ul>\n\n\n\n<ul class=\"wp-block-list\">\n<li>Nuevas ayudas a familias acogedoras, numerosas y monoparentales, y subvenciones para adaptaci\u00f3n de veh\u00edculos a personas con discapacidad.<\/li>\n<\/ul>\n\n\n\n<ul class=\"wp-block-list\">\n<li>126 residencias y centros sociales afectados por la riada. Reparaci\u00f3n de todos los centros p\u00fablicos.<\/li>\n<\/ul>\n\n\n\n<ul class=\"wp-block-list\">\n<li>Mantenimiento de las oficinas de atenci\u00f3n a v\u00edctimas y servicios 24 h de los Centros Mujer, con refuerzo de la atenci\u00f3n psicol\u00f3gica.<\/li>\n<\/ul>\n\n\n\n<ul class=\"wp-block-list\">\n<li>Presupuesto 2025: 141,5 M\u20ac para recuperaci\u00f3n social, con partidas espec\u00edficas para familias vulnerables, salud mental infantil y desarrollo local.<\/li>\n<\/ul>\n\n\n\n<p><br><strong>Vivienda<\/strong>:<\/p>\n\n\n\n<ul class=\"wp-block-list\">\n<li>M\u00e1s de 300 personas realojadas en viviendas del parque p\u00fablico y 261 hogares sociales ofrecidos en coordinaci\u00f3n con los ayuntamientos.<\/li>\n<\/ul>\n\n\n\n<ul class=\"wp-block-list\">\n<li>1.300 familias beneficiarias de ayudas al alquiler y nueva l\u00ednea para compra de vivienda protegida.<\/li>\n<\/ul>\n\n\n\n<ul class=\"wp-block-list\">\n<li>Plan de Vivienda DANA (2024\u20132027): 91,6 M\u20ac, con 200 viviendas industrializadas del Plan VIVE especial DANA (primeras en Albal y Torrent).<\/li>\n<\/ul>\n\n\n\n<ul class=\"wp-block-list\">\n<li>11.000 inspecciones t\u00e9cnicas con ayuda de 700.000 \u20ac para demoliciones y 700.000 \u20ac destinados a revisi\u00f3n de s\u00f3tanos y estructuras.<\/li>\n<\/ul>\n\n\n\n<ul class=\"wp-block-list\">\n<li>Contratos de emergencia por 23,4 M\u20ac para reparaci\u00f3n de vivienda p\u00fablica, centros sociales y restablecimiento de suministros b\u00e1sicos.<\/li>\n<\/ul>\n\n\n\n<p><strong>Educaci\u00f3n<\/strong>:<\/p>\n\n\n\n<ul class=\"wp-block-list\">\n<li>Reposici\u00f3n de infraestructuras educativas con una inversi\u00f3n total superior a 140 millones de euros, asumida \u00edntegramente por la Generalitat. Incluye la reconstrucci\u00f3n integral de 8 centros, la reparaci\u00f3n de m\u00e1s de 100 y la instalaci\u00f3n de aulas<strong> prefabricadas<\/strong> en los que est\u00e1n pendientes de reposici\u00f3n.<\/li>\n<\/ul>\n\n\n\n<ul class=\"wp-block-list\">\n<li>Garant\u00eda de continuidad educativa<strong>:<\/strong> m\u00e1s de 48.000 alumnos retomaron las clases antes de Navidad.<\/li>\n<\/ul>\n\n\n\n<ul class=\"wp-block-list\">\n<li>Todos los alumnos han comenzado el curso 25\/26 en sus municipios. Todos los centros afectados est\u00e1n ya rehabilitados, a excepci\u00f3n de aquellos que deben ser repuestos integralmente o requieren una reparaci\u00f3n muy amplia, en este caso, el alumnado ha iniciado las clases en aulas prefabricadas.<\/li>\n<\/ul>\n\n\n\n<ul class=\"wp-block-list\">\n<li>Contratos de emergencia para transporte escolar, limpieza, equipamiento y comedor gratuito a todo el alumnado desplazado.<\/li>\n<\/ul>\n\n\n\n<ul class=\"wp-block-list\">\n<li>Apoyo a familias y alumnado<strong>:<\/strong> reposici\u00f3n gratuita del Banco de Libros y ayudas espec\u00edficas para alumnado vulnerable y de centros concertados.<\/li>\n<\/ul>\n\n\n\n<ul class=\"wp-block-list\">\n<li>Apoyo emocional y atenci\u00f3n al profesorado<strong>:<\/strong> refuerzo con 20 psic\u00f3logos en centroseducativos y formaci\u00f3n a 10.000 docentes en acompa\u00f1amiento emocional.<\/li>\n<\/ul>\n\n\n\n<ul class=\"wp-block-list\">\n<li>Mantenimiento de unidades y profesorado en los centros afectados y refuerzo con docentes adicionales en los realojados.<\/li>\n<\/ul>\n\n\n\n<ul class=\"wp-block-list\">\n<li>Nuevas l\u00edneas de ayudas<strong>:<\/strong> becas extraordinarias para estudiantes universitarios afectados, y apoyo a centros de educaci\u00f3n especial y de Formaci\u00f3n Profesional que colaboran en tareas de reconstrucci\u00f3n.<\/li>\n<\/ul>\n\n\n\n<ul class=\"wp-block-list\">\n<li>Fondo adicional de 2,2 millones de euros para centros p\u00fablicos de las zonas afectadas, destinado a reponer bibliotecas, material did\u00e1ctico y proyectos de innovaci\u00f3n educativa (BiblioInnova\u2019t y PIIE).<\/li>\n<\/ul>\n\n\n\n<p><strong>Cultura<\/strong>:<\/p>\n\n\n\n<ul class=\"wp-block-list\">\n<li>La riada da\u00f1\u00f3 los edificios culturales, el patrimonio, los archivos y las bibliotecas: la muralla de Cullera, el Castillo de Bu\u00f1ol, la cueva rupestre del Barranco Grande en Chiva, documentos hist\u00f3ricos de Sedav\u00ed\u2026<\/li>\n<\/ul>\n\n\n\n<ul class=\"wp-block-list\">\n<li>La Generalitat activ\u00f3 un plan espec\u00edfico que evalu\u00f3 los da\u00f1os, prioriz\u00f3 las intervenciones y coordin\u00f3 la supervisi\u00f3n de la reparaci\u00f3n de los Bienes culturales inmuebles.&nbsp;<\/li>\n<\/ul>\n\n\n\n<ul class=\"wp-block-list\">\n<li>En la reconstrucci\u00f3n de los bienes muebles el Institut Valenci\u00e1 de Conservaci\u00f3, Restauraci\u00f3 i Investigaci\u00f3 ha participado activamente con una labor minuciosa para limpiar y secar los bienes mojados de los archivos hist\u00f3ricos municipales.&nbsp;<\/li>\n<\/ul>\n\n\n\n<ul class=\"wp-block-list\">\n<li>Asimismo, tambi\u00e9n se va a destinar un mill\u00f3n de euros para librer\u00edas afectadas, centrales de distribuci\u00f3n de libros, y ayudas a archivos y bibliotecas municipales que fueron afectadas por la riada.<\/li>\n<\/ul>\n\n\n\n<p><strong>Empleo<\/strong>:<\/p>\n\n\n\n<ul class=\"wp-block-list\">\n<li>Ayudas directas: dos convocatorias. La segunda puesta en marcha hace unas semanas, sin tr\u00e1mites y con pagos autom\u00e1ticos para aut\u00f3nomos y trabajadores en ERTE.<\/li>\n<\/ul>\n\n\n\n<ul class=\"wp-block-list\">\n<li>Aut\u00f3nomos sin plantillade trabajadores: 3.000 \u20ac por beneficiario, 18.387 aut\u00f3nomos en la primera; &gt;55 M\u20ac por convocatoria y &gt;110 M\u20ac en total (segunda con pagos muy avanzados, a completar en pocos d\u00edas).<\/li>\n<\/ul>\n\n\n\n<ul class=\"wp-block-list\">\n<li>Trabajadores en ERTE por la DANA: 360 \u20ac por persona, dos convocatorias id\u00e9nticas (pagos muy avanzados).<\/li>\n<\/ul>\n\n\n\n<ul class=\"wp-block-list\">\n<li>Recuperaci\u00f3n de servicios de Labora: todos los puntos de atenci\u00f3n restablecidos y tres Espai Labora en reconstrucci\u00f3n, con una inversi\u00f3n de 1,9 millones de euros.<\/li>\n<\/ul>\n\n\n\n<ul class=\"wp-block-list\">\n<li>Formaci\u00f3n para la reconstrucci\u00f3n: programa expr\u00e9s con Femeval y la Fundaci\u00f3n Laboral de la Construcci\u00f3n, con 68 cursos gratuitos y casi 800 participantes, enfocado a oficios demandados en la reconstrucci\u00f3n.<\/li>\n<\/ul>\n\n\n\n<ul class=\"wp-block-list\">\n<li>Nuevo programa mixto de empleo y formaci\u00f3n, en tramitaci\u00f3n, dirigido espec\u00edficamente a las zonas afectadas para impulsar la inserci\u00f3n laboral en sectores vinculados a la recuperaci\u00f3n.<\/li>\n<\/ul>\n\n\n\n<p><strong>Hacienda<\/strong>:<\/p>\n\n\n\n<ul class=\"wp-block-list\">\n<li>Gesti\u00f3n econ\u00f3mica y financiera: decretos para agilizar la respuesta ante la emergencia, con contrataci\u00f3n urgente, homologaci\u00f3n de personal, gesti\u00f3n de donaciones y medidas excepcionales de apoyo a los afectados.<\/li>\n<\/ul>\n\n\n\n<p>Medidas fiscales extraordinarias:<\/p>\n\n\n\n<ul class=\"wp-block-list\">\n<li>Deducci\u00f3n del 100 % en el IRPF por gastos de reparaci\u00f3n en la vivienda habitual y del 45 % por inversiones en empresas de la zona afectada.<\/li>\n<\/ul>\n\n\n\n<ul class=\"wp-block-list\">\n<li>Bonificaciones y exenciones fiscales: 50 % en herencias, 100 % en donaciones destinadas a reparar da\u00f1os, exenci\u00f3n total en transmisiones, actos jur\u00eddicos y canon de saneamiento en los municipios afectados.<\/li>\n<\/ul>\n\n\n\n<ul class=\"wp-block-list\">\n<li>Bonificaci\u00f3n del 100 % en el ITP y AJD para la adquisici\u00f3n de veh\u00edculos que sustituyen a los siniestrados y para viviendas derruidas o demolidas por la DANA.<\/li>\n<\/ul>\n\n\n\n<p>Ayudas directas y financiaci\u00f3n sin intereses:<\/p>\n\n\n\n<ul class=\"wp-block-list\">\n<li>L\u00edneas del IVF (200 M\u20ac) y Af\u00edn SGR (150 M\u20ac) con pr\u00e9stamos bonificados al 0 % y amplios periodos de carencia.<\/li>\n<\/ul>\n\n\n\n<p>&nbsp;Ayudas a veh\u00edculos siniestrados:<\/p>\n\n\n\n<ul class=\"wp-block-list\">\n<li>Ayudas sin condicionantes ni tr\u00e1mites. Con m\u00e1s de 85.000 beneficiarios.<\/li>\n<\/ul>\n\n\n\n<p><strong>Industria, Comercio y Turismo<\/strong>:<\/p>\n\n\n\n<ul class=\"wp-block-list\">\n<li>Apoyo inmediato a empresas afectadas: 8.166 solicitudes atendidas y 76 M\u20ac abonados en tiempo r\u00e9cord a trav\u00e9s de los programas INDANA (industria) y CODANA (comercio, servicios y hosteler\u00eda).<\/li>\n<\/ul>\n\n\n\n<ul class=\"wp-block-list\">\n<li>Plan Ara Empreses (IVACE+i): inversi\u00f3n de 127,4 M\u20ac en ayudas a pymes industriales, comercios y hosteler\u00eda, con subvenciones de hasta 100.000 \u20ac (industria) y 50.000 \u20ac (comercio y hosteler\u00eda).&nbsp;<\/li>\n<\/ul>\n\n\n\n<p>Reactivaci\u00f3n del tejido productivo:<\/p>\n\n\n\n<ul class=\"wp-block-list\">\n<li>L\u00edneas de internacionalizaci\u00f3n (10 M\u20ac) y emprendimiento (5 M\u20ac) para recuperar la capacidad exportadora y crear empleo en las zonas afectadas.<\/li>\n<\/ul>\n\n\n\n<p>Infraestructuras industriales<strong>:<\/strong>&nbsp;<\/p>\n\n\n\n<ul class=\"wp-block-list\">\n<li>limpieza y recuperaci\u00f3n de 40 \u00e1reas empresariales con 6,5 M\u20ac; restablecidas redes el\u00e9ctricas y de saneamiento (800.000 \u20ac), revisi\u00f3n de instalaciones el\u00e9ctricas (817.000 \u20ac) y colaboraci\u00f3n con Iberdrola para reactivar 14.638 hogares.<\/li>\n<\/ul>\n\n\n\n<ul class=\"wp-block-list\">\n<li>Transporte y servicios a empresas: autobuses gratuitos para trabajadores (9.708 desplazamientos) y despliegue de 24 agentes empresariales de proximidad en 50 \u00e1reas industriales.<\/li>\n<\/ul>\n\n\n\n<p>Apoyo al comercio y la hosteler\u00eda<strong>:<\/strong>&nbsp;<\/p>\n\n\n\n<ul class=\"wp-block-list\">\n<li>tres l\u00edneas de ayudas por 21 M\u20ac (reactivaci\u00f3n, digitalizaci\u00f3n y mejora de infraestructuras) y programa Bono Hosteler\u00eda (3,9 M\u20ac) para incentivar el consumo local.<\/li>\n\n\n\n<li>Turismo: el bono \u201cRecuperem Turisme\u201d se ampl\u00eda hasta 10 M\u20ac tras su \u00e9xito, con 28.737 bonos concedidos (9,9 M\u20ac) y casi 100.000 personas en lista de espera.<\/li>\n<\/ul>\n\n\n\n<ul class=\"wp-block-list\">\n<li>Innovaci\u00f3n y energ\u00eda: ayudas por 10 M\u20ac en proyectos de competencias digitales, materiales innovadores y soluciones tecnol\u00f3gicas frente a cat\u00e1strofes. Adem\u00e1s, 2 M\u20ac para sostenibilidad energ\u00e9tica y asesoramiento a empresas en eficiencia renovable.<\/li>\n<\/ul>\n\n\n\n<p><strong>Agricultura, Agua, Ganader\u00eda y Pesca<\/strong>:<\/p>\n\n\n\n<ul class=\"wp-block-list\">\n<li>Recuperaci\u00f3n del sector primario: movilizados 92,6 M\u20ac para la recuperaci\u00f3n de explotaciones agr\u00edcolas y ganaderas afectadas.<\/li>\n<\/ul>\n\n\n\n<p>&nbsp;Infraestructuras rurales y de riego:<\/p>\n\n\n\n<ul class=\"wp-block-list\">\n<li>21,4 M\u20ac en contratos de emergencia para reparar 398 caminos rurales en 51 municipios (270 ya finalizados).<\/li>\n<\/ul>\n\n\n\n<ul class=\"wp-block-list\">\n<li>9,5 M\u20ac para la reparaci\u00f3n de infraestructuras de regad\u00edo, beneficiando a 154 comunidades de regantes con ayudas del 100 % del gasto justificado.<\/li>\n<\/ul>\n\n\n\n<p>Apoyo a la producci\u00f3n agr\u00edcola y ganadera:<\/p>\n\n\n\n<ul class=\"wp-block-list\">\n<li>5,3 M\u20ac para viveros de planta ornamental, cultivos hort\u00edcolas y herb\u00e1ceos (500 agricultores, 1.500 ha).<\/li>\n\n\n\n<li>3,5 M\u20ac para la restituci\u00f3n de animales y maquinaria ganadera.<\/li>\n\n\n\n<li>1 M\u20ac para tratamientos fitosanitarios contra la gomosis de los c\u00edtricos, que permitir\u00e1 salvar hasta 12 millones de \u00e1rboles.<\/li>\n\n\n\n<li>10 M\u20ac en ayudas a industrias y cooperativas agroalimentarias.<\/li>\n<\/ul>\n\n\n\n<p>Apoyo urgente a ganaderos: retirada de 11.000 animales muertos, distribuci\u00f3n de 75.760 kg de paja, 29.930 kg de pienso y 1,2 millones de litros de agua a explotaciones afectadas.<\/p>\n\n\n\n<p>Adelanto de ayudas europeas: anticipados 5 M\u20ac de la PAC a arroceros y 0,3 M\u20ac a zonas con limitaciones naturales.<\/p>\n\n\n\n<p>Investigaci\u00f3n agraria: el IVIA desarrolla un plan de recuperaci\u00f3n de suelos agr\u00edcolas da\u00f1ados, con una inversi\u00f3n de 395.000 \u20ac.<\/p>\n\n\n\n<p>&nbsp;Gesti\u00f3n del agua y prevenci\u00f3n:<\/p>\n\n\n\n<ul class=\"wp-block-list\">\n<li>Presentado al Ministerio un Plan contra avenidas con una inversi\u00f3n prevista de 2.390 M\u20ac en cinco a\u00f1os.<\/li>\n\n\n\n<li>4,8 M\u20ac en obras de emergencia en la presa de Buseo, con un plazo de ejecuci\u00f3n de 12 meses.<\/li>\n<\/ul>\n\n\n\n<p><strong>Justicia y Administraci\u00f3n P\u00fablica<\/strong>:<\/p>\n\n\n\n<ul class=\"wp-block-list\">\n<li>Los servicios p\u00fablicos y la atenci\u00f3n a los ciudadanos deb\u00edan continuar. La administraci\u00f3n auton\u00f3mica se desplaz\u00f3 a las zonas afectadas. Se instalaron 13 oficinas de coordinaci\u00f3n de postemergencia para que los ciudadanos pudieran realizar sus gestiones administrativas, se expidieron 24.000 certificados digitales para la tramitaci\u00f3n de gestiones sin la necesidad de la presencia f\u00edsica, oficinas PROP de la Generalitat para asesoramiento administrativo y oficinas de ayudas a v\u00edctimas al Delito sirvieron para asesorar jur\u00eddicamente, de forma gratuita, a todas las personas que lo requer\u00edan.<\/li>\n<\/ul>\n\n\n\n<ul class=\"wp-block-list\">\n<li>Adem\u00e1s, se realizaron obras de emergencia por valor de 2,5 M\u20ac en las sedes judiciales de los partidos Judiciales de municipios afectados por la riada. La Generalitat ha ofrecido asesoramiento jur\u00eddico gratuito a todas las personas afectadas y para ello se ha contado con el refuerzo de 41 profesionales de la abogac\u00eda de los Ilustres Colegios de la Abogac\u00eda de Alzira, Sueca y Valencia, en coordinaci\u00f3n con el Consejo Valenciano de Colegios de la Abogac\u00eda<\/li>\n<\/ul>\n","protected":false},"excerpt":{"rendered":"<div class=\"mh-excerpt\">\u00c9s el major esfor\u00e7 pressupostari realitzat per una comunitat aut\u00f2noma a Espanya en tota la hist\u00f2ria per a afrontar les conseq\u00fc\u00e8ncies d&#8217;una cat\u00e0strofe natural sense precedents. La reconstrucci\u00f3 s&#8217;ha enfocat cap a tots els \u00e0mbits, <a class=\"mh-excerpt-more\" href=\"https:\/\/www.tucomarca.com\/wordpress\/segunda\/ca\/la-generalitat-mobilitza-mes-de-2-500-milions-deuros-per-a-garantir-la-reconstruccio-de-les-poblacions-valencianes-afectades-per-la-riuada-del-29-0\/\" title=\"La Generalitat mobilitza m\u00e9s de 2.500 milions d&#8217;euros per a garantir la reconstrucci\u00f3 de les poblacions valencianes afectades per la riuada del 29-0\">[+] <\/a><\/div>\n","protected":false},"author":1,"featured_media":250084,"comment_status":"open","ping_status":"open","sticky":false,"template":"","format":"standard","meta":{"footnotes":""},"categories":[21466,10898,10904,10912,10902,10909,10896],"tags":[10899,18807,15409,11498,10914,11077,10910],"class_list":{"0":"post-283437","1":"post","2":"type-post","3":"status-publish","4":"format-standard","5":"has-post-thumbnail","7":"category-dana-ca","8":"category-ventana-ca","9":"category-sin-categorizar-ca","10":"category-la-hoya-ca","11":"category-la-ribera-ca","12":"category-requena-utiel-ca","13":"category-seccion-ca","14":"tag-camp-de-turia-ca","15":"tag-carlos-mazon-ca","16":"tag-dana-2-ca","17":"tag-generalitat-valenciana-ca","18":"tag-la-hoya-de-bunol-chiva-ca","19":"tag-la-ribera-alta-ca","20":"tag-requena-utiel-ca"},"_links":{"self":[{"href":"https:\/\/www.tucomarca.com\/wordpress\/segunda\/ca\/wp-json\/wp\/v2\/posts\/283437","targetHints":{"allow":["GET"]}}],"collection":[{"href":"https:\/\/www.tucomarca.com\/wordpress\/segunda\/ca\/wp-json\/wp\/v2\/posts"}],"about":[{"href":"https:\/\/www.tucomarca.com\/wordpress\/segunda\/ca\/wp-json\/wp\/v2\/types\/post"}],"author":[{"embeddable":true,"href":"https:\/\/www.tucomarca.com\/wordpress\/segunda\/ca\/wp-json\/wp\/v2\/users\/1"}],"replies":[{"embeddable":true,"href":"https:\/\/www.tucomarca.com\/wordpress\/segunda\/ca\/wp-json\/wp\/v2\/comments?post=283437"}],"version-history":[{"count":0,"href":"https:\/\/www.tucomarca.com\/wordpress\/segunda\/ca\/wp-json\/wp\/v2\/posts\/283437\/revisions"}],"wp:featuredmedia":[{"embeddable":true,"href":"https:\/\/www.tucomarca.com\/wordpress\/segunda\/ca\/wp-json\/wp\/v2\/media\/250084"}],"wp:attachment":[{"href":"https:\/\/www.tucomarca.com\/wordpress\/segunda\/ca\/wp-json\/wp\/v2\/media?parent=283437"}],"wp:term":[{"taxonomy":"category","embeddable":true,"href":"https:\/\/www.tucomarca.com\/wordpress\/segunda\/ca\/wp-json\/wp\/v2\/categories?post=283437"},{"taxonomy":"post_tag","embeddable":true,"href":"https:\/\/www.tucomarca.com\/wordpress\/segunda\/ca\/wp-json\/wp\/v2\/tags?post=283437"}],"curies":[{"name":"wp","href":"https:\/\/api.w.org\/{rel}","templated":true}]}}