{"id":283496,"date":"2025-10-26T17:00:00","date_gmt":"2025-10-26T15:00:00","guid":{"rendered":"https:\/\/www.tucomarca.com\/wordpress\/segunda\/?p=283496"},"modified":"2025-10-27T14:13:35","modified_gmt":"2025-10-27T12:13:35","slug":"la-diputacio-de-valencia-restablix-la-connexio-directa-entre-xest-i-lautovia-a-3","status":"publish","type":"post","link":"https:\/\/www.tucomarca.com\/wordpress\/segunda\/ca\/la-diputacio-de-valencia-restablix-la-connexio-directa-entre-xest-i-lautovia-a-3\/","title":{"rendered":"La Diputaci\u00f3 de Val\u00e8ncia restablix la connexi\u00f3 directa entre Xest i l&#8217;autovia A-3"},"content":{"rendered":"\n<h3 class=\"wp-block-heading\">La diputada de Carreteres, Reme Mazzolari i l&#8217;alcalde de Xest, Jos\u00e9 Morell, assistixen a l&#8217;obertura operativa del denominat &#8216;Pont de la Mem\u00f2ria&#8217; a falta de culminar l&#8217;obra a l&#8217;entorn del barranc de Poyo<\/h3>\n\n\n\n<p>Les zones urbana i industrial de Xest estan ja connectades amb l&#8217;autovia A-3 a trav\u00e9s del pont d&#8217;acc\u00e9s al municipi per la CV-378, el qual ha sigut denominat per la Diputaci\u00f3 de Val\u00e8ncia com &#8216;Pont de la Mem\u00f2ria&#8217; com a s\u00edmbol de la recuperaci\u00f3 de la xarxa provincial de carreteres despr\u00e9s de la dana del 29 d&#8217;octubre de 2024.<\/p>\n\n\n\n<p>La diputada de Carreteres, Reme Mazzolari, ha assistit este mat\u00ed, junt a l&#8217;alcalde Jos\u00e9 Morell, a la posada en servici d&#8217;esta infraestructura &#8220;que \u00e9s vital per a la mobilitat tant per als ve\u00efns i ve\u00efnes de Xest com per a l&#8217;acc\u00e9s a la seua zona industrial i a l&#8217;entorn del complex educatiu&#8221;, ha indicat la tamb\u00e9 vicepresidenta segona de la Diputaci\u00f3.<\/p>\n\n\n\n<p>&#8220;Per aix\u00f2 -continua Mazzolari- l&#8217;hem posat en servici tan prompte com els responsables de l&#8217;obra ens han comunicat que es podia obrir al tr\u00e0nsit, encara que els treballs en la zona del llit on s&#8217;assenta el pont continuaran algunes setmanes m\u00e9s&#8221;.<\/p>\n\n\n\n<p>L&#8217;obertura s&#8217;ha dut a terme baix una intensa pluja: &#8220;ens hauria encantat que el temps haguera facilitat una major participaci\u00f3 dels ve\u00efns de Xest, que a m\u00e9s hui celebrem el Dia de la Flor; per\u00f2 tractant-se d&#8217;una infraestructura tan important per al municipi, no ens ha cabut cap dubte que la prioritat havia de ser obrir-ho al tr\u00e0nsit en el moment que complira tots els requisits de seguretat per a fer-lo&#8221;, ha concl\u00f2s Reme Mazzolari.\u00a0<\/p>\n\n\n\n<p>Per part seua, l&#8217;alcalde Jos\u00e9 Morell, s&#8217;ha mostrat &#8220;feli\u00e7 i satisfet perqu\u00e8 els danys sobre este pont han sigut sens dubte els que m\u00e9s han alterat la normalitat en el nostre municipi despr\u00e9s de la dana de fa ara un any&#8221;, i ha recordat que &#8220;el terme municipal de Cheste va patir el col\u00b7lapse de nou ponts a conseq\u00fc\u00e8ncia de les avingudes d&#8217;aigua, per la qual cosa la recuperaci\u00f3 d&#8217;este, que era el m\u00e9s important, suposa una injecci\u00f3 d&#8217;optimisme perqu\u00e8 per a nosaltres significa tancar un cicle per a abordar una fase diferent de la recuperaci\u00f3&#8221;.<\/p>\n\n\n\n<p>L&#8217;alcalde ha incidit en qu\u00e8 &#8220;el restabliment del tr\u00e0nsit era essencial per als nostres ve\u00efns, que havien d&#8217;envoltar diversos quil\u00f2metres per a entrar o eixir del municipi, i ara ho faran recorrent a penes 300 metres&#8221; i ha recordat que &#8220;tindr\u00e0 tamb\u00e9 un impacte molt positiu tant per a l&#8217;empreses allotjades en el pol\u00edgon industrial com per a la mobilitat que genera el complexe educatiu ubicat en la zona m\u00e8s pr\u00f2xima a l&#8217;autovia&#8221;.<\/p>\n\n\n\n<p>La nova infraestructura, la qual ha sigut reconstru\u00efda integralment per la instituci\u00f3 provincial, rebr\u00e0 el nom de &#8220;Pont de la Mem\u00f2ria&#8221; com a s\u00edmbol de la recuperaci\u00f3 de la xarxa provincial de Carreteres despr\u00e9s de la DANA del 29 d&#8217;octubre de 2024.<\/p>\n\n\n\n<figure class=\"wp-block-image size-large\"><img loading=\"lazy\" decoding=\"async\" width=\"1024\" height=\"691\" src=\"http:\/\/www.tucomarca.com\/wordpress\/segunda\/wp-content\/uploads\/2025\/10\/DipuPuenteMemoria-1024x691.jpg\" alt=\"\" class=\"wp-image-283516\" srcset=\"https:\/\/www.tucomarca.com\/wordpress\/segunda\/wp-content\/uploads\/2025\/10\/DipuPuenteMemoria-1024x691.jpg 1024w, https:\/\/www.tucomarca.com\/wordpress\/segunda\/wp-content\/uploads\/2025\/10\/DipuPuenteMemoria-300x202.jpg 300w, https:\/\/www.tucomarca.com\/wordpress\/segunda\/wp-content\/uploads\/2025\/10\/DipuPuenteMemoria-768x518.jpg 768w, https:\/\/www.tucomarca.com\/wordpress\/segunda\/wp-content\/uploads\/2025\/10\/DipuPuenteMemoria.jpg 1181w\" sizes=\"auto, (max-width: 1024px) 100vw, 1024px\" \/><\/figure>\n\n\n\n<p><strong>Reconstrucci\u00f3 integral<\/strong><\/p>\n\n\n\n<p>La dana del passat any va produir profunds danys en dos punts clau de la CV-378, separats entre ells per 500 metres, en el terme municipal de Xest: el pont del Barranquet i el ja denominat Pont de la Mem\u00f2ria, que ha obert hui.<\/p>\n\n\n\n<p>Les primeres inspeccions del personal t\u00e8cnic de l&#8217;\u00e0rea provincial de Carreteres, a penes hores despr\u00e9s de les pluges, feien pensar que el pont es podria reparar; per\u00f2 els posteriors informes dels enginyers van concloure que les fonamentacions i els formigons estaven molt deteriorats, per la qual cosa va decidir demolir i reconstruir per complet l&#8217;estructura, duplicant la inversi\u00f3 inicial prevista per a superar els 5 milions d&#8217;euros.<\/p>\n\n\n\n<p>La reconstrucci\u00f3 integral de la infraestructura ha perm\u00e9s la utilitzaci\u00f3 de t\u00e8cniques m\u00e9s avan\u00e7ades per a prolongar la vida \u00fatil estimada del pont altres cent anys m\u00e9s, &#8220;i cosa que \u00e9s m\u00e9s important, per a millorar la capacitat de canalitzaci\u00f3 de possibles avingudes d&#8217;aigua pel barranc, en previsi\u00f3 de futurs episodis similars que tant de bo no oc\u00f3rreguen, per\u00f2 que hem de preveure perqu\u00e8 els experts venen anunciant que este tipus d&#8217;episodis, amb major o menor for\u00e7a, cada vegada seran m\u00e9s freq\u00fcents&#8221;, ha concl\u00f2s Reme Mazzolari.<\/p>\n\n\n\n<p>El nou Pont de la Mem\u00f2ria est\u00e0 compost per tres obertures de 32 metres cada un, amb tauler mixt de bigues arteses d&#8217;acer corten i llosa de formig\u00f3 armat. Nom\u00e9s t\u00e9 dos piles en el llit, la qual cosa millora la resposta hidr\u00e0ulica. Cada biga pesa unes 45 tones, i s&#8217;han acoblat i col\u00b7locat amb grues de gran capacitat.<\/p>\n\n\n\n<p>Una vegada restablit el tr\u00e0nsit, els treballs d&#8217;estabilitzaci\u00f3 de la infraestructura continuaran fins a culminar una obra que s&#8217;ha desenrotllat en deu mesos, i que inclo\u00efa en una primera fase la recuperaci\u00f3 del pont del Barranquet per a poder escometre la reconstrucci\u00f3 sobre el Poyo.<\/p>\n","protected":false},"excerpt":{"rendered":"<div class=\"mh-excerpt\">La diputada de Carreteres, Reme Mazzolari i l&#8217;alcalde de Xest, Jos\u00e9 Morell, assistixen a l&#8217;obertura operativa del denominat &#8216;Pont de la Mem\u00f2ria&#8217; a falta de culminar l&#8217;obra a l&#8217;entorn del barranc de Poyo Les zones <a class=\"mh-excerpt-more\" href=\"https:\/\/www.tucomarca.com\/wordpress\/segunda\/ca\/la-diputacio-de-valencia-restablix-la-connexio-directa-entre-xest-i-lautovia-a-3\/\" title=\"La Diputaci\u00f3 de Val\u00e8ncia restablix la connexi\u00f3 directa entre Xest i l&#8217;autovia A-3\">[+] <\/a><\/div>\n","protected":false},"author":12,"featured_media":283473,"comment_status":"open","ping_status":"open","sticky":false,"template":"","format":"standard","meta":{"footnotes":""},"categories":[21466,10898,10948,10894,10904,10912,10903,10947,10896,10897,10974],"tags":[11071,15409,11246,10914],"class_list":{"0":"post-283496","1":"post","2":"type-post","3":"status-publish","4":"format-standard","5":"has-post-thumbnail","7":"category-dana-ca","8":"category-ventana-ca","9":"category-infraestructuras-ca","10":"category-la-comarca-ca","11":"category-sin-categorizar-ca","12":"category-la-hoya-ca","13":"category-medio-ambiente-la-comarca-ca","14":"category-politica","15":"category-seccion-ca","16":"category-sucesos-la-comarca-ca","17":"category-cheste-ca","18":"tag-cheste","19":"tag-dana-2-ca","20":"tag-diputacio-de-valencia-ca","21":"tag-la-hoya-de-bunol-chiva-ca"},"_links":{"self":[{"href":"https:\/\/www.tucomarca.com\/wordpress\/segunda\/ca\/wp-json\/wp\/v2\/posts\/283496","targetHints":{"allow":["GET"]}}],"collection":[{"href":"https:\/\/www.tucomarca.com\/wordpress\/segunda\/ca\/wp-json\/wp\/v2\/posts"}],"about":[{"href":"https:\/\/www.tucomarca.com\/wordpress\/segunda\/ca\/wp-json\/wp\/v2\/types\/post"}],"author":[{"embeddable":true,"href":"https:\/\/www.tucomarca.com\/wordpress\/segunda\/ca\/wp-json\/wp\/v2\/users\/12"}],"replies":[{"embeddable":true,"href":"https:\/\/www.tucomarca.com\/wordpress\/segunda\/ca\/wp-json\/wp\/v2\/comments?post=283496"}],"version-history":[{"count":0,"href":"https:\/\/www.tucomarca.com\/wordpress\/segunda\/ca\/wp-json\/wp\/v2\/posts\/283496\/revisions"}],"wp:featuredmedia":[{"embeddable":true,"href":"https:\/\/www.tucomarca.com\/wordpress\/segunda\/ca\/wp-json\/wp\/v2\/media\/283473"}],"wp:attachment":[{"href":"https:\/\/www.tucomarca.com\/wordpress\/segunda\/ca\/wp-json\/wp\/v2\/media?parent=283496"}],"wp:term":[{"taxonomy":"category","embeddable":true,"href":"https:\/\/www.tucomarca.com\/wordpress\/segunda\/ca\/wp-json\/wp\/v2\/categories?post=283496"},{"taxonomy":"post_tag","embeddable":true,"href":"https:\/\/www.tucomarca.com\/wordpress\/segunda\/ca\/wp-json\/wp\/v2\/tags?post=283496"}],"curies":[{"name":"wp","href":"https:\/\/api.w.org\/{rel}","templated":true}]}}