{"id":283655,"date":"2025-10-27T09:50:00","date_gmt":"2025-10-27T07:50:00","guid":{"rendered":"https:\/\/www.tucomarca.com\/wordpress\/segunda\/?p=283655"},"modified":"2025-10-27T21:13:52","modified_gmt":"2025-10-27T19:13:52","slug":"el-cd-bunyol-cau-davant-lontinyent-1931-cf-1-3-pese-a-lesforc-de-lequip-i-el-suport-constant-de-laficio","status":"publish","type":"post","link":"https:\/\/www.tucomarca.com\/wordpress\/segunda\/ca\/el-cd-bunyol-cau-davant-lontinyent-1931-cf-1-3-pese-a-lesforc-de-lequip-i-el-suport-constant-de-laficio\/","title":{"rendered":"El CD Bunyol cau davant l&#8217;Ontinyent 1931 CF (1-3) pese a l&#8217;esfor\u00e7 de l&#8217;equip i el suport constant de l&#8217;afici\u00f3"},"content":{"rendered":"\n<p>El CD Bunyol no va poder sumar a casa i va caure aquest cap de setmana per 1-3 davant l&#8217;Ontinyent 1931 CF en la trobada corresponent a la huitena jornada de la Tercera RFEF.<\/p>\n\n\n\n<p>El partit no va comen\u00e7ar de la millor manera possible per als blancs, encara que despr\u00e9s del matiner gol de l&#8217;Ontinyent en el minut 4, prompte van marcar l&#8217;empat gr\u00e0cies a una miqueta de Duco en el minut 11, despr\u00e9s d&#8217;una gran jugada que va deslligar la il\u00b7lusi\u00f3 en les graderies del Beltr\u00e1n B\u00e1guena.<\/p>\n\n\n\n<p>Despr\u00e9s del descans, amb el marcador encara igualat, el CD Bunyol va tindre una gran oportunitat per a posar-se per davant. En el minut 48, V\u00edctor va disposar d&#8217;una clara ocasi\u00f3 de gol que va marxar per poc, mantenint l&#8217;emoci\u00f3 en el partit.<\/p>\n\n\n\n<p>No obstant aix\u00f2, l&#8217;Ontinyent va reaccionar amb for\u00e7a i va aconseguir donar-li la volta al marcador. En la segona meitat, el conjunt visitant va imposar el seu ritme i efectivitat de cara a porteria, marcant dos gols m\u00e9s que van deixar sense opcions als de Bunyol.<\/p>\n\n\n\n<p>Malgrat l&#8217;esfor\u00e7 de l&#8217;equip i del suport constant de l&#8217;afici\u00f3, el CD Bunyol no va aconseguir remuntar i va encaixar la seua segona derrota a casa de la temporada.<\/p>\n\n\n\n<p>Els d&#8217;Alejandro Sant Isidre tractaran de reposar-se la pr\u00f2xima jornada, quan visiten un nou comprom\u00eds de lliga amb l&#8217;objectiu de recuperar sensacions i tornar a la senda de la vict\u00f2ria.<\/p>\n","protected":false},"excerpt":{"rendered":"<div class=\"mh-excerpt\">El CD Bunyol no va poder sumar a casa i va caure aquest cap de setmana per 1-3 davant l&#8217;Ontinyent 1931 CF en la trobada corresponent a la huitena jornada de la Tercera RFEF. El <a class=\"mh-excerpt-more\" href=\"https:\/\/www.tucomarca.com\/wordpress\/segunda\/ca\/el-cd-bunyol-cau-davant-lontinyent-1931-cf-1-3-pese-a-lesforc-de-lequip-i-el-suport-constant-de-laficio\/\" title=\"El CD Bunyol cau davant l&#8217;Ontinyent 1931 CF (1-3) pese a l&#8217;esfor\u00e7 de l&#8217;equip i el suport constant de l&#8217;afici\u00f3\">[+] <\/a><\/div>\n","protected":false},"author":12,"featured_media":283651,"comment_status":"open","ping_status":"open","sticky":false,"template":"","format":"standard","meta":{"footnotes":""},"categories":[10911,11015,11003,10894,10912,10896],"tags":[10913,11126,10914],"class_list":{"0":"post-283655","1":"post","2":"type-post","3":"status-publish","4":"format-standard","5":"has-post-thumbnail","7":"category-bunol-ca","8":"category-canal-futbol","9":"category-sports","10":"category-la-comarca-ca","11":"category-la-hoya-ca","12":"category-seccion-ca","13":"tag-bunol-ca","14":"tag-cd-bunol-ca","15":"tag-la-hoya-de-bunol-chiva-ca"},"_links":{"self":[{"href":"https:\/\/www.tucomarca.com\/wordpress\/segunda\/ca\/wp-json\/wp\/v2\/posts\/283655","targetHints":{"allow":["GET"]}}],"collection":[{"href":"https:\/\/www.tucomarca.com\/wordpress\/segunda\/ca\/wp-json\/wp\/v2\/posts"}],"about":[{"href":"https:\/\/www.tucomarca.com\/wordpress\/segunda\/ca\/wp-json\/wp\/v2\/types\/post"}],"author":[{"embeddable":true,"href":"https:\/\/www.tucomarca.com\/wordpress\/segunda\/ca\/wp-json\/wp\/v2\/users\/12"}],"replies":[{"embeddable":true,"href":"https:\/\/www.tucomarca.com\/wordpress\/segunda\/ca\/wp-json\/wp\/v2\/comments?post=283655"}],"version-history":[{"count":0,"href":"https:\/\/www.tucomarca.com\/wordpress\/segunda\/ca\/wp-json\/wp\/v2\/posts\/283655\/revisions"}],"wp:featuredmedia":[{"embeddable":true,"href":"https:\/\/www.tucomarca.com\/wordpress\/segunda\/ca\/wp-json\/wp\/v2\/media\/283651"}],"wp:attachment":[{"href":"https:\/\/www.tucomarca.com\/wordpress\/segunda\/ca\/wp-json\/wp\/v2\/media?parent=283655"}],"wp:term":[{"taxonomy":"category","embeddable":true,"href":"https:\/\/www.tucomarca.com\/wordpress\/segunda\/ca\/wp-json\/wp\/v2\/categories?post=283655"},{"taxonomy":"post_tag","embeddable":true,"href":"https:\/\/www.tucomarca.com\/wordpress\/segunda\/ca\/wp-json\/wp\/v2\/tags?post=283655"}],"curies":[{"name":"wp","href":"https:\/\/api.w.org\/{rel}","templated":true}]}}