{"id":283815,"date":"2025-10-29T10:00:00","date_gmt":"2025-10-29T08:00:00","guid":{"rendered":"https:\/\/www.tucomarca.com\/wordpress\/segunda\/?p=283815"},"modified":"2025-10-29T11:23:19","modified_gmt":"2025-10-29T09:23:19","slug":"lajuntament-de-bunyol-publica-un-video-en-homenatge-a-les-victimes-de-la-dana-del-29-doctubre-en-el-dia-de-laniversari","status":"publish","type":"post","link":"https:\/\/www.tucomarca.com\/wordpress\/segunda\/ca\/lajuntament-de-bunyol-publica-un-video-en-homenatge-a-les-victimes-de-la-dana-del-29-doctubre-en-el-dia-de-laniversari\/","title":{"rendered":"L&#8217;Ajuntament de Bunyol publica un v\u00eddeo en homenatge a les v\u00edctimes de la DANA del 29 d&#8217;octubre en el dia de l&#8217;aniversari"},"content":{"rendered":"\n<figure class=\"wp-block-embed is-type-video is-provider-youtube wp-block-embed-youtube wp-embed-aspect-16-9 wp-has-aspect-ratio\"><div class=\"wp-block-embed__wrapper\">\n<iframe loading=\"lazy\" title=\"V\u00cdDEO: la DANA del 29 de octubre de 2025, un a\u00f1o despu\u00e9s\" width=\"500\" height=\"281\" src=\"https:\/\/www.youtube.com\/embed\/3uhHfVDZvl8?feature=oembed\" frameborder=\"0\" allow=\"accelerometer; autoplay; clipboard-write; encrypted-media; gyroscope; picture-in-picture; web-share\" referrerpolicy=\"strict-origin-when-cross-origin\" allowfullscreen><\/iframe>\n<\/div><\/figure>\n\n\n\n<p>L&#8217;Ajuntament de Bunyol publica un v\u00eddeo en homenatge a les v\u00edctimes de la DANA del 29 d&#8217;octubre en el dia de l&#8217;aniversari de la fat\u00eddica data.<\/p>\n\n\n\n<p>L&#8217;alcaldessa de Bunyol, Virg\u00ednia Sanz, recorda que &#8220;fa un any que molts pobles de la prov\u00edncia de Val\u00e8ncia, entre ells Bunyol patim la pitjor cat\u00e0strofe natural de la nostra hist\u00f2ria i probablement la pitjor de la hist\u00f2ria recent del nostre pa\u00eds. Totes les Administracions continuem treballant sense descans per a recuperar les infraestructures danyades: ponts, carreteres, camins agr\u00edcoles&#8230; Ha passat un any, per\u00f2 no ens oblidem de les persones que han perdut la vida, ni de totes persones que s&#8217;han vist afectades per aquesta trag\u00e8dia. Com diu el nostre himne, &#8220;Bunyol treballa i somia&#8221;. I nosaltres continuarem treballant i somiant sense perdre la il\u00b7lusi\u00f3 i sense perdre la for\u00e7a que ens defineix&#8221;.<\/p>\n","protected":false},"excerpt":{"rendered":"<div class=\"mh-excerpt\">L&#8217;Ajuntament de Bunyol publica un v\u00eddeo en homenatge a les v\u00edctimes de la DANA del 29 d&#8217;octubre en el dia de l&#8217;aniversari de la fat\u00eddica data. L&#8217;alcaldessa de Bunyol, Virg\u00ednia Sanz, recorda que &#8220;fa un <a class=\"mh-excerpt-more\" href=\"https:\/\/www.tucomarca.com\/wordpress\/segunda\/ca\/lajuntament-de-bunyol-publica-un-video-en-homenatge-a-les-victimes-de-la-dana-del-29-doctubre-en-el-dia-de-laniversari\/\" title=\"L&#8217;Ajuntament de Bunyol publica un v\u00eddeo en homenatge a les v\u00edctimes de la DANA del 29 d&#8217;octubre en el dia de l&#8217;aniversari\">[+] <\/a><\/div>\n","protected":false},"author":1,"featured_media":283813,"comment_status":"open","ping_status":"open","sticky":false,"template":"","format":"video","meta":{"footnotes":""},"categories":[10911,21466,10898,10948,10894,10904,10912,10903,10947,10896,10897,11062],"tags":[23251,10913,15409,10914],"class_list":{"0":"post-283815","1":"post","2":"type-post","3":"status-publish","4":"format-video","5":"has-post-thumbnail","7":"category-bunol-ca","8":"category-dana-ca","9":"category-ventana-ca","10":"category-infraestructuras-ca","11":"category-la-comarca-ca","12":"category-sin-categorizar-ca","13":"category-la-hoya-ca","14":"category-medio-ambiente-la-comarca-ca","15":"category-politica","16":"category-seccion-ca","17":"category-sucesos-la-comarca-ca","18":"category-videos","19":"tag-29-de-octubre-ca","20":"tag-bunol-ca","21":"tag-dana-2-ca","22":"tag-la-hoya-de-bunol-chiva-ca","23":"post_format-post-format-video"},"_links":{"self":[{"href":"https:\/\/www.tucomarca.com\/wordpress\/segunda\/ca\/wp-json\/wp\/v2\/posts\/283815","targetHints":{"allow":["GET"]}}],"collection":[{"href":"https:\/\/www.tucomarca.com\/wordpress\/segunda\/ca\/wp-json\/wp\/v2\/posts"}],"about":[{"href":"https:\/\/www.tucomarca.com\/wordpress\/segunda\/ca\/wp-json\/wp\/v2\/types\/post"}],"author":[{"embeddable":true,"href":"https:\/\/www.tucomarca.com\/wordpress\/segunda\/ca\/wp-json\/wp\/v2\/users\/1"}],"replies":[{"embeddable":true,"href":"https:\/\/www.tucomarca.com\/wordpress\/segunda\/ca\/wp-json\/wp\/v2\/comments?post=283815"}],"version-history":[{"count":0,"href":"https:\/\/www.tucomarca.com\/wordpress\/segunda\/ca\/wp-json\/wp\/v2\/posts\/283815\/revisions"}],"wp:featuredmedia":[{"embeddable":true,"href":"https:\/\/www.tucomarca.com\/wordpress\/segunda\/ca\/wp-json\/wp\/v2\/media\/283813"}],"wp:attachment":[{"href":"https:\/\/www.tucomarca.com\/wordpress\/segunda\/ca\/wp-json\/wp\/v2\/media?parent=283815"}],"wp:term":[{"taxonomy":"category","embeddable":true,"href":"https:\/\/www.tucomarca.com\/wordpress\/segunda\/ca\/wp-json\/wp\/v2\/categories?post=283815"},{"taxonomy":"post_tag","embeddable":true,"href":"https:\/\/www.tucomarca.com\/wordpress\/segunda\/ca\/wp-json\/wp\/v2\/tags?post=283815"}],"curies":[{"name":"wp","href":"https:\/\/api.w.org\/{rel}","templated":true}]}}