{"id":283826,"date":"2025-10-30T08:30:00","date_gmt":"2025-10-30T06:30:00","guid":{"rendered":"https:\/\/www.tucomarca.com\/wordpress\/segunda\/?p=283826"},"modified":"2025-10-30T19:32:42","modified_gmt":"2025-10-30T17:32:42","slug":"la-diputacio-aprova-huit-projectes-del-pla-obert-per-valor-de-15-milions-a-la-ribera-alta","status":"publish","type":"post","link":"https:\/\/www.tucomarca.com\/wordpress\/segunda\/ca\/la-diputacio-aprova-huit-projectes-del-pla-obert-per-valor-de-15-milions-a-la-ribera-alta\/","title":{"rendered":"La Diputaci\u00f3 aprova huit projectes del Pla Obert per valor de 1,5 milions a la Ribera Alta"},"content":{"rendered":"\n<h3 class=\"wp-block-heading\">El decret aprovat el 24 d&#8217;octubre per l&#8217;\u00e0rea de Cooperaci\u00f3 dona llum verda a tres projectes a Benifai\u00f3, dos a Sumac\u00e0rcer i un a Massalav\u00e9s, Rafelguaraf i Sant Joanet.<\/h3>\n\n\n\n<p>El Pla Obert continua sumant nous projectes en els municipis valencians. L&#8217;\u00faltim decret validat per l&#8217;\u00e0rea de Cooperaci\u00f3 ha aprovat huit projectes del pla quadriennal de la Diputaci\u00f3 de Val\u00e8ncia per valor de 1,5 milions en cinc municipis de la Ribera Alta.&nbsp;<\/p>\n\n\n\n<p>Concretament, a Benifai\u00f3 s&#8217;han aprovat tres projectes que sumen 780.000 euros: l&#8217;adaptaci\u00f3 a la normativa d&#8217;evacuaci\u00f3 i millora arquitect\u00f2nica de l&#8217;edifici consistorial (400.000 euros), obres de renovaci\u00f3 de la canalitzaci\u00f3 de subministrament d&#8217;aigua potable als carrers Regino Mas i Portelles (190.000 euros), i obres de reforma de la zona verda de la SAU 4 (190.000 euros).<\/p>\n\n\n\n<p>A Sumac\u00e0rcer, s&#8217;ha donat el vistiplau a dos projectes per valor de 583.191 euros: la reforma i conversi\u00f3 en zona de vianants del passeig del Mercat i el carrer Antonio Gil (302.758 euros), i la mateixa actuaci\u00f3 en la pla\u00e7a de l&#8217;Era (280.433 euros).<\/p>\n\n\n\n<p>A m\u00e9s, a Rafelguaraf, amb una inversi\u00f3 de 108.573 euros, es renovar\u00e0 la xarxa d&#8217;aigua potable i voreres en la pedania Riu Rau; a Massalav\u00e9s, per valor de 63.283 euros, es comprar\u00e0 un vehicle per a la policia local; i a Sant Joanet es condicionar\u00e0 un solar destinat a magatzem municipal per 59.812 euros.&nbsp;<\/p>\n\n\n\n<p>En general, el decret del 24 d&#8217;octubre ha aprovat 49 projectes, per valor de 8,1 milions, presentats per 34 ajuntaments de 14 comarques. Aix\u00ed, el principal pla inversor de la Diputaci\u00f3 frega ja les 730 sol\u00b7licituds aprovades i els 110 milions assignats del total de 350 dels quals consta.<\/p>\n\n\n\n<p>Per comarques, la Vall d&#8217;Albaida \u00e9s la que m\u00e9s projectes posar\u00e0 en marxa amb el nou decret, amb deu iniciatives, seguida de la Ribera Alta amb huit actuacions aprovades. Mentres, el Camp de T\u00faria suma sis; la Safor, quatre; la Vall Cofrentes-Ayora i la Canal de Navarr\u00e9s, tres cada una; Utiel- Requena i la Costera, dos cada una; el Rinc\u00f3n de Ademuz, el Camp de Morvedre, la Hoya de Bu\u00f1ol, l&#8217;Horta Nord, l&#8217;Horta Sud i la Serrania completen el llistat amb una iniciativa cada comarca. A m\u00e9s, hi ha projectes aprovats de les mancomunitats de Carraixet i de la Ribera Baixa.&nbsp;<\/p>\n\n\n\n<p>El president de la Diputaci\u00f3 de Val\u00e8ncia, Vicent Momp\u00f3, recalca que \u201cles inversions del Pla Obert est\u00e0 transformant la prov\u00edncia de Val\u00e8ncia, en cada decret se sumen nous projectes que estan repercutint directament en el benestar de la ciutadania\u201d. \u201cEstem treballant de la m\u00e0 dels pobles, respectant la seua autonomia i deixant-los demostrar la seua efici\u00e8ncia\u201d, assegura.&nbsp;<\/p>\n\n\n\n<p>Per part seua, la vicepresidenta primera de la Diputaci\u00f3 i responsable de la Diputaci\u00f3, Nat\u00e0lia Enguix, destaca que totes estes actuacions en la xarxa h\u00eddrica, les zones verdes i les instal\u00b7lacions esportives responen \u201ca la responsabilitat dels ajuntaments, que estan aprofitant el finan\u00e7ament de la Diputaci\u00f3 per a millorar els seus municipis\u201d. A m\u00e9s, subratlla Enguix, \u201cel Pla Obert, sense terminis, obert a les necessitats i temps de cada municipi, est\u00e0 permetent una gran varietat d&#8217;actuacions en diferents \u00e0mbits apostant per la sostenibilitat, la qualitat de vida i la perspectiva de g\u00e8nere\u201d.<\/p>\n","protected":false},"excerpt":{"rendered":"<div class=\"mh-excerpt\">El decret aprovat el 24 d&#8217;octubre per l&#8217;\u00e0rea de Cooperaci\u00f3 dona llum verda a tres projectes a Benifai\u00f3, dos a Sumac\u00e0rcer i un a Massalav\u00e9s, Rafelguaraf i Sant Joanet. El Pla Obert continua sumant nous <a class=\"mh-excerpt-more\" href=\"https:\/\/www.tucomarca.com\/wordpress\/segunda\/ca\/la-diputacio-aprova-huit-projectes-del-pla-obert-per-valor-de-15-milions-a-la-ribera-alta\/\" title=\"La Diputaci\u00f3 aprova huit projectes del Pla Obert per valor de 1,5 milions a la Ribera Alta\">[+] <\/a><\/div>\n","protected":false},"author":12,"featured_media":283824,"comment_status":"open","ping_status":"open","sticky":false,"template":"","format":"standard","meta":{"footnotes":""},"categories":[10987,10898,10948,10894,10902,10947,11002,10896,11049],"tags":[12046,11246,19988,15430,11356,21141],"class_list":{"0":"post-283826","1":"post","2":"type-post","3":"status-publish","4":"format-standard","5":"has-post-thumbnail","7":"category-benifaio-ca","8":"category-ventana-ca","9":"category-infraestructuras-ca","10":"category-la-comarca-ca","11":"category-la-ribera-ca","12":"category-politica","13":"category-rafelguaraf-ca","14":"category-seccion-ca","15":"category-sumacarcer-ca","16":"tag-benifaio-ca","17":"tag-diputacio-de-valencia-ca","18":"tag-pla-obert-dinversions-ca","19":"tag-rafelguaraf-ca","20":"tag-ribera-alta-ca","21":"tag-sumacarcer-ca"},"_links":{"self":[{"href":"https:\/\/www.tucomarca.com\/wordpress\/segunda\/ca\/wp-json\/wp\/v2\/posts\/283826","targetHints":{"allow":["GET"]}}],"collection":[{"href":"https:\/\/www.tucomarca.com\/wordpress\/segunda\/ca\/wp-json\/wp\/v2\/posts"}],"about":[{"href":"https:\/\/www.tucomarca.com\/wordpress\/segunda\/ca\/wp-json\/wp\/v2\/types\/post"}],"author":[{"embeddable":true,"href":"https:\/\/www.tucomarca.com\/wordpress\/segunda\/ca\/wp-json\/wp\/v2\/users\/12"}],"replies":[{"embeddable":true,"href":"https:\/\/www.tucomarca.com\/wordpress\/segunda\/ca\/wp-json\/wp\/v2\/comments?post=283826"}],"version-history":[{"count":0,"href":"https:\/\/www.tucomarca.com\/wordpress\/segunda\/ca\/wp-json\/wp\/v2\/posts\/283826\/revisions"}],"wp:featuredmedia":[{"embeddable":true,"href":"https:\/\/www.tucomarca.com\/wordpress\/segunda\/ca\/wp-json\/wp\/v2\/media\/283824"}],"wp:attachment":[{"href":"https:\/\/www.tucomarca.com\/wordpress\/segunda\/ca\/wp-json\/wp\/v2\/media?parent=283826"}],"wp:term":[{"taxonomy":"category","embeddable":true,"href":"https:\/\/www.tucomarca.com\/wordpress\/segunda\/ca\/wp-json\/wp\/v2\/categories?post=283826"},{"taxonomy":"post_tag","embeddable":true,"href":"https:\/\/www.tucomarca.com\/wordpress\/segunda\/ca\/wp-json\/wp\/v2\/tags?post=283826"}],"curies":[{"name":"wp","href":"https:\/\/api.w.org\/{rel}","templated":true}]}}