{"id":283835,"date":"2025-10-30T08:15:00","date_gmt":"2025-10-30T06:15:00","guid":{"rendered":"https:\/\/www.tucomarca.com\/wordpress\/segunda\/?p=283835"},"modified":"2025-10-30T19:49:16","modified_gmt":"2025-10-30T17:49:16","slug":"la-diputacio-aprova-sis-nous-projectes-del-pla-obert-per-valor-de-21-milions-a-camp-de-turia","status":"publish","type":"post","link":"https:\/\/www.tucomarca.com\/wordpress\/segunda\/ca\/la-diputacio-aprova-sis-nous-projectes-del-pla-obert-per-valor-de-21-milions-a-camp-de-turia\/","title":{"rendered":"La Diputaci\u00f3 aprova sis nous projectes del Pla Obert per valor de 2,1 milions a Camp de T\u00faria"},"content":{"rendered":"\n<h3 class=\"wp-block-heading\">El decret aprovat el 24 d&#8217;octubre per l&#8217;\u00e0rea de Cooperaci\u00f3 dona llum verda a nous projectes en els municipis de B\u00e9tera, Ll\u00edria, Benissan\u00f3 i Riba-roja de T\u00faria.<\/h3>\n\n\n\n<h3 class=\"wp-block-heading\">Destaca la reforma de la Casa de la Cultura i de les grades del camp de futbol de B\u00e9tera, l&#8217;adquisici\u00f3 del poliesportiu parroquial a Benissan\u00f3 i la repavimentaci\u00f3 de carrers a Ll\u00edria.<\/h3>\n\n\n\n<p>El Pla Obert de la Diputaci\u00f3 de Val\u00e8ncia continua sumant nous projectes en els municipis del Camp de T\u00faria. L&#8217;\u00faltim decret validat per l&#8217;\u00e0rea de Cooperaci\u00f3 que dirigix la vicepresidenta primera Nat\u00e0lia Enguix ha aprovat sis nous projectes del pla quadriennal de la Diputaci\u00f3 de Val\u00e8ncia per valor de 2,1 milions d&#8217;euros en les localitats de B\u00e9tera, Ll\u00edria, Benissan\u00f3 i Riba-roja de T\u00faria.<\/p>\n\n\n\n<p>L&#8217;Ajuntament de B\u00e9tera ha rebut l&#8217;aprovaci\u00f3 a dos dels seus projectes m\u00e9s ambiciosos. Es tracta, d&#8217;una banda, de la reforma de la Casa de la Cultura, per a aix\u00f2 la Diputaci\u00f3 destinar\u00e0 621.000 euros; i per un altre, de la renovaci\u00f3 de les graderies del camp de futbol 11, aix\u00ed com d&#8217;altres infraestructures del poliesportiu municipal, amb una inversi\u00f3 de 660.000 euros.<\/p>\n\n\n\n<p>Ll\u00edria tamb\u00e9 podr\u00e0 dur a terme dos nous projectes gr\u00e0cies al finan\u00e7ament de la corporaci\u00f3 provincial. Destaca la repavimentaci\u00f3, amb incorporaci\u00f3 de mesures de pacificaci\u00f3 del tr\u00e0nsit de la via urbana, en el Cam\u00ed de la Contesa a Sant Vicent, i en el tram del Cam\u00ed de Ll\u00edria a Marines, unes obres que tindran un cost de 210.000 euros. A m\u00e9s, la Diputaci\u00f3 destinar\u00e0 93.000 a un altre projecte relacionat amb la dotaci\u00f3 de subministrament el\u00e8ctric en instal\u00b7lacions esportives.<\/p>\n\n\n\n<p>Tamb\u00e9 destaca que, gr\u00e0cies als 381.000 euros que la Diputaci\u00f3 entregar\u00e0 a l&#8217;Ajuntament de Benissan\u00f3, es podr\u00e0 escometre l&#8217;adquisici\u00f3 del poliesportiu parroquial. Finalment, s&#8217;ha donat llum verda al projecte de creaci\u00f3 d&#8217;una \u00e0rea d&#8217;esplai en la zona verda de Val\u00e8ncia la Vella de Riba-roja de T\u00faria per valor de 133.000 euros.<\/p>\n\n\n\n<p><strong>Nou decret<\/strong><\/p>\n\n\n\n<p>En general, el decret del 24 d&#8217;octubre ha aprovat 49 projectes, per valor de 8,1 milions, presentats per 34 ajuntaments de 14 comarques de la prov\u00edncia. Aix\u00ed, el principal pla inversor de la Diputaci\u00f3 frega ja les 730 sol\u00b7licituds aprovades i els 110 milions assignats del total de 350 dels quals consta.<\/p>\n\n\n\n<p>El president de la Diputaci\u00f3 de Val\u00e8ncia, Vicent Momp\u00f3, recalca que \u201cles inversions del Pla Obert est\u00e0 transformant la prov\u00edncia de Val\u00e8ncia, en cada decret se sumen nous projectes que estan repercutint directament en el benestar de la ciutadania\u201d. \u201cEstem treballant de la m\u00e0 dels pobles, respectant la seua autonomia i deixant-los demostrar la seua efici\u00e8ncia\u201d, assegura.&nbsp;<\/p>\n\n\n\n<p>Per part seua, la vicepresidenta primera de la Diputaci\u00f3 i responsable de la Diputaci\u00f3, Nat\u00e0lia Enguix, destaca que totes estes actuacions en la xarxa h\u00eddrica, les zones verdes i les instal\u00b7lacions esportives responen \u201ca la responsabilitat dels ajuntaments, que estan aprofitant el finan\u00e7ament de la Diputaci\u00f3 per a millorar els seus municipis\u201d. A m\u00e9s, subratlla Enguix, \u201cel Pla Obert, sense terminis, obert a les necessitats i temps de cada municipi, est\u00e0 permetent una gran varietat d&#8217;actuacions en diferents \u00e0mbits apostant per la sostenibilitat, la qualitat de vida i la perspectiva de g\u00e8nere\u201d.<\/p>\n","protected":false},"excerpt":{"rendered":"<div class=\"mh-excerpt\">El decret aprovat el 24 d&#8217;octubre per l&#8217;\u00e0rea de Cooperaci\u00f3 dona llum verda a nous projectes en els municipis de B\u00e9tera, Ll\u00edria, Benissan\u00f3 i Riba-roja de T\u00faria. Destaca la reforma de la Casa de la <a class=\"mh-excerpt-more\" href=\"https:\/\/www.tucomarca.com\/wordpress\/segunda\/ca\/la-diputacio-aprova-sis-nous-projectes-del-pla-obert-per-valor-de-21-milions-a-camp-de-turia\/\" title=\"La Diputaci\u00f3 aprova sis nous projectes del Pla Obert per valor de 2,1 milions a Camp de T\u00faria\">[+] <\/a><\/div>\n","protected":false},"author":12,"featured_media":258941,"comment_status":"open","ping_status":"open","sticky":false,"template":"","format":"standard","meta":{"footnotes":""},"categories":[10938,10937,10892,10898,10948,10894,10928,10932,10947,10906,10896],"tags":[16172,11202,10899,11246,11070,16173,22340],"class_list":{"0":"post-283835","1":"post","2":"type-post","3":"status-publish","4":"format-standard","5":"has-post-thumbnail","7":"category-benisano-ca","8":"category-betera-ca","9":"category-camp-de-turia-ca","10":"category-ventana-ca","11":"category-infraestructuras-ca","12":"category-la-comarca-ca","13":"category-lliria-ca","14":"category-marines-ca","15":"category-politica","16":"category-riba-roja-ca","17":"category-seccion-ca","18":"tag-benissano-ca","19":"tag-betera-ca","20":"tag-camp-de-turia-ca","21":"tag-diputacio-de-valencia-ca","22":"tag-lliria-ca","23":"tag-marines-ca","24":"tag-pla-obert-ca"},"_links":{"self":[{"href":"https:\/\/www.tucomarca.com\/wordpress\/segunda\/ca\/wp-json\/wp\/v2\/posts\/283835","targetHints":{"allow":["GET"]}}],"collection":[{"href":"https:\/\/www.tucomarca.com\/wordpress\/segunda\/ca\/wp-json\/wp\/v2\/posts"}],"about":[{"href":"https:\/\/www.tucomarca.com\/wordpress\/segunda\/ca\/wp-json\/wp\/v2\/types\/post"}],"author":[{"embeddable":true,"href":"https:\/\/www.tucomarca.com\/wordpress\/segunda\/ca\/wp-json\/wp\/v2\/users\/12"}],"replies":[{"embeddable":true,"href":"https:\/\/www.tucomarca.com\/wordpress\/segunda\/ca\/wp-json\/wp\/v2\/comments?post=283835"}],"version-history":[{"count":0,"href":"https:\/\/www.tucomarca.com\/wordpress\/segunda\/ca\/wp-json\/wp\/v2\/posts\/283835\/revisions"}],"wp:featuredmedia":[{"embeddable":true,"href":"https:\/\/www.tucomarca.com\/wordpress\/segunda\/ca\/wp-json\/wp\/v2\/media\/258941"}],"wp:attachment":[{"href":"https:\/\/www.tucomarca.com\/wordpress\/segunda\/ca\/wp-json\/wp\/v2\/media?parent=283835"}],"wp:term":[{"taxonomy":"category","embeddable":true,"href":"https:\/\/www.tucomarca.com\/wordpress\/segunda\/ca\/wp-json\/wp\/v2\/categories?post=283835"},{"taxonomy":"post_tag","embeddable":true,"href":"https:\/\/www.tucomarca.com\/wordpress\/segunda\/ca\/wp-json\/wp\/v2\/tags?post=283835"}],"curies":[{"name":"wp","href":"https:\/\/api.w.org\/{rel}","templated":true}]}}