{"id":283869,"date":"2025-10-29T09:30:00","date_gmt":"2025-10-29T07:30:00","guid":{"rendered":"https:\/\/www.tucomarca.com\/wordpress\/segunda\/?p=283869"},"modified":"2025-10-29T13:37:40","modified_gmt":"2025-10-29T11:37:40","slug":"video-el-consorci-provincial-de-bombers-homenatja-i-recorda-a-les-victimes-de-la-dana","status":"publish","type":"post","link":"https:\/\/www.tucomarca.com\/wordpress\/segunda\/ca\/video-el-consorci-provincial-de-bombers-homenatja-i-recorda-a-les-victimes-de-la-dana\/","title":{"rendered":"V\u00eddeo: el Consorci Provincial de Bombers homenatja i recorda a les v\u00edctimes de la DANA"},"content":{"rendered":"\n<figure class=\"wp-block-embed is-type-video is-provider-youtube wp-block-embed-youtube wp-embed-aspect-16-9 wp-has-aspect-ratio\"><div class=\"wp-block-embed__wrapper\">\n<iframe loading=\"lazy\" title=\"V\u00eddeo: el Consorcio Provincial de Bomberos homenajea y recuerda a las v\u00edctimas de la DANA\" width=\"500\" height=\"281\" src=\"https:\/\/www.youtube.com\/embed\/uqeIxPC9EUY?feature=oembed\" frameborder=\"0\" allow=\"accelerometer; autoplay; clipboard-write; encrypted-media; gyroscope; picture-in-picture; web-share\" referrerpolicy=\"strict-origin-when-cross-origin\" allowfullscreen><\/iframe>\n<\/div><\/figure>\n\n\n\n<p>El Consorci Provincial de Bombers de Val\u00e8ncia ha dif\u00f3s hui en les seues xarxes socials amb motiu de l&#8217;aniversari de la DANA del 29 d&#8217;octubre de 2024 i en homenatge a totes les v\u00edctimes de la trag\u00e8dia un v\u00eddeo, en record i solidaritat amb tots els afectats.<\/p>\n","protected":false},"excerpt":{"rendered":"<div class=\"mh-excerpt\">El Consorci Provincial de Bombers de Val\u00e8ncia ha dif\u00f3s hui en les seues xarxes socials amb motiu de l&#8217;aniversari de la DANA del 29 d&#8217;octubre de 2024 i en homenatge a totes les v\u00edctimes de <a class=\"mh-excerpt-more\" href=\"https:\/\/www.tucomarca.com\/wordpress\/segunda\/ca\/video-el-consorci-provincial-de-bombers-homenatja-i-recorda-a-les-victimes-de-la-dana\/\" title=\"V\u00eddeo: el Consorci Provincial de Bombers homenatja i recorda a les v\u00edctimes de la DANA\">[+] <\/a><\/div>\n","protected":false},"author":1,"featured_media":283867,"comment_status":"open","ping_status":"open","sticky":false,"template":"","format":"video","meta":{"footnotes":""},"categories":[21466,11046,10898,10948,10894,10904,10912,10902,10903,10947,10909,10896,10897,11062],"tags":[10899,10914,11928,11080,10910],"class_list":{"0":"post-283869","1":"post","2":"type-post","3":"status-publish","4":"format-video","5":"has-post-thumbnail","7":"category-dana-ca","8":"category-los-serranos-ca","9":"category-ventana-ca","10":"category-infraestructuras-ca","11":"category-la-comarca-ca","12":"category-sin-categorizar-ca","13":"category-la-hoya-ca","14":"category-la-ribera-ca","15":"category-medio-ambiente-la-comarca-ca","16":"category-politica","17":"category-requena-utiel-ca","18":"category-seccion-ca","19":"category-sucesos-la-comarca-ca","20":"category-videos","21":"tag-camp-de-turia-ca","22":"tag-la-hoya-de-bunol-chiva-ca","23":"tag-la-serrania-ca","24":"tag-los-serranos-ca","25":"tag-requena-utiel-ca","26":"post_format-post-format-video"},"_links":{"self":[{"href":"https:\/\/www.tucomarca.com\/wordpress\/segunda\/ca\/wp-json\/wp\/v2\/posts\/283869","targetHints":{"allow":["GET"]}}],"collection":[{"href":"https:\/\/www.tucomarca.com\/wordpress\/segunda\/ca\/wp-json\/wp\/v2\/posts"}],"about":[{"href":"https:\/\/www.tucomarca.com\/wordpress\/segunda\/ca\/wp-json\/wp\/v2\/types\/post"}],"author":[{"embeddable":true,"href":"https:\/\/www.tucomarca.com\/wordpress\/segunda\/ca\/wp-json\/wp\/v2\/users\/1"}],"replies":[{"embeddable":true,"href":"https:\/\/www.tucomarca.com\/wordpress\/segunda\/ca\/wp-json\/wp\/v2\/comments?post=283869"}],"version-history":[{"count":0,"href":"https:\/\/www.tucomarca.com\/wordpress\/segunda\/ca\/wp-json\/wp\/v2\/posts\/283869\/revisions"}],"wp:featuredmedia":[{"embeddable":true,"href":"https:\/\/www.tucomarca.com\/wordpress\/segunda\/ca\/wp-json\/wp\/v2\/media\/283867"}],"wp:attachment":[{"href":"https:\/\/www.tucomarca.com\/wordpress\/segunda\/ca\/wp-json\/wp\/v2\/media?parent=283869"}],"wp:term":[{"taxonomy":"category","embeddable":true,"href":"https:\/\/www.tucomarca.com\/wordpress\/segunda\/ca\/wp-json\/wp\/v2\/categories?post=283869"},{"taxonomy":"post_tag","embeddable":true,"href":"https:\/\/www.tucomarca.com\/wordpress\/segunda\/ca\/wp-json\/wp\/v2\/tags?post=283869"}],"curies":[{"name":"wp","href":"https:\/\/api.w.org\/{rel}","templated":true}]}}