{"id":283958,"date":"2025-10-29T11:30:00","date_gmt":"2025-10-29T09:30:00","guid":{"rendered":"https:\/\/www.tucomarca.com\/wordpress\/segunda\/?p=283958"},"modified":"2025-10-29T18:48:33","modified_gmt":"2025-10-29T16:48:33","slug":"29-doctubre-de-2024-mes-de-mil-noticies-i-365-dies-en-imatges-despres","status":"publish","type":"post","link":"https:\/\/www.tucomarca.com\/wordpress\/segunda\/ca\/29-doctubre-de-2024-mes-de-mil-noticies-i-365-dies-en-imatges-despres\/","title":{"rendered":"29 d&#8217;octubre de 2024: m\u00e9s de mil not\u00edcies i 365 dies en imatges despr\u00e9s"},"content":{"rendered":"\n<h3 class=\"wp-block-heading\">tucomarca.com ha publicat m\u00e9s de mil not\u00edcies i prop de dues-centes fotogaler\u00edas i v\u00eddeos des del 29 d&#8217;octubre de 2024 relacionats amb la major cat\u00e0strofe natural patida per aquestes terres de l&#8217;interior.<\/h3>\n\n\n\n<figure class=\"wp-block-embed is-type-video is-provider-youtube wp-block-embed-youtube wp-embed-aspect-16-9 wp-has-aspect-ratio\"><div class=\"wp-block-embed__wrapper\">\n<iframe loading=\"lazy\" title=\"As\u00ed fue el devastador paso de la DANA por el interior valenciano.\" width=\"500\" height=\"281\" src=\"https:\/\/www.youtube.com\/embed\/videoseries?list=PLgSnWhBMggnjWUZlYmbPbpRggaJhplmet\" frameborder=\"0\" allow=\"accelerometer; autoplay; clipboard-write; encrypted-media; gyroscope; picture-in-picture; web-share\" referrerpolicy=\"strict-origin-when-cross-origin\" allowfullscreen><\/iframe>\n<\/div><\/figure>\n\n\n\n<p>Des que el passat 29 d&#8217;octubre de 2024 la DANA provocara la major cat\u00e0strofe natural que han patit molts dels municipis de les comarques de l&#8217;interior de la prov\u00edncia de Val\u00e8ncia en tota la seua hist\u00f2ria, des de La Serran\u00eda a Camp de T\u00faria, passant per Requena-Utiel, La Foia de Bunyol, La Canal de Navarr\u00e9s i La Ribera Alta, han sigut m\u00e9s de mil (concretament 1.060) les not\u00edcies publicades per <strong>tucomarca.com<\/strong>; aix\u00ed com m\u00e9s d&#8217;un miler les fotogaler\u00edas (129) i v\u00eddeos (m\u00e9s de 30) els que des de <strong>tucomarca televisi\u00f3 <\/strong>s&#8217;han publicat en aquests 365 dies, una mostra de precisament aquests \u00faltims s&#8217;arrepleguen en aquesta <a href=\"https:\/\/www.youtube.com\/playlist?list=PLgSnWhBMggnjWUZlYmbPbpRggaJhplmet\">llista de reproducci\u00f3<\/a>.<\/p>\n","protected":false},"excerpt":{"rendered":"<div class=\"mh-excerpt\">tucomarca.com ha publicat m\u00e9s de mil not\u00edcies i prop de dues-centes fotogaler\u00edas i v\u00eddeos des del 29 d&#8217;octubre de 2024 relacionats amb la major cat\u00e0strofe natural patida per aquestes terres de l&#8217;interior. Des que el <a class=\"mh-excerpt-more\" href=\"https:\/\/www.tucomarca.com\/wordpress\/segunda\/ca\/29-doctubre-de-2024-mes-de-mil-noticies-i-365-dies-en-imatges-despres\/\" title=\"29 d&#8217;octubre de 2024: m\u00e9s de mil not\u00edcies i 365 dies en imatges despr\u00e9s\">[+] <\/a><\/div>\n","protected":false},"author":1,"featured_media":242498,"comment_status":"open","ping_status":"open","sticky":false,"template":"","format":"video","meta":{"footnotes":""},"categories":[10892,21466,11046,10898,10948,10963,10894,10904,10912,10902,10903,10947,10909,10896,10897,11062],"tags":[10899,10914,11077,11928,10910],"class_list":{"0":"post-283958","1":"post","2":"type-post","3":"status-publish","4":"format-video","5":"has-post-thumbnail","7":"category-camp-de-turia-ca","8":"category-dana-ca","9":"category-los-serranos-ca","10":"category-ventana-ca","11":"category-infraestructuras-ca","12":"category-la-canal-de-navarres-ca","13":"category-la-comarca-ca","14":"category-sin-categorizar-ca","15":"category-la-hoya-ca","16":"category-la-ribera-ca","17":"category-medio-ambiente-la-comarca-ca","18":"category-politica","19":"category-requena-utiel-ca","20":"category-seccion-ca","21":"category-sucesos-la-comarca-ca","22":"category-videos","23":"tag-camp-de-turia-ca","24":"tag-la-hoya-de-bunol-chiva-ca","25":"tag-la-ribera-alta-ca","26":"tag-la-serrania-ca","27":"tag-requena-utiel-ca","28":"post_format-post-format-video"},"_links":{"self":[{"href":"https:\/\/www.tucomarca.com\/wordpress\/segunda\/ca\/wp-json\/wp\/v2\/posts\/283958","targetHints":{"allow":["GET"]}}],"collection":[{"href":"https:\/\/www.tucomarca.com\/wordpress\/segunda\/ca\/wp-json\/wp\/v2\/posts"}],"about":[{"href":"https:\/\/www.tucomarca.com\/wordpress\/segunda\/ca\/wp-json\/wp\/v2\/types\/post"}],"author":[{"embeddable":true,"href":"https:\/\/www.tucomarca.com\/wordpress\/segunda\/ca\/wp-json\/wp\/v2\/users\/1"}],"replies":[{"embeddable":true,"href":"https:\/\/www.tucomarca.com\/wordpress\/segunda\/ca\/wp-json\/wp\/v2\/comments?post=283958"}],"version-history":[{"count":0,"href":"https:\/\/www.tucomarca.com\/wordpress\/segunda\/ca\/wp-json\/wp\/v2\/posts\/283958\/revisions"}],"wp:featuredmedia":[{"embeddable":true,"href":"https:\/\/www.tucomarca.com\/wordpress\/segunda\/ca\/wp-json\/wp\/v2\/media\/242498"}],"wp:attachment":[{"href":"https:\/\/www.tucomarca.com\/wordpress\/segunda\/ca\/wp-json\/wp\/v2\/media?parent=283958"}],"wp:term":[{"taxonomy":"category","embeddable":true,"href":"https:\/\/www.tucomarca.com\/wordpress\/segunda\/ca\/wp-json\/wp\/v2\/categories?post=283958"},{"taxonomy":"post_tag","embeddable":true,"href":"https:\/\/www.tucomarca.com\/wordpress\/segunda\/ca\/wp-json\/wp\/v2\/tags?post=283958"}],"curies":[{"name":"wp","href":"https:\/\/api.w.org\/{rel}","templated":true}]}}