{"id":283990,"date":"2025-10-29T17:00:00","date_gmt":"2025-10-29T15:00:00","guid":{"rendered":"https:\/\/www.tucomarca.com\/wordpress\/segunda\/?p=283990"},"modified":"2025-10-29T21:33:10","modified_gmt":"2025-10-29T19:33:10","slug":"29-doctubre-de-2024-un-dia-que-ha-quedat-gravat-en-la-memoria-collectiva-dels-habitants-de-les-comarques-de-linterior","status":"publish","type":"post","link":"https:\/\/www.tucomarca.com\/wordpress\/segunda\/ca\/29-doctubre-de-2024-un-dia-que-ha-quedat-gravat-en-la-memoria-collectiva-dels-habitants-de-les-comarques-de-linterior\/","title":{"rendered":"29 d&#8217;octubre de 2024: un dia que ha quedat gravat en la mem\u00f2ria col\u00b7lectiva dels habitants de les comarques de l&#8217;interior"},"content":{"rendered":"\n<h3 class=\"wp-block-heading\">Si per a molts ve\u00efns i ve\u00efnes dels pobles de l&#8217;interior de la prov\u00edncia de Val\u00e8ncia hi ha una data que marca un abans i un despr\u00e9s en les seues vides, eixa \u00e9s sens dubte la del 29 d&#8217;octubre de 2024.<\/h3>\n\n\n\n<figure class=\"wp-block-image size-large\"><img loading=\"lazy\" decoding=\"async\" width=\"1024\" height=\"505\" src=\"http:\/\/www.tucomarca.com\/wordpress\/segunda\/wp-content\/uploads\/2024\/10\/ChivaBarranco-1024x505.jpg\" alt=\"\" class=\"wp-image-242535\" srcset=\"https:\/\/www.tucomarca.com\/wordpress\/segunda\/wp-content\/uploads\/2024\/10\/ChivaBarranco-1024x505.jpg 1024w, https:\/\/www.tucomarca.com\/wordpress\/segunda\/wp-content\/uploads\/2024\/10\/ChivaBarranco-300x148.jpg 300w, https:\/\/www.tucomarca.com\/wordpress\/segunda\/wp-content\/uploads\/2024\/10\/ChivaBarranco-768x379.jpg 768w, https:\/\/www.tucomarca.com\/wordpress\/segunda\/wp-content\/uploads\/2024\/10\/ChivaBarranco.jpg 1181w\" sizes=\"auto, (max-width: 1024px) 100vw, 1024px\" \/><\/figure>\n\n\n\n<p>El <strong>29 de octubre de 2024<\/strong> ha quedado grabado en la memoria colectiva de la Comunitat Valenciana como el d\u00eda en que una <strong>DANA hist\u00f3rica<\/strong> descarg\u00f3 con una profusi\u00f3n y violencia inusitada sobre las comarcas del interior de la provincia de Valencia; y m\u00e1s concretamente sobre muchos de los pueblos de <strong>La Hoya de Bu\u00f1ol-Chiva<\/strong>, de <strong>Requena-Utiel, La Ribera Alta<\/strong> y de <strong>La Serran\u00eda<\/strong>, dejando tras de s\u00ed numerosas p\u00e9rdidas humanas, un paisaje de destrucci\u00f3n y un largo proceso de reconstrucci\u00f3n que, un a\u00f1o despu\u00e9s, todav\u00eda no ha terminado.<\/p>\n\n\n\n<p>Los cascos urbanos y t\u00e9rminos municipales m\u00e1s afectados por la DANA en el interior fueron los de <strong>Utiel, Chiva, Cheste y l&#8217;Alc\u00fadia<\/strong>, que sufrieron da\u00f1os graves as\u00ed como el fallecimientos de 6 vecinos en Utiel, 7 en Cheste y 8 en Chiva, adem\u00e1s de 4 fallecidos en el t\u00e9rmino de Godelleta y uno en el de Bu\u00f1ol.&nbsp;<\/p>\n\n\n\n<p>Otras comarcas afectadas adem\u00e1s de La Hoya de Bu\u00f1ol-Chiva y la Plana de Utiel-Requena, fueron tambi\u00e9n las de <strong>El Camp de T\u00faria<\/strong> (y especialmente el t\u00e9rmino de <strong>Riba-roja del T\u00fari<\/strong>a, donde fallecieron 7 personas), <strong>l&#8217;Horta Sud<\/strong> y <strong>La Ribera<\/strong>, en general, que tambi\u00e9n experimentaron inundaciones severas, elevando la cifra de fallecidos a la tr\u00e1gica de 229 (incluidas dos personas a fecha de hoy todav\u00eda desaparecidas).<\/p>\n\n\n\n<p>A nivel econ\u00f3mico, municipios como <strong>Alaqu\u00e0s, Albal, Aldaia, Alfafar, Catarroja, Paiporta, Pincanya y Sedav\u00ed<\/strong>, adem\u00e1s de los pol\u00edgonos industriales de estas \u00e1reas, fueron notablemente perjudicados; as\u00ed como parte del \u00e1rea metropolitana de Valencia, tres de sus pedan\u00edas y sobre todo las localidades que atraviesan los barrancos del<strong> Poyo y l&#8217;Horteta<\/strong>.&nbsp;<\/p>\n\n\n\n<p>Unos barrancos que, como al principio se presupon\u00eda y luego se ha confirmado, no estuvieron inicialmente en el punto de mira de un Cecopi m\u00e1s preocupado por la evoluci\u00f3n de las aguas del Magro (y muy especialmente de la presa de Forata), que de dos cauces &#8220;menores&#8221; que, por desgracia, al final fueron los que mayor n\u00famero de v\u00edctimas y de da\u00f1os materiales se cobraron en esa fat\u00eddica jornada.<\/p>\n\n\n\n<figure class=\"wp-block-image size-full\"><img loading=\"lazy\" decoding=\"async\" width=\"945\" height=\"603\" src=\"http:\/\/www.tucomarca.com\/wordpress\/segunda\/wp-content\/uploads\/2024\/10\/utiel2.jpg\" alt=\"\" class=\"wp-image-242213\" srcset=\"https:\/\/www.tucomarca.com\/wordpress\/segunda\/wp-content\/uploads\/2024\/10\/utiel2.jpg 945w, https:\/\/www.tucomarca.com\/wordpress\/segunda\/wp-content\/uploads\/2024\/10\/utiel2-300x191.jpg 300w, https:\/\/www.tucomarca.com\/wordpress\/segunda\/wp-content\/uploads\/2024\/10\/utiel2-768x490.jpg 768w\" sizes=\"auto, (max-width: 945px) 100vw, 945px\" \/><\/figure>\n\n\n\n<h3 class=\"wp-block-heading\">Unos registros pluviales hist\u00f3ricos: casi 800 litros en Tur\u00eds<\/h3>\n\n\n\n<p>Y es que no es de extra\u00f1ar las consecuencias si se repasa el registro de las precipitaciones de esa jornada, que resulta totalmente escalofriante, ya que se llegaron a registrar <strong>771 litros en Tur\u00eds<\/strong> y hasta en cuatro municipios de Valencia se acercaron o superaron los 500: como en <strong>Chiva 615 mil\u00edmetros<\/strong>; en <strong>Bu\u00f1ol 447,4 mil\u00edmetros<\/strong>; y en <strong>Cheste 382<\/strong>. Unos registros hist\u00f3ricos que dejaron en papel mojado todas las previsiones.<\/p>\n\n\n\n<p>Inicialmente el aviso rojo estaba previsto que llegase solo hasta las 18,00 horas; aunque lo peor de l<strong>a tragedia se intensific\u00f3 a partir de las 16,00 horas<\/strong>. El tren convectivo se reforz\u00f3 a partir de esa hora con tal magnitud que desde primera hora de la tarde ya se dan registros hist\u00f3ricos, como en Tur\u00eds que recoge en s\u00f3lo una hora 185 litros; y cuando el nivel rojo contemplaba 180 litros &#8216;acumulados en 12 horas&#8217;. El t\u00e9rmino municipal de Tur\u00eds registr\u00f3&nbsp;<strong>621 litros s\u00f3lo la tarde del 29 de octubre<\/strong>;<em> lleg\u00e1ndonosla oa<\/em> un acumulado total de 772 litros. Un agua que fue directamente al r\u00edo Magro junto a las lluvias registradas durante las primeras horas del d\u00eda en Utiel.<\/p>\n\n\n\n<p>Aunque la devastaci\u00f3n, la tragedia y el mayor n\u00famero de muertes lo protagonizar\u00eda y discurriera el ya famoso barranco del&nbsp;<strong>Poyo<\/strong>. El t\u00e9rmino de Chiva lleg\u00f3 a acumular 600 litros y aunque durante la ma\u00f1ana ya hab\u00eda llovido algo, pr\u00e1cticamente todos los sum\u00f3 a partir de las tres de la tarde. Unas precipitaciones que discurrieron aguas abajo (realimentadas por las precipitaciones ca\u00eddas en el t\u00e9rmino de Bu\u00f1ol y cuyos barrancos son afluentes del propio Poyo) imparables camino del Circuito Ricardo Tormo y la Autov\u00eda A3, ya en el termino de Cheste, tras arrasar tambi\u00e9n este importante nudo de comunicaci\u00f3n en el t\u00e9rmino de Bu\u00f1ol, aguas atr\u00e1s.<\/p>\n\n\n\n<p>Y todo este aguas, embravecida, camino de las zonas bajas, de l&#8217;Horta, de la Albufera y el mar, &#8220;a m\u00e1s de 30 kil\u00f3metros por hora con una onda de la avenida que llega a tener calados de 15 metros; una absoluta barbaridad&#8221;, como el propio doctor en ingenier\u00eda hidr\u00e1ulica, profesor en la Universitat Polit\u00e8cnica de Val\u00e8ncia, director del laboratorio de hidr\u00e1ulica e investigador del Instituto de Ingenier\u00eda del Agua y Medio Ambiente (IIAMA) de la Universidad Polit\u00e9cnica de Valencia, el bu\u00f1olense Francisco Vall\u00e9s, explicaba en la entrevista mantenida con <strong>tucomarca.com<\/strong> tiempo atr\u00e1s. La tragedia estaba servida.<\/p>\n\n\n\n<figure class=\"wp-block-image size-large\"><img loading=\"lazy\" decoding=\"async\" width=\"763\" height=\"1024\" src=\"http:\/\/www.tucomarca.com\/wordpress\/segunda\/wp-content\/uploads\/2024\/10\/ChivaArrasada-763x1024.jpeg\" alt=\"\" class=\"wp-image-242402\" srcset=\"https:\/\/www.tucomarca.com\/wordpress\/segunda\/wp-content\/uploads\/2024\/10\/ChivaArrasada-763x1024.jpeg 763w, https:\/\/www.tucomarca.com\/wordpress\/segunda\/wp-content\/uploads\/2024\/10\/ChivaArrasada-224x300.jpeg 224w, https:\/\/www.tucomarca.com\/wordpress\/segunda\/wp-content\/uploads\/2024\/10\/ChivaArrasada-768x1031.jpeg 768w, https:\/\/www.tucomarca.com\/wordpress\/segunda\/wp-content\/uploads\/2024\/10\/ChivaArrasada.jpeg 1056w\" sizes=\"auto, (max-width: 763px) 100vw, 763px\" \/><\/figure>\n\n\n\n<h3 class=\"wp-block-heading\">La Hoya de Bu\u00f1ol-Chiva: 20 fallecidos, caminos hundidos, viviendas anegadas y da\u00f1os millonarios<\/h3>\n\n\n\n<p>En <strong>Bu\u00f1ol, Chiva, Cheste, Alborache, Godelleta, Siete Aguas, Y\u00e1tova y Macastre<\/strong> el agua arras\u00f3 caminos rurales, destroz\u00f3 puentes y dej\u00f3 barrios enteros bajo el barro. Y lo m\u00e1s triste, dej\u00f3 <strong>20 v\u00edctimas mortales<\/strong> tanto en los cascos urbanos como en carreteras, campos y puentes. Tanto el r\u00edo Bu\u00f1ol como los barrancos aleda\u00f1os del Poyo y sus afluentes se desbordaron con fuerza, cortando carreteras y dejando incomunicadas varias zonas entre ellos algunos pueblos como Bu\u00f1ol, Cheste, Chiva o Y\u00e1tova. Las p\u00e9rdidas materiales superaron los <strong>10 millones de euros<\/strong> y durante semanas los equipos de emergencia trabajaron sin descanso para recuperar la normalidad.<\/p>\n\n\n\n<p>En <strong>Cheste<\/strong> y <strong>Godelleta<\/strong>, los cultivos de vi\u00f1a y c\u00edtricos quedaron completamente anegados, provocando la p\u00e9rdida de cosechas enteras y afectando a centenares de agricultores. Los parques, colegios y caminos rurales sufrieron tambi\u00e9n cuantiosos da\u00f1os, y la red de agua potable tuvo que ser restablecida en varias poblaciones.<\/p>\n\n\n\n<figure class=\"wp-block-gallery has-nested-images columns-default is-cropped wp-block-gallery-1 is-layout-flex wp-block-gallery-is-layout-flex\">\n<figure class=\"wp-block-image size-large\"><img loading=\"lazy\" decoding=\"async\" width=\"1024\" height=\"768\" data-id=\"283951\" src=\"https:\/\/www.tucomarca.com\/wordpress\/segunda\/wp-content\/uploads\/2025\/10\/UtielViasTren-1024x768.jpg\" alt=\"\" class=\"wp-image-283951\" srcset=\"https:\/\/www.tucomarca.com\/wordpress\/segunda\/wp-content\/uploads\/2025\/10\/UtielViasTren-1024x768.jpg 1024w, https:\/\/www.tucomarca.com\/wordpress\/segunda\/wp-content\/uploads\/2025\/10\/UtielViasTren-300x225.jpg 300w, https:\/\/www.tucomarca.com\/wordpress\/segunda\/wp-content\/uploads\/2025\/10\/UtielViasTren-768x576.jpg 768w, https:\/\/www.tucomarca.com\/wordpress\/segunda\/wp-content\/uploads\/2025\/10\/UtielViasTren-678x509.jpg 678w, https:\/\/www.tucomarca.com\/wordpress\/segunda\/wp-content\/uploads\/2025\/10\/UtielViasTren-326x245.jpg 326w, https:\/\/www.tucomarca.com\/wordpress\/segunda\/wp-content\/uploads\/2025\/10\/UtielViasTren-80x60.jpg 80w, https:\/\/www.tucomarca.com\/wordpress\/segunda\/wp-content\/uploads\/2025\/10\/UtielViasTren.jpg 1181w\" sizes=\"auto, (max-width: 1024px) 100vw, 1024px\" \/><\/figure>\n\n\n\n<figure class=\"wp-block-image size-large\"><img loading=\"lazy\" decoding=\"async\" width=\"945\" height=\"709\" data-id=\"262446\" src=\"https:\/\/www.tucomarca.com\/wordpress\/segunda\/wp-content\/uploads\/2025\/04\/PuenteRoquilloSINvias2.jpg\" alt=\"\" class=\"wp-image-262446\" srcset=\"https:\/\/www.tucomarca.com\/wordpress\/segunda\/wp-content\/uploads\/2025\/04\/PuenteRoquilloSINvias2.jpg 945w, https:\/\/www.tucomarca.com\/wordpress\/segunda\/wp-content\/uploads\/2025\/04\/PuenteRoquilloSINvias2-300x225.jpg 300w, https:\/\/www.tucomarca.com\/wordpress\/segunda\/wp-content\/uploads\/2025\/04\/PuenteRoquilloSINvias2-768x576.jpg 768w, https:\/\/www.tucomarca.com\/wordpress\/segunda\/wp-content\/uploads\/2025\/04\/PuenteRoquilloSINvias2-678x509.jpg 678w, https:\/\/www.tucomarca.com\/wordpress\/segunda\/wp-content\/uploads\/2025\/04\/PuenteRoquilloSINvias2-326x245.jpg 326w, https:\/\/www.tucomarca.com\/wordpress\/segunda\/wp-content\/uploads\/2025\/04\/PuenteRoquilloSINvias2-80x60.jpg 80w\" sizes=\"auto, (max-width: 945px) 100vw, 945px\" \/><\/figure>\n<\/figure>\n\n\n\n<figure class=\"wp-block-image size-large\"><img loading=\"lazy\" decoding=\"async\" width=\"1024\" height=\"682\" src=\"http:\/\/www.tucomarca.com\/wordpress\/segunda\/wp-content\/uploads\/2024\/11\/DANAViasTren-1024x682.jpg\" alt=\"\" class=\"wp-image-244786\" srcset=\"https:\/\/www.tucomarca.com\/wordpress\/segunda\/wp-content\/uploads\/2024\/11\/DANAViasTren-1024x682.jpg 1024w, https:\/\/www.tucomarca.com\/wordpress\/segunda\/wp-content\/uploads\/2024\/11\/DANAViasTren-300x200.jpg 300w, https:\/\/www.tucomarca.com\/wordpress\/segunda\/wp-content\/uploads\/2024\/11\/DANAViasTren-768x512.jpg 768w, https:\/\/www.tucomarca.com\/wordpress\/segunda\/wp-content\/uploads\/2024\/11\/DANAViasTren.jpg 1181w\" sizes=\"auto, (max-width: 1024px) 100vw, 1024px\" \/><\/figure>\n\n\n\n<p>Por no hablar de las<strong> infraestructuras<\/strong>, como puentes (pr\u00e1cticamente ninguno se salv\u00f3 en los cauces afectados por la DANA), carreteras y, especialmente, <strong>la l\u00ednea de Cercan\u00edas C3<\/strong> que une Valencia con Utiel, pasando por muchos de los pueblos de La Hoya, que contin\u00faa inoperativa 365 d\u00edas despu\u00e9s, con muchos de sus tramos con las v\u00edas todav\u00eda por colocar.<\/p>\n\n\n\n<figure class=\"wp-block-image size-full\"><img loading=\"lazy\" decoding=\"async\" width=\"960\" height=\"686\" src=\"http:\/\/www.tucomarca.com\/wordpress\/segunda\/wp-content\/uploads\/2024\/10\/DANAUtiel.jpg\" alt=\"\" class=\"wp-image-242215\" srcset=\"https:\/\/www.tucomarca.com\/wordpress\/segunda\/wp-content\/uploads\/2024\/10\/DANAUtiel.jpg 960w, https:\/\/www.tucomarca.com\/wordpress\/segunda\/wp-content\/uploads\/2024\/10\/DANAUtiel-300x214.jpg 300w, https:\/\/www.tucomarca.com\/wordpress\/segunda\/wp-content\/uploads\/2024\/10\/DANAUtiel-768x549.jpg 768w\" sizes=\"auto, (max-width: 960px) 100vw, 960px\" \/><\/figure>\n\n\n\n<h3 class=\"wp-block-heading\">Requena-Utiel: las primeras v\u00edctimas mortales; sin tren y el campo, el m\u00e1s golpeado<\/h3>\n\n\n\n<p>La comarca de <strong>Requena-Utiel<\/strong> vivi\u00f3 momentos dram\u00e1ticos. Tras la zona de La Ribera, fue la que antes sufri\u00f3 el impacto del temporal as\u00ed como la p\u00e9rdida de 6 de sus vecinos, concretamente en <strong>Utiel<\/strong>.<\/p>\n\n\n\n<p>El desbordamiento del <strong>r\u00edo Magro<\/strong> al mediod\u00eda inund\u00f3 campos y bodegas, y la <strong>DO Utiel-Requena<\/strong> cifr\u00f3 en m\u00e1s de <strong>30 millones de euros<\/strong> las p\u00e9rdidas en explotaciones vitivin\u00edcolas y caminos agr\u00edcolas. En municipios como <strong>Venta del Moro<\/strong>, <strong>Caudete de las Fuentes<\/strong> o <strong>Sinarcas<\/strong>, la fuerza del agua arrastr\u00f3 maquinaria y da\u00f1\u00f3 infraestructuras b\u00e1sicas.<\/p>\n\n\n\n<p>El acceso a algunas aldeas de <strong>Requena<\/strong> qued\u00f3 cortado durante d\u00edas, mientras los vecinos se organizaban para despejar caminos y salvar lo que pod\u00edan. A d\u00eda de hoy, muchas explotaciones a\u00fan esperan las ayudas prometidas, entre otras entidades, por el <strong>Consorcio de Compensaci\u00f3n de Seguros<\/strong>.<\/p>\n\n\n\n<figure class=\"wp-block-embed is-type-video is-provider-youtube wp-block-embed-youtube wp-embed-aspect-16-9 wp-has-aspect-ratio\"><div class=\"wp-block-embed__wrapper\">\n<iframe loading=\"lazy\" title=\"La Ribera Alta y La Hoya de Bu\u00f1ol-Chiva, entre las comarcas m\u00e1s afectadas por la DANA.\" width=\"500\" height=\"281\" src=\"https:\/\/www.youtube.com\/embed\/25SoYMib3WM?feature=oembed\" frameborder=\"0\" allow=\"accelerometer; autoplay; clipboard-write; encrypted-media; gyroscope; picture-in-picture; web-share\" referrerpolicy=\"strict-origin-when-cross-origin\" allowfullscreen><\/iframe>\n<\/div><\/figure>\n\n\n\n<h3 class=\"wp-block-heading\">La Ribera Alta: el Turia y el J\u00facar, los primeros en desbordarse y los primeros en sufrir las consecuencias<\/h3>\n\n\n\n<p>El temporal tambi\u00e9n golpe\u00f3 con especial dureza y antes que al resto del territorio a la <strong>Ribera Alta<\/strong>, donde el <strong>r\u00edo J\u00facar<\/strong> se desbord\u00f3 a su paso por municipios como <strong>Alzira<\/strong> (y que provoc\u00f3 una personas fallecida), <strong>Carcaixent<\/strong>, <strong>Algemes\u00ed<\/strong> (con 3 fallecidos) o <strong>Sumac\u00e0rcer<\/strong>; afectando tambi\u00e9n a t\u00e9rminos como el de <strong>L&#8217;Alc\u00fadia<\/strong> (con dos fallecidos), <strong>Guadassuar<\/strong> (2 fallecidos), <strong>Tur\u00eds, Carlet, Catadau, Llombai, Monserrat o Montroi<\/strong>. Calles enteras quedaron bajo el agua, las estaciones de bombeo se colapsaron y cientos de familias tuvieron que ser evacuadas. A estos graves desperfectos se suma la p\u00e9rdida de dos vidas en <\/p>\n\n\n\n<p>Las zonas agr\u00edcolas m\u00e1s afectadas fueron las de los m\u00e1rgenes del r\u00edo, donde se perdieron miles de hect\u00e1reas de c\u00edtricos. Las Administraciones locales reclamaron entonces un <strong>plan urgente de limpieza de cauces<\/strong> y mejoras en las infraestructuras hidr\u00e1ulicas para evitar una tragedia similar.<\/p>\n\n\n\n<figure class=\"wp-block-image size-large\"><img loading=\"lazy\" decoding=\"async\" width=\"1024\" height=\"577\" src=\"http:\/\/www.tucomarca.com\/wordpress\/segunda\/wp-content\/uploads\/2025\/05\/GCGEASPedralba-1024x577.jpg\" alt=\"\" class=\"wp-image-266038\" srcset=\"https:\/\/www.tucomarca.com\/wordpress\/segunda\/wp-content\/uploads\/2025\/05\/GCGEASPedralba-1024x577.jpg 1024w, https:\/\/www.tucomarca.com\/wordpress\/segunda\/wp-content\/uploads\/2025\/05\/GCGEASPedralba-300x169.jpg 300w, https:\/\/www.tucomarca.com\/wordpress\/segunda\/wp-content\/uploads\/2025\/05\/GCGEASPedralba-768x433.jpg 768w, https:\/\/www.tucomarca.com\/wordpress\/segunda\/wp-content\/uploads\/2025\/05\/GCGEASPedralba-678x381.jpg 678w, https:\/\/www.tucomarca.com\/wordpress\/segunda\/wp-content\/uploads\/2025\/05\/GCGEASPedralba.jpg 1181w\" sizes=\"auto, (max-width: 1024px) 100vw, 1024px\" \/><\/figure>\n\n\n\n<h3 class=\"wp-block-heading\">La Serran\u00eda: pueblos aislados y carreteras cortadas<\/h3>\n\n\n\n<p>En la <strong>Serran\u00eda<\/strong>, las v\u00edctimas mortales se produjeron en <strong>Pedralba<\/strong> (3 personas), <strong>Sot de Chera<\/strong> (una persona) y <strong>Loriguilla<\/strong> (una personas); y municipios como <strong>Chelva<\/strong>, <strong>Tu\u00e9jar<\/strong>, <strong>Calles<\/strong> o <strong>Titaguas<\/strong> sufrieron tambi\u00e9n los efectos de las intensas lluvias y los desprendimientos. Las carreteras CV-35 y CV-346 quedaron cortadas durante horas; y varias viviendas resultaron afectadas por inundaciones en s\u00f3tanos y bajos.<\/p>\n\n\n\n<p>Los bomberos del <strong>Consorcio Provincial de Valencia<\/strong> realizaron m\u00e1s de 200 intervenciones solo en esta comarca, especialmente en rescates de personas atrapadas en sus veh\u00edculos o viviendas.<\/p>\n\n\n\n<figure class=\"wp-block-embed is-type-video is-provider-youtube wp-block-embed-youtube wp-embed-aspect-16-9 wp-has-aspect-ratio\"><div class=\"wp-block-embed__wrapper\">\n<iframe loading=\"lazy\" title=\"V\u00eddeo: as\u00ed ha sido el paso de la catastr\u00f3fica DANA por Bu\u00f1ol\" width=\"500\" height=\"281\" src=\"https:\/\/www.youtube.com\/embed\/lX9BgLJI47Y?feature=oembed\" frameborder=\"0\" allow=\"accelerometer; autoplay; clipboard-write; encrypted-media; gyroscope; picture-in-picture; web-share\" referrerpolicy=\"strict-origin-when-cross-origin\" allowfullscreen><\/iframe>\n<\/div><\/figure>\n\n\n\n<h3 class=\"wp-block-heading\">Un a\u00f1o despu\u00e9s: heridas que a\u00fan tardar\u00e1n en cerrar<\/h3>\n\n\n\n<p>Doce meses despu\u00e9s de la cat\u00e1strofe, las heridas siguen abiertas. Aunque las principales carreteras y servicios b\u00e1sicos se han restablecido, muchos agricultores y vecinos todav\u00eda esperan indemnizaciones. La <strong>Generalitat Valenciana<\/strong> ha impulsado planes de reconstrucci\u00f3n y prevenci\u00f3n, pero el recuerdo de aquella jornada \u2014con <strong>229 v\u00edctimas mortales y miles de damnificados<\/strong> en toda la Comunitat\u2014 sigue vivo.<\/p>\n\n\n\n<p>La DANA del 29-O no solo arras\u00f3 campos y pueblos; tambi\u00e9n dej\u00f3 una lecci\u00f3n imborrable sobre la necesidad de <strong>planificaci\u00f3n, prevenci\u00f3n, educaci\u00f3n a la ciudadan\u00eda ante estas cat\u00e1strofes y, sobre todo, coordinaci\u00f3n entre administraciones<\/strong> ante fen\u00f3menos meteorol\u00f3gicos extremos que, en latitudes como esta, son no s\u00f3lo caracter\u00edsticos de un clima mediterr\u00e1neo sino tambi\u00e9n demasiado frecuentes como para no estar, a estas alturas, preparados para afrontarlos con garant\u00edas.<\/p>\n\n\n\n<h3 class=\"wp-block-heading\">29 d&#8217;octubre de 2024: m\u00e9s de mil not\u00edcies i 365 dies en imatges despr\u00e9s<\/h3>\n\n\n\n<p>Des que el passat 29 d&#8217;octubre de 2024 la DANA provocara la major cat\u00e0strofe natural que han patit molts dels municipis de les comarques de l&#8217;interior de la prov\u00edncia de Val\u00e8ncia en tota la seua hist\u00f2ria, des de La Serran\u00eda a Camp de T\u00faria, passant per Requena-Utiel, La Foia de Bunyol, La Canal de Navarr\u00e9s i La Ribera Alta, han sigut m\u00e9s de mil (concretament 1.060) les not\u00edcies publicades per <strong>tucomarca.com<\/strong>; aix\u00ed com m\u00e9s d&#8217;un miler les fotogaler\u00edas (129) i v\u00eddeos (m\u00e9s de 30) els que des de <strong>tucomarca televisi\u00f3 <\/strong>s&#8217;han publicat en aquests 365 dies, una mostra de precisament aquests \u00faltims s&#8217;arrepleguen en aquesta <a href=\"https:\/\/www.youtube.com\/playlist?list=PLgSnWhBMggnjWUZlYmbPbpRggaJhplmet\">llista de reproducci\u00f3<\/a>.<\/p>\n","protected":false},"excerpt":{"rendered":"<div class=\"mh-excerpt\">Si per a molts ve\u00efns i ve\u00efnes dels pobles de l&#8217;interior de la prov\u00edncia de Val\u00e8ncia hi ha una data que marca un abans i un despr\u00e9s en les seues vides, eixa \u00e9s sens dubte <a class=\"mh-excerpt-more\" href=\"https:\/\/www.tucomarca.com\/wordpress\/segunda\/ca\/29-doctubre-de-2024-un-dia-que-ha-quedat-gravat-en-la-memoria-collectiva-dels-habitants-de-les-comarques-de-linterior\/\" title=\"29 d&#8217;octubre de 2024: un dia que ha quedat gravat en la mem\u00f2ria col\u00b7lectiva dels habitants de les comarques de l&#8217;interior\">[+] <\/a><\/div>\n","protected":false},"author":12,"featured_media":242403,"comment_status":"open","ping_status":"open","sticky":false,"template":"","format":"standard","meta":{"footnotes":""},"categories":[10973,10983,10889,11041,10911,11038,10892,11031,10990,10991,11032,11039,11036,21466,10976,11046,11034,10977,10980,10948,10963,10894,10904,10912,10902,10997,10978,10903,10970,11000,11001,11025,10947,11051,10908,10909,10906,10896,10979,11058,11026,10897,11049,11027,11028,11047,11059,11060,11062,10974,10975],"tags":[10899,15409,10914,11077,10910],"class_list":{"0":"post-283990","1":"post","2":"type-post","3":"status-publish","4":"format-standard","5":"has-post-thumbnail","7":"category-alborache-ca","8":"category-algemesi-ca","9":"category-alzira-cat","10":"category-benageber-ca","11":"category-bunol-ca","12":"category-calles-ca","13":"category-camp-de-turia-ca","14":"category-camporrobles-ca","15":"category-carlet-ca","16":"category-catadau-ca","17":"category-caudete-ca","18":"category-chelva-ca","19":"category-chulilla-ca","20":"category-dana-ca","21":"category-dos-aguas-ca","22":"category-los-serranos-ca","23":"category-gestalgar-ca","24":"category-godelleta-ca","25":"category-yatova-ca","26":"category-infraestructuras-ca","27":"category-la-canal-de-navarres-ca","28":"category-la-comarca-ca","29":"category-sin-categorizar-ca","30":"category-la-hoya-ca","31":"category-la-ribera-ca","32":"category-llombai-ca","33":"category-macastre-ca","34":"category-medio-ambiente-la-comarca-ca","35":"category-millares-ca","36":"category-monserrat-ca","37":"category-montroi-ca","38":"category-pedralba-ca","39":"category-politica","40":"category-real-de-montroi-ca","41":"category-requena-ca","42":"category-requena-utiel-ca","43":"category-riba-roja-ca","44":"category-seccion-ca","45":"category-siete-aguas-ca","46":"category-sinarcas-ca","47":"category-sot-de-chera-ca","48":"category-sucesos-la-comarca-ca","49":"category-sumacarcer-ca","50":"category-titaguas-ca","51":"category-tuejar-ca","52":"category-turis-ca","53":"category-utiel-ca","54":"category-venta-del-moro-ca","55":"category-videos","56":"category-cheste-ca","57":"category-chiva-ca","58":"tag-camp-de-turia-ca","59":"tag-dana-2-ca","60":"tag-la-hoya-de-bunol-chiva-ca","61":"tag-la-ribera-alta-ca","62":"tag-requena-utiel-ca"},"_links":{"self":[{"href":"https:\/\/www.tucomarca.com\/wordpress\/segunda\/ca\/wp-json\/wp\/v2\/posts\/283990","targetHints":{"allow":["GET"]}}],"collection":[{"href":"https:\/\/www.tucomarca.com\/wordpress\/segunda\/ca\/wp-json\/wp\/v2\/posts"}],"about":[{"href":"https:\/\/www.tucomarca.com\/wordpress\/segunda\/ca\/wp-json\/wp\/v2\/types\/post"}],"author":[{"embeddable":true,"href":"https:\/\/www.tucomarca.com\/wordpress\/segunda\/ca\/wp-json\/wp\/v2\/users\/12"}],"replies":[{"embeddable":true,"href":"https:\/\/www.tucomarca.com\/wordpress\/segunda\/ca\/wp-json\/wp\/v2\/comments?post=283990"}],"version-history":[{"count":0,"href":"https:\/\/www.tucomarca.com\/wordpress\/segunda\/ca\/wp-json\/wp\/v2\/posts\/283990\/revisions"}],"wp:featuredmedia":[{"embeddable":true,"href":"https:\/\/www.tucomarca.com\/wordpress\/segunda\/ca\/wp-json\/wp\/v2\/media\/242403"}],"wp:attachment":[{"href":"https:\/\/www.tucomarca.com\/wordpress\/segunda\/ca\/wp-json\/wp\/v2\/media?parent=283990"}],"wp:term":[{"taxonomy":"category","embeddable":true,"href":"https:\/\/www.tucomarca.com\/wordpress\/segunda\/ca\/wp-json\/wp\/v2\/categories?post=283990"},{"taxonomy":"post_tag","embeddable":true,"href":"https:\/\/www.tucomarca.com\/wordpress\/segunda\/ca\/wp-json\/wp\/v2\/tags?post=283990"}],"curies":[{"name":"wp","href":"https:\/\/api.w.org\/{rel}","templated":true}]}}