{"id":284076,"date":"2025-10-30T12:00:00","date_gmt":"2025-10-30T10:00:00","guid":{"rendered":"https:\/\/www.tucomarca.com\/wordpress\/segunda\/?p=284076"},"modified":"2025-10-30T15:11:16","modified_gmt":"2025-10-30T13:11:16","slug":"vicent-mompo-destaca-la-importancia-de-la-formacio-davant-demergencies-com-la-millor-ferramenta-per-a-protegir-la-poblacio","status":"publish","type":"post","link":"https:\/\/www.tucomarca.com\/wordpress\/segunda\/ca\/vicent-mompo-destaca-la-importancia-de-la-formacio-davant-demergencies-com-la-millor-ferramenta-per-a-protegir-la-poblacio\/","title":{"rendered":"Vicent Momp\u00f3 destaca la import\u00e0ncia de la formaci\u00f3 davant d&#8217;emerg\u00e8ncies \u201ccom la millor ferramenta per a protegir la poblaci\u00f3\u201d"},"content":{"rendered":"\n<h3 class=\"wp-block-heading\">El president de la Diputaci\u00f3 de Val\u00e8ncia inaugura el curs \u2018El paper dels ajuntaments davant d&#8217;esdeveniments catastr\u00f2fics\u2019, que formar\u00e0 a t\u00e8cnics i c\u00e0rrecs electes municipals per a preparar-se davant futures emerg\u00e8ncies.<\/h3>\n\n\n\n<h3 class=\"wp-block-heading\">Este cicle formatiu, impulsat per l&#8217;\u00e0rea de Formaci\u00f3 que dirigix el diputat Ricardo Gabald\u00f3n, consta de quatre sessions centrades en els plans d&#8217;emerg\u00e8ncies, la coordinaci\u00f3 i l&#8217;atenci\u00f3 ciutadana.<\/h3>\n\n\n\n<p>El president de la Diputaci\u00f3 de Val\u00e8ncia, Vicent Momp\u00f3, ha obert este dijous el curs \u2018El paper dels ajuntaments davant d&#8217;esdeveniments catastr\u00f2fics: la planificaci\u00f3 i gesti\u00f3 de les emerg\u00e8ncies\u2019, dirigit al personal t\u00e8cnic i als c\u00e0rrecs electes dels ajuntaments de la prov\u00edncia, amb l&#8217;objectiu que coneguen i s\u00e0pien analitzar els diferents elements que intervenen en una adequada planificaci\u00f3 de l&#8217;emerg\u00e8ncia des de l&#8217;\u00e0mbit municipal. En el curs participen representants de prop de 70 entitats locals, entre ajuntaments, mancomunitats i organismes p\u00fablics.<\/p>\n\n\n\n<p>Durant la seua intervenci\u00f3, Momp\u00f3 ha destacat \u201cla rellev\u00e0ncia que t\u00e9 formar al personal dels ajuntaments perqu\u00e8 s\u00e0pien actuar davant una cat\u00e0strofe, perqu\u00e8 \u00e9s la instituci\u00f3 m\u00e9s pr\u00f2xima. La formaci\u00f3 \u00e9s la millor ferramenta per a protegir la poblaci\u00f3 en estos casos. Per aix\u00f2 \u00e9s clau con\u00e9ixer cada protocol, entendre cada procediment i assumir el paper de cada un. Cada coneixement adquirit hui pot salvar vides dem\u00e0\u201d.<\/p>\n\n\n\n<p>El president provincial ha subratllat tamb\u00e9 \u201cel comprom\u00eds de la Diputaci\u00f3 enfront a les situacions d&#8217;emerg\u00e8ncia, que va m\u00e9s enll\u00e0 de la mobilitzaci\u00f3 de recursos materials, i que inclou la formaci\u00f3, la preparaci\u00f3 i la resposta cont\u00ednua dels nostres ajuntaments. I \u00e9s que en un moment donat la difer\u00e8ncia la marca el comptar amb persones preparades i equips coordinats\u201d. Finalment, Momp\u00f3 ha animat als assistents a este curs a \u201cimplicar-se en l&#8217;aprenentatge, a compartir experi\u00e8ncies, a debatre i a posar en pr\u00e0ctica cada coneixement adquirit\u201d.<\/p>\n\n\n\n<p><strong>Sessions formatives<\/strong><\/p>\n\n\n\n<p>Este cicle formatiu posat en marxa per l&#8217;\u00e0rea de Formaci\u00f3 que dirigix el diputat Ricardo Gabald\u00f3n consta de quatre sessions. La primera d&#8217;elles, celebrada este dijous, s&#8217;ha centrat en l&#8217;elaboraci\u00f3 dels plans d&#8217;emerg\u00e8ncia per part dels ajuntaments, especialment en tota la normativa vigent, amb exemples pr\u00e0ctics per part d&#8217;experts en cat\u00e0strofes naturals.<\/p>\n\n\n\n<p>La segona jornada, que tindr\u00e0 lloc este divendres 31 d&#8217;octubre, abordar\u00e0 la implantaci\u00f3 d&#8217;eixos plans d&#8217;emerg\u00e8ncia. Diversos alcaldes exposaran l&#8217;experi\u00e8ncia de la implantaci\u00f3 en els seus municipis, i a m\u00e9s s&#8217;analitzar\u00e0 la col\u00b7laboraci\u00f3 de consultores especialitzades en este \u00e0mbit. El 13 de novembre se celebra la tercera sessi\u00f3, en la qual s&#8217;estudiar\u00e0 el paper dels servicis socials i l&#8217;atenci\u00f3 a les persones en situacions d&#8217;emerg\u00e8ncia, un aspecte essencial en la gesti\u00f3 d&#8217;una trag\u00e8dia.<\/p>\n\n\n\n<p>Finalment, en la quarta jornada, el 14 de novembre, els participants ampliaran els seus coneixements en una mat\u00e8ria sensible quan ocorre una cat\u00e0strofe: la coordinaci\u00f3 entre institucions i agents d&#8217;emerg\u00e8ncies, analitzant a fons el paper del CECOPAL.<\/p>\n\n\n\n<p><\/p>\n","protected":false},"excerpt":{"rendered":"<div class=\"mh-excerpt\">El president de la Diputaci\u00f3 de Val\u00e8ncia inaugura el curs \u2018El paper dels ajuntaments davant d&#8217;esdeveniments catastr\u00f2fics\u2019, que formar\u00e0 a t\u00e8cnics i c\u00e0rrecs electes municipals per a preparar-se davant futures emerg\u00e8ncies. Este cicle formatiu, impulsat <a class=\"mh-excerpt-more\" href=\"https:\/\/www.tucomarca.com\/wordpress\/segunda\/ca\/vicent-mompo-destaca-la-importancia-de-la-formacio-davant-demergencies-com-la-millor-ferramenta-per-a-protegir-la-poblacio\/\" title=\"Vicent Momp\u00f3 destaca la import\u00e0ncia de la formaci\u00f3 davant d&#8217;emerg\u00e8ncies \u201ccom la millor ferramenta per a protegir la poblaci\u00f3\u201d\">[+] <\/a><\/div>\n","protected":false},"author":12,"featured_media":284105,"comment_status":"open","ping_status":"open","sticky":false,"template":"","format":"standard","meta":{"footnotes":""},"categories":[21466,10898,10948,10894,10904,10903,10947,10896,10897],"tags":[23270,15409,11246,11247,22405,19427,16563],"class_list":{"0":"post-284076","1":"post","2":"type-post","3":"status-publish","4":"format-standard","5":"has-post-thumbnail","7":"category-dana-ca","8":"category-ventana-ca","9":"category-infraestructuras-ca","10":"category-la-comarca-ca","11":"category-sin-categorizar-ca","12":"category-medio-ambiente-la-comarca-ca","13":"category-politica","14":"category-seccion-ca","15":"category-sucesos-la-comarca-ca","16":"tag-acontecimientos-catastroficos-ca","17":"tag-dana-2-ca","18":"tag-diputacio-de-valencia-ca","19":"tag-emergencias-ca","20":"tag-formacion-municipal-ca","21":"tag-ricardo-gabaldon-ca","22":"tag-vicente-mompo-ca"},"_links":{"self":[{"href":"https:\/\/www.tucomarca.com\/wordpress\/segunda\/ca\/wp-json\/wp\/v2\/posts\/284076","targetHints":{"allow":["GET"]}}],"collection":[{"href":"https:\/\/www.tucomarca.com\/wordpress\/segunda\/ca\/wp-json\/wp\/v2\/posts"}],"about":[{"href":"https:\/\/www.tucomarca.com\/wordpress\/segunda\/ca\/wp-json\/wp\/v2\/types\/post"}],"author":[{"embeddable":true,"href":"https:\/\/www.tucomarca.com\/wordpress\/segunda\/ca\/wp-json\/wp\/v2\/users\/12"}],"replies":[{"embeddable":true,"href":"https:\/\/www.tucomarca.com\/wordpress\/segunda\/ca\/wp-json\/wp\/v2\/comments?post=284076"}],"version-history":[{"count":0,"href":"https:\/\/www.tucomarca.com\/wordpress\/segunda\/ca\/wp-json\/wp\/v2\/posts\/284076\/revisions"}],"wp:featuredmedia":[{"embeddable":true,"href":"https:\/\/www.tucomarca.com\/wordpress\/segunda\/ca\/wp-json\/wp\/v2\/media\/284105"}],"wp:attachment":[{"href":"https:\/\/www.tucomarca.com\/wordpress\/segunda\/ca\/wp-json\/wp\/v2\/media?parent=284076"}],"wp:term":[{"taxonomy":"category","embeddable":true,"href":"https:\/\/www.tucomarca.com\/wordpress\/segunda\/ca\/wp-json\/wp\/v2\/categories?post=284076"},{"taxonomy":"post_tag","embeddable":true,"href":"https:\/\/www.tucomarca.com\/wordpress\/segunda\/ca\/wp-json\/wp\/v2\/tags?post=284076"}],"curies":[{"name":"wp","href":"https:\/\/api.w.org\/{rel}","templated":true}]}}