{"id":284146,"date":"2025-10-30T07:00:00","date_gmt":"2025-10-30T05:00:00","guid":{"rendered":"https:\/\/www.tucomarca.com\/wordpress\/segunda\/?p=284146"},"modified":"2025-10-30T21:15:39","modified_gmt":"2025-10-30T19:15:39","slug":"__trashed-7","status":"publish","type":"post","link":"https:\/\/www.tucomarca.com\/wordpress\/segunda\/ca\/__trashed-7\/","title":{"rendered":"El PSOE d&#8217;Alboraig acusa de &#8220;censura&#8221; al govern municipal en l&#8217;acte del minut de silenci per les v\u00edctimes de la DANA"},"content":{"rendered":"\n<p>Des del Partit Socialista d&#8217;Alboraig han assegurat que l&#8217;Ajuntament de la localitat &#8220;ha generat una gran controv\u00e8rsia en censurar una foto en la qual el portaveu del PSPV-PSOE exigia just\u00edcia per a les 229 v\u00edctimes de la DANA i la dimissi\u00f3 del president Maz\u00f3n. La censura es produeix en un context en el qual l&#8217;alcalde d&#8217;Alboraig va brillar per la seua abs\u00e8ncia en el minut de silenci convocat, per ell mateix, en mem\u00f2ria de les v\u00edctimes&#8221;.<\/p>\n\n\n\n<p>&#8220;La foto censurada, que circulava en xarxes socials, feia una clara crida a la responsabilitat pol\u00edtica i exigia just\u00edcia per a les fam\u00edlies afectades per la DANA. La decisi\u00f3 de l&#8217;Ajuntament d&#8217;eliminar aquesta imatge ha sigut \u00e0mpliament criticada per l&#8217;oposici\u00f3, que la considera un intent de silenciar les veus cr\u00edtiques i ocultar la veritat sobre la gesti\u00f3 de la crisi&#8221;, segons han manifestat des de de el PSPV-PSOE.<\/p>\n\n\n\n<p>&#8220;\u00c9s inacceptable que l&#8217;Ajuntament censure una foto que simplement busca just\u00edcia per a les v\u00edctimes i les seues fam\u00edlies&#8221;, va declarar el portaveu del PSPV-PSOE Vicente Darder Hig\u00f3n &#8220;L&#8217;abs\u00e8ncia de l&#8217;alcalde en el minut de silenci \u00e9s un clar exemple de la seua falta de comprom\u00eds amb les v\u00edctimes i la seua mem\u00f2ria&#8221;, han afegit des del Partit Socialista.<\/p>\n\n\n\n<p>&#8220;L&#8217;abs\u00e8ncia de l&#8217;alcalde en l&#8217;acte d&#8217;homenatge a les v\u00edctimes ha generat un gran malestar entre els ve\u00efns i l&#8217;oposici\u00f3, que consideren que la seua pres\u00e8ncia era obligat\u00f2ria per a mostrar respecte i solidaritat amb les fam\u00edlies afectades. El PSPV-PSOE ha anunciat que investigar\u00e0 les circumst\u00e0ncies de la censura i ha exigit a l&#8217;Ajuntament que explique els seus motius per a prendre aquesta decisi\u00f3. A m\u00e9s, ha sol\u00b7licitat la compareixen\u00e7a de l&#8217;alcalde perqu\u00e8 explique la seua abs\u00e8ncia en el minut de silenci i el seu paper en la censura de la foto&#8221;.<\/p>\n\n\n\n<p>&#8220;La pol\u00e8mica generada a Alboraig ha posat en relleu la tensi\u00f3 pol\u00edtica existent a l&#8217;Ajuntament i ha generat un debat sobre la transpar\u00e8ncia i la llibertat d&#8217;expressi\u00f3 en la gesti\u00f3 municipal&#8221;, han finalitzat des del PSPV-PSOE en la seua nota.<\/p>\n","protected":false},"excerpt":{"rendered":"<div class=\"mh-excerpt\">Des del Partit Socialista d&#8217;Alboraig han assegurat que l&#8217;Ajuntament de la localitat &#8220;ha generat una gran controv\u00e8rsia en censurar una foto en la qual el portaveu del PSPV-PSOE exigia just\u00edcia per a les 229 v\u00edctimes <a class=\"mh-excerpt-more\" href=\"https:\/\/www.tucomarca.com\/wordpress\/segunda\/ca\/__trashed-7\/\" title=\"El PSOE d&#8217;Alboraig acusa de &#8220;censura&#8221; al govern municipal en l&#8217;acte del minut de silenci per les v\u00edctimes de la DANA\">[+] <\/a><\/div>\n","protected":false},"author":12,"featured_media":284145,"comment_status":"open","ping_status":"open","sticky":false,"template":"","format":"standard","meta":{"footnotes":""},"categories":[10973,10894,10912,10947,10896],"tags":[11224,10914,11607],"class_list":{"0":"post-284146","1":"post","2":"type-post","3":"status-publish","4":"format-standard","5":"has-post-thumbnail","7":"category-alborache-ca","8":"category-la-comarca-ca","9":"category-la-hoya-ca","10":"category-politica","11":"category-seccion-ca","12":"tag-alborache-ca","13":"tag-la-hoya-de-bunol-chiva-ca","14":"tag-pspv-psoe-alborache-ca"},"_links":{"self":[{"href":"https:\/\/www.tucomarca.com\/wordpress\/segunda\/ca\/wp-json\/wp\/v2\/posts\/284146","targetHints":{"allow":["GET"]}}],"collection":[{"href":"https:\/\/www.tucomarca.com\/wordpress\/segunda\/ca\/wp-json\/wp\/v2\/posts"}],"about":[{"href":"https:\/\/www.tucomarca.com\/wordpress\/segunda\/ca\/wp-json\/wp\/v2\/types\/post"}],"author":[{"embeddable":true,"href":"https:\/\/www.tucomarca.com\/wordpress\/segunda\/ca\/wp-json\/wp\/v2\/users\/12"}],"replies":[{"embeddable":true,"href":"https:\/\/www.tucomarca.com\/wordpress\/segunda\/ca\/wp-json\/wp\/v2\/comments?post=284146"}],"version-history":[{"count":0,"href":"https:\/\/www.tucomarca.com\/wordpress\/segunda\/ca\/wp-json\/wp\/v2\/posts\/284146\/revisions"}],"wp:featuredmedia":[{"embeddable":true,"href":"https:\/\/www.tucomarca.com\/wordpress\/segunda\/ca\/wp-json\/wp\/v2\/media\/284145"}],"wp:attachment":[{"href":"https:\/\/www.tucomarca.com\/wordpress\/segunda\/ca\/wp-json\/wp\/v2\/media?parent=284146"}],"wp:term":[{"taxonomy":"category","embeddable":true,"href":"https:\/\/www.tucomarca.com\/wordpress\/segunda\/ca\/wp-json\/wp\/v2\/categories?post=284146"},{"taxonomy":"post_tag","embeddable":true,"href":"https:\/\/www.tucomarca.com\/wordpress\/segunda\/ca\/wp-json\/wp\/v2\/tags?post=284146"}],"curies":[{"name":"wp","href":"https:\/\/api.w.org\/{rel}","templated":true}]}}