{"id":284160,"date":"2025-10-30T14:00:00","date_gmt":"2025-10-30T12:00:00","guid":{"rendered":"https:\/\/www.tucomarca.com\/wordpress\/segunda\/?p=284160"},"modified":"2025-10-30T21:19:18","modified_gmt":"2025-10-30T19:19:18","slug":"martinez-mus-recalca-el-paper-de-les-150-empreses-que-han-participat-en-la-reconstruccio-i-els-insta-a-collaborar-amb-el-projecte-dels-parcs-inundables","status":"publish","type":"post","link":"https:\/\/www.tucomarca.com\/wordpress\/segunda\/ca\/martinez-mus-recalca-el-paper-de-les-150-empreses-que-han-participat-en-la-reconstruccio-i-els-insta-a-collaborar-amb-el-projecte-dels-parcs-inundables\/","title":{"rendered":"Mart\u00ednez Mus recalca el paper de les 150 empreses que han participat en la reconstrucci\u00f3 i els insta a col\u00b7laborar amb el projecte dels parcs inundables"},"content":{"rendered":"\n<h3 class=\"wp-block-heading\">El conseller es reuneix amb la Federaci\u00f3 d&#8217;Empreses de la Comunitat Valenciana Contractistes d&#8217;Obres de l&#8217;Administraci\u00f3.<\/h3>\n\n\n\n<h3 class=\"wp-block-heading\">El titular d&#8217;Infraestructures presenta un balan\u00e7 dels projectes despr\u00e9s de les riuades que sumen 700 milions i el full de ruta per a les futures obres.<\/h3>\n\n\n\n<p>El conseller de Medi Ambient, Infraestructures i Territori, Vicente Mart\u00ednez Mus, ha recalcat el paper de les 150 empreses que han participat en la reconstrucci\u00f3 despr\u00e9s de les riuades i els ha tendit la m\u00e0 per a col\u00b7laborar amb la iniciativa de construcci\u00f3 de parcs inundables, aix\u00ed com en diferents projectes futurs per al conjunt de la Comunitat Valenciana.<\/p>\n\n\n\n<p>En aquests termes s&#8217;ha pronunciat Mart\u00ednez Mus, despr\u00e9s de participar en una trobada amb la Federaci\u00f3 d&#8217;Empreses de la Comunitat Valenciana Contractistes d&#8217;Obres de l&#8217;Administraci\u00f3 (Fecoval) al costat del seu president, Jos\u00e9 Luis Santa Isabel, aix\u00ed com diferents alts c\u00e0rrecs de l&#8217;entitat i de la Conselleria.<\/p>\n\n\n\n<p>En la trobada ha reconegut que des de la Conselleria \u201csempre s&#8217;ha mantingut una coordinaci\u00f3 constant i un vincle de col\u00b7laboraci\u00f3 amb el sector privat, que ha sigut determinant per a garantir una recuperaci\u00f3 \u00e0gil, solvent i eficient despr\u00e9s de les riuades\u201d.<\/p>\n\n\n\n<p>Mart\u00ednez Mus ha recordat que la Conselleria de Medi Ambient, Infraestructures i Territori ha pogut mobilitzar i executar, quasi \u00edntegrament, un total de 700 milions d&#8217;euros en el marc de les labors de reconstrucci\u00f3.<\/p>\n\n\n\n<p>D&#8217;aquests, s\u00f3n 77 milions en infraestructures auton\u00f2miques que han perm\u00e9s recuperar 18 carreteres auton\u00f2miques, aix\u00ed com 52 milions en infraestructures locals els treballs de les quals no poden assumir els consistoris. D&#8217;elles, dos ter\u00e7os estan ja finalitzades igual que el gruix de les labors de reconstrucci\u00f3 de la xarxa de Metrovalencia, que va permetre recuperar el servei el 27 de juny gr\u00e0cies a una inversi\u00f3 de 140 milions d&#8217;euros.<\/p>\n\n\n\n<p>Durant la reuni\u00f3, el titular d&#8217;Infraestructures tamb\u00e9 ha explicat el projecte de construcci\u00f3 de la futura xarxa de parcs inundables en l&#8217;\u00e0rea metropolitana per a fer front a futures riuades. El conseller ha confirmat que el projecte integrar\u00e0 la regeneraci\u00f3 territorial de m\u00e9s de 1.500 hect\u00e0rees de s\u00f2l r\u00fastic en les riberes del T\u00faria i del sistema Poyo\/Saleta que van ser devastades per les riuades del 29 d&#8217;octubre. La intervenci\u00f3 abasta 35 quil\u00f2metres i es preveu una inversi\u00f3 de 150 milions d&#8217;euros amb el complement de la inversi\u00f3 privada a trav\u00e9s dels cr\u00e8dits de carboni.<\/p>\n\n\n\n<p>Mart\u00ednez Mus ha reconegut que la construcci\u00f3 \u201c\u00e9s el motor que impulsa el desenvolupament de la Comunitat Valenciana i el vostre paper ha sigut clau en les tasques de recuperaci\u00f3 de les infraestructures b\u00e0siques\u201d. Per aix\u00f2, el conseller ha tendit la m\u00e0 al sector perqu\u00e8 col\u00b7labore en el projecte de construcci\u00f3 de parcs inundables, ja que \u201cheu demostrat que sou garantia del nostre futur i un pilar fonamental de l&#8217;estat de benestar de la nostra societat\u201d, ha remarcat.<\/p>\n\n\n\n<p>Per a la Generalitat, Fecoval ha contribu\u00eft a \u201ccoordinar la reconstrucci\u00f3 de manera eficient i segura, garantint que les obres d&#8217;emerg\u00e8ncia i les posteriors actuacions de reparaci\u00f3 s&#8217;executaren conforme a criteris t\u00e8cnics i de sostenibilitat\u201d. Ha sigut, a m\u00e9s, \u201cl&#8217;aliat estrat\u00e8gic en la gesti\u00f3 despr\u00e9s de les emerg\u00e8ncies que vivim i la recuperaci\u00f3 del nostre territori\u201d, ha destacat el conseller.<\/p>\n\n\n\n<p><strong>Projectes futurs<\/strong><\/p>\n\n\n\n<p>De cara al futur, Mart\u00ednez Mus ha detallat el full de ruta que complementa acabar les actuacions de reconstrucci\u00f3 amb projectes per al conjunt de la Comunitat Valenciana. Entre ells destaca la construcci\u00f3 de la Ronda Oest de Castell\u00f3 aix\u00ed com la Ronda Sud d&#8217;Elx. De la mateixa forma, ha remarcat l&#8217;avan\u00e7 en la redacci\u00f3 dels tres projectes de construcci\u00f3 de la CV-60 tram l&#8217;Olleria-Terrateig, aix\u00ed com uns primers treballs que s&#8217;iniciaran l&#8217;any vinent.<\/p>\n\n\n\n<p>Entre els projectes destacats ressalten l&#8217;Acc\u00e9s Nord a Mislata, el desdoblament de la CV-95 o la finalitzaci\u00f3 de la redacci\u00f3 del projecte de construcci\u00f3 de la ronda oest de Vilamarxant.<\/p>\n\n\n\n<p>Altres obres, que ja estan en marxa, s\u00f3n les que es duen a terme en la CV-32 (La Gombalda), una via exerceix un paper clau en l&#8217;\u00e0mbit log\u00edstic, ja que forma part del triangle que comprenen les zones industrials a Albuixec i Massamagrell, aix\u00ed com la seua connexi\u00f3 amb el by-pass, el port i la zona industrial del sud de l&#8217;\u00e0rea metropolitana de Val\u00e8ncia.<\/p>\n\n\n\n<p>Mart\u00ednez Mus, tamb\u00e9 ha volgut posar en valor el desbloqueig de la Ronda Rosal\u00eda de Castro a Villena, que suposa un pas clau per a eliminar el passe a nivell ferroviari de la l\u00ednia L&#8217;Alzina-Alacant i una actuaci\u00f3 fonamental per a la seguretat vi\u00e0ria, la mobilitat per als vianants i continu\u00eftat de les obres del Corredor Mediterrani.<\/p>\n","protected":false},"excerpt":{"rendered":"<div class=\"mh-excerpt\">El conseller es reuneix amb la Federaci\u00f3 d&#8217;Empreses de la Comunitat Valenciana Contractistes d&#8217;Obres de l&#8217;Administraci\u00f3. El titular d&#8217;Infraestructures presenta un balan\u00e7 dels projectes despr\u00e9s de les riuades que sumen 700 milions i el full <a class=\"mh-excerpt-more\" href=\"https:\/\/www.tucomarca.com\/wordpress\/segunda\/ca\/martinez-mus-recalca-el-paper-de-les-150-empreses-que-han-participat-en-la-reconstruccio-i-els-insta-a-collaborar-amb-el-projecte-dels-parcs-inundables\/\" title=\"Mart\u00ednez Mus recalca el paper de les 150 empreses que han participat en la reconstrucci\u00f3 i els insta a col\u00b7laborar amb el projecte dels parcs inundables\">[+] <\/a><\/div>\n","protected":false},"author":12,"featured_media":284159,"comment_status":"open","ping_status":"open","sticky":false,"template":"","format":"standard","meta":{"footnotes":""},"categories":[21466,10898,10948,10894,10904,10903,10947,10896,10897],"tags":[19792,15409,23276,23275],"class_list":{"0":"post-284160","1":"post","2":"type-post","3":"status-publish","4":"format-standard","5":"has-post-thumbnail","7":"category-dana-ca","8":"category-ventana-ca","9":"category-infraestructuras-ca","10":"category-la-comarca-ca","11":"category-sin-categorizar-ca","12":"category-medio-ambiente-la-comarca-ca","13":"category-politica","14":"category-seccion-ca","15":"category-sucesos-la-comarca-ca","16":"tag-conselleria-de-medio-ambiente-ca","17":"tag-dana-2-ca","18":"tag-fecoval-ca","19":"tag-federacion-de-empresas-de-la-comunitat-valenciana-contratistas-de-obras-de-la-administracion-ca"},"_links":{"self":[{"href":"https:\/\/www.tucomarca.com\/wordpress\/segunda\/ca\/wp-json\/wp\/v2\/posts\/284160","targetHints":{"allow":["GET"]}}],"collection":[{"href":"https:\/\/www.tucomarca.com\/wordpress\/segunda\/ca\/wp-json\/wp\/v2\/posts"}],"about":[{"href":"https:\/\/www.tucomarca.com\/wordpress\/segunda\/ca\/wp-json\/wp\/v2\/types\/post"}],"author":[{"embeddable":true,"href":"https:\/\/www.tucomarca.com\/wordpress\/segunda\/ca\/wp-json\/wp\/v2\/users\/12"}],"replies":[{"embeddable":true,"href":"https:\/\/www.tucomarca.com\/wordpress\/segunda\/ca\/wp-json\/wp\/v2\/comments?post=284160"}],"version-history":[{"count":0,"href":"https:\/\/www.tucomarca.com\/wordpress\/segunda\/ca\/wp-json\/wp\/v2\/posts\/284160\/revisions"}],"wp:featuredmedia":[{"embeddable":true,"href":"https:\/\/www.tucomarca.com\/wordpress\/segunda\/ca\/wp-json\/wp\/v2\/media\/284159"}],"wp:attachment":[{"href":"https:\/\/www.tucomarca.com\/wordpress\/segunda\/ca\/wp-json\/wp\/v2\/media?parent=284160"}],"wp:term":[{"taxonomy":"category","embeddable":true,"href":"https:\/\/www.tucomarca.com\/wordpress\/segunda\/ca\/wp-json\/wp\/v2\/categories?post=284160"},{"taxonomy":"post_tag","embeddable":true,"href":"https:\/\/www.tucomarca.com\/wordpress\/segunda\/ca\/wp-json\/wp\/v2\/tags?post=284160"}],"curies":[{"name":"wp","href":"https:\/\/api.w.org\/{rel}","templated":true}]}}