{"id":284215,"date":"2025-10-31T11:00:00","date_gmt":"2025-10-31T09:00:00","guid":{"rendered":"https:\/\/www.tucomarca.com\/wordpress\/segunda\/?p=284215"},"modified":"2025-10-31T15:33:29","modified_gmt":"2025-10-31T13:33:29","slug":"la-generalitat-destina-30-milions-deuros-a-la-retirada-denderrocs-generats-en-la-reconstruccio-dels-municipis-afectats-per-les-riuades","status":"publish","type":"post","link":"https:\/\/www.tucomarca.com\/wordpress\/segunda\/ca\/la-generalitat-destina-30-milions-deuros-a-la-retirada-denderrocs-generats-en-la-reconstruccio-dels-municipis-afectats-per-les-riuades\/","title":{"rendered":"La Generalitat destina 30 milions d&#8217;euros a la retirada d&#8217;enderrocs generats en la reconstrucci\u00f3 dels municipis afectats per les riuades"},"content":{"rendered":"\n<h3 class=\"wp-block-heading\">Mart\u00ednez Mus confirma que la Conselleria \u201crecolzar\u00e0 una vegada m\u00e9s a les corporacions locals\u201d.<\/h3>\n\n\n\n<h3 class=\"wp-block-heading\">La inversi\u00f3 se suma als 224 milions destinats per la Generalitat per a retirar m\u00e9s d&#8217;un mili\u00f3 de tones de residus, llot i vehicles.<\/h3>\n\n\n\n<p>La Conselleria de Medi Ambient, Infraestructures i Territori assigna una partida de 30 milions d&#8217;euros per a la posada en marxa del dispositiu especial de retirada dels enderrocs generats per les obres de reconstrucci\u00f3 escomeses en els municipis afectats per les inundacions d&#8217;octubre del passat any.<\/p>\n\n\n\n<p>Aix\u00ed ho ha confirmat el conseller de Medi Ambient, Infraestructures i Territori, Vicente Mart\u00ednez Mus, despr\u00e9s de reunir-se amb els alcaldes i regidors d&#8217;una vintena de municipis que han sol\u00b7licitat suport per a afrontar aquesta nova fase del pla de xoc impulsat per la Direcci\u00f3 General de Qualitat i Educaci\u00f3 Ambiental de la Generalitat.<\/p>\n\n\n\n<p>En la trobada, en el qual tamb\u00e9 ha participat el director general de Qualitat i Educaci\u00f3 Ambiental, Jorge Blanco, el conseller ha recordat que, tal com ja es va avan\u00e7ar en l&#8217;\u00faltima reuni\u00f3, \u201cseran les mateixes empreses concession\u00e0ries de la gesti\u00f3 de residus municipals les encarregades d&#8217;escometre aquests treballs, amb l&#8217;objectiu d&#8217;agilitzar les actuacions i assegurar una resposta efica\u00e7\u201d. La f\u00f3rmula triada ser\u00e0 la de la declaraci\u00f3 d&#8217;emerg\u00e8ncia de cadascun dels municipis i l&#8217;aprovaci\u00f3 d&#8217;un contracte dividit en diferents lots.<\/p>\n\n\n\n<p>Mart\u00ednez Mus ha explicat que la Conselleria tornar\u00e0 a fer costat aix\u00ed als ajuntaments d&#8217;Albal, Aldaia, Alfafar, Xiva, Xestalgar, Paiporta, Utiel, Xirivella, Tor\u00eds, L&#8217;Alc\u00fadia, Benet\u00fasser, Catadau, Catarroja, Montserrat, Picanya, Quart de Poblet, Riba-roja de T\u00faria, Sedav\u00ed i Sot de Xera. \u201cEncara que la gesti\u00f3 de residus correspon als municipis, la Generalitat ha decidit recolzar una vegada m\u00e9s a les corporacions locals\u201d, assenyala el conseller.<\/p>\n\n\n\n<p>La mesura s&#8217;emmarca en l&#8217;ampliaci\u00f3 del pla aprovat pel Consell per a fer costat als municipis m\u00e9s castigats per les riuades, i respon a la dificultat de moltes administracions locals per a assumir per si soles el cost de les tasques de neteja i retirada. Amb aquesta nova aportaci\u00f3, \u201cla Generalitat garanteix la gesti\u00f3 adequada dels residus i contribueix a restaurar la normalitat en les localitats afectades\u201d, destaca Mart\u00ednez Mus.<\/p>\n\n\n\n<p>En la trobada s&#8217;ha acordat que els ajuntaments seran els encarregats de verificar que una vegada s&#8217;hagen retirat els residus, es tanque el punt de manera definitiva, ja que hi ha espais que es buidaran fins i tot per tercera vegada. Amb aquest \u00faltim contracte granera, assegura el conseller, \u201cpodrem donar per finalitzada la gesti\u00f3 de residus, que representa la major inversi\u00f3 de la Generalitat en el marc del proc\u00e9s de reconstrucci\u00f3\u201d.<\/p>\n\n\n\n<p><strong>Un mili\u00f3 de tones de residus<\/strong><\/p>\n\n\n\n<p>Despr\u00e9s de les inundacions d&#8217;octubre, la Generalitat va activar un dispositiu dotat amb 224 milions d&#8217;euros, que ha perm\u00e9s retirar m\u00e9s d&#8217;un mili\u00f3 de tones de residus, aix\u00ed com llot i vehicles danyats. Amb aquesta ampliaci\u00f3 de 30 milions, el pla incorporar\u00e0 tamb\u00e9 la gesti\u00f3 dels materials procedents d&#8217;obres de reparaci\u00f3 i reconstrucci\u00f3 d&#8217;habitatges i locals, que seran tractats per gestors autoritzats en instal\u00b7lacions adequades, com els ecoparcs.<\/p>\n","protected":false},"excerpt":{"rendered":"<div class=\"mh-excerpt\">Mart\u00ednez Mus confirma que la Conselleria \u201crecolzar\u00e0 una vegada m\u00e9s a les corporacions locals\u201d. La inversi\u00f3 se suma als 224 milions destinats per la Generalitat per a retirar m\u00e9s d&#8217;un mili\u00f3 de tones de residus, <a class=\"mh-excerpt-more\" href=\"https:\/\/www.tucomarca.com\/wordpress\/segunda\/ca\/la-generalitat-destina-30-milions-deuros-a-la-retirada-denderrocs-generats-en-la-reconstruccio-dels-municipis-afectats-per-les-riuades\/\" title=\"La Generalitat destina 30 milions d&#8217;euros a la retirada d&#8217;enderrocs generats en la reconstrucci\u00f3 dels municipis afectats per les riuades\">[+] <\/a><\/div>\n","protected":false},"author":1,"featured_media":284209,"comment_status":"open","ping_status":"open","sticky":false,"template":"","format":"standard","meta":{"footnotes":""},"categories":[10892,10991,21466,11046,10898,11034,10948,10995,10894,10904,10912,10902,10903,11000,10947,10909,10906,10896,11026,10897,11047,11059,10975],"tags":[10899,10914,11077,11928,11080,10910],"class_list":{"0":"post-284215","1":"post","2":"type-post","3":"status-publish","4":"format-standard","5":"has-post-thumbnail","7":"category-camp-de-turia-ca","8":"category-catadau-ca","9":"category-dana-ca","10":"category-los-serranos-ca","11":"category-ventana-ca","12":"category-gestalgar-ca","13":"category-infraestructuras-ca","14":"category-lalcudia-ca","15":"category-la-comarca-ca","16":"category-sin-categorizar-ca","17":"category-la-hoya-ca","18":"category-la-ribera-ca","19":"category-medio-ambiente-la-comarca-ca","20":"category-monserrat-ca","21":"category-politica","22":"category-requena-utiel-ca","23":"category-riba-roja-ca","24":"category-seccion-ca","25":"category-sot-de-chera-ca","26":"category-sucesos-la-comarca-ca","27":"category-turis-ca","28":"category-utiel-ca","29":"category-chiva-ca","30":"tag-camp-de-turia-ca","31":"tag-la-hoya-de-bunol-chiva-ca","32":"tag-la-ribera-alta-ca","33":"tag-la-serrania-ca","34":"tag-los-serranos-ca","35":"tag-requena-utiel-ca"},"_links":{"self":[{"href":"https:\/\/www.tucomarca.com\/wordpress\/segunda\/ca\/wp-json\/wp\/v2\/posts\/284215","targetHints":{"allow":["GET"]}}],"collection":[{"href":"https:\/\/www.tucomarca.com\/wordpress\/segunda\/ca\/wp-json\/wp\/v2\/posts"}],"about":[{"href":"https:\/\/www.tucomarca.com\/wordpress\/segunda\/ca\/wp-json\/wp\/v2\/types\/post"}],"author":[{"embeddable":true,"href":"https:\/\/www.tucomarca.com\/wordpress\/segunda\/ca\/wp-json\/wp\/v2\/users\/1"}],"replies":[{"embeddable":true,"href":"https:\/\/www.tucomarca.com\/wordpress\/segunda\/ca\/wp-json\/wp\/v2\/comments?post=284215"}],"version-history":[{"count":0,"href":"https:\/\/www.tucomarca.com\/wordpress\/segunda\/ca\/wp-json\/wp\/v2\/posts\/284215\/revisions"}],"wp:featuredmedia":[{"embeddable":true,"href":"https:\/\/www.tucomarca.com\/wordpress\/segunda\/ca\/wp-json\/wp\/v2\/media\/284209"}],"wp:attachment":[{"href":"https:\/\/www.tucomarca.com\/wordpress\/segunda\/ca\/wp-json\/wp\/v2\/media?parent=284215"}],"wp:term":[{"taxonomy":"category","embeddable":true,"href":"https:\/\/www.tucomarca.com\/wordpress\/segunda\/ca\/wp-json\/wp\/v2\/categories?post=284215"},{"taxonomy":"post_tag","embeddable":true,"href":"https:\/\/www.tucomarca.com\/wordpress\/segunda\/ca\/wp-json\/wp\/v2\/tags?post=284215"}],"curies":[{"name":"wp","href":"https:\/\/api.w.org\/{rel}","templated":true}]}}