{"id":284333,"date":"2025-11-03T10:00:00","date_gmt":"2025-11-03T09:00:00","guid":{"rendered":"https:\/\/www.tucomarca.com\/wordpress\/segunda\/carlos-mazon-anuncia-su-dimision-como-presidente-de-la-generalitat-valenciana\/"},"modified":"2025-11-03T12:20:06","modified_gmt":"2025-11-03T11:20:06","slug":"carlos-mazon-anuncia-su-dimision-como-presidente-de-la-generalitat-valenciana","status":"publish","type":"post","link":"https:\/\/www.tucomarca.com\/wordpress\/segunda\/ca\/carlos-mazon-anuncia-su-dimision-como-presidente-de-la-generalitat-valenciana\/","title":{"rendered":"Carlos Maz\u00f3n anuncia la seua dimissi\u00f3 com a president de la Generalitat Valenciana: &#8220;Espere que la societat puga distingir entre un home que s&#8217;ha equivocat i una mala persona&#8221;"},"content":{"rendered":"\n<h3 class=\"wp-block-heading\">El president de la Generalitat Valenciana, Carlos Maz\u00f3n, ha anunciat aquest dilluns al mat\u00ed la seua decisi\u00f3 de dimitir. La compareixen\u00e7a p\u00fablica s&#8217;ha produ\u00eft enmig d&#8217;un increment de les cr\u00edtiques a la seua gesti\u00f3 durant eixa jornada.<\/h3>\n\n\n\n<p>En su declaraci\u00f3n institucional desde el Palau de la Generalitat Valenciana, Carlos Maz\u00f3n ha reconocido &#8220;que tras un periodo de reflexi\u00f3n profunda&#8221; ha decidido dejar el cargo para &#8220;garantizar la estabilidad de las instituciones y abrir una nueva etapa&#8221;.<\/p>\n\n\n\n<p>&#8220;Os puedo asegurar que por voluntad personal habr\u00eda dimitido desde hace tiempo. Porque ha habido momentos insoportables, para m\u00ed y sobre todo para mi familia. Ya no puedo m\u00e1s&#8221;, ha manifestado para justificar su dimisi\u00f3n como presidente de la Generalitat, quien ha reconocido: &#8220;comet\u00ed errores y vivir\u00e9 con ellos toda mi vida, pero ninguno por c\u00e1lculo pol\u00edtico&#8221;. El president ha reconocido que tuvo que cambiar su agenda e ir al Cecopi la tarde de la DANA, pero asegura que su fallo no tuvo &#8220;ni mala fe ni fue por c\u00e1lculo pol\u00edtico&#8221;, en referencia al Gobierno central. &#8220;Hubo cosas que debieron hacerse mejor. Tratamos de hacer lo mejor en una circunstancia inimaginable, pero en muchos casos no es suficiente&#8221;, ha a\u00f1adido. &#8220;Yo asumo la m\u00eda, pero espero que S\u00e1nchez est\u00e9 a la altura&#8221;, ha a\u00f1adido.<\/p>\n\n\n\n<p>Carlos Maz\u00f3n tambi\u00e9n ha recalcado que &#8220;siempre he mantenido el mismo criterio: ante una situaci\u00f3n tan grave, hablar de mi situaci\u00f3n personal, org\u00e1nica, o de mi futuro pol\u00edtico me parec\u00eda una frivolidad. Asum\u00ed ese desgaste desde el principio&#8221;, as\u00ed como que se ha dicho &#8220;que estaba en un cumplea\u00f1os, que yo interfer\u00eda la alerta. Y todo ello para tener una excusa para tapar los fallos de las agencias del Gobierno&#8221;.<\/p>\n\n\n\n<p>Ya que el hasta ahora President ha asegurado que no pidi\u00f3 &#8220;la declaraci\u00f3n de emergencia nacional porque el Gobierno nos avis\u00f3 que as\u00ed no tendr\u00eda m\u00e1s medios, aunque el presidente de mi partido me lo aconsej\u00f3 y ten\u00eda raz\u00f3n. Y sobre todo, mantuve la agenda de ese d\u00eda&#8221;.&nbsp;<\/p>\n\n\n\n<p>Ya que, &#8220;es cierto que, con los datos de la CHJ y la Aemet, era inimaginable que el barranco del Poyo fuera una trampa mortal&#8221;, por lo que ha reiterado que &#8220;quer\u00edamos ayuda, la pedimos y jam\u00e1s la tuvimos. Nos quisieron dejar solos por estrategia pol\u00edtica&#8221;.<\/p>\n\n\n\n<p>&#8220;S\u00e9 que el ruido que hay alrededor de mi persona es la excusa perfecta para ocultar la asunci\u00f3n de responsabilidades del Gobierno y que la izquierda aprovecha la muerte para hacer pol\u00edtica. S\u00e9 que el ruido alrededor de mi persona es la excusa perfecta&#8221;, ha a\u00f1adido Carlos Maz\u00f3n quien tambi\u00e9n ha manifestado en referencia al Gobierno Central durante su declaraci\u00f3n p\u00fablica que &#8220;no voy a llamarles asesinos por errar en sus predicciones. Solo quiero pedirles una \u00faltima reflexi\u00f3n. El Gobierno de Espa\u00f1a ha querido usar a las v\u00edctimas como ariete y no nos dieron los recursos que necesit\u00e1bamos, ha manifestado.<\/p>\n\n\n\n<p>&#8220;Ha sido un honor servir a mi tierra como presidente de la Generalitat. S\u00e9 que el futuro president ser\u00e1 capaz de seguir con la reconstrucci\u00f3n, y quiz\u00e1s mi marcha haga que se enfoque esta tragedia con esta tarea&#8221;, ha a\u00f1adido Carlos Maz\u00f3n, quien tambi\u00e9n ha admitido sus &#8220;errores&#8221; durante el d\u00eda de la DANA.<\/p>\n\n\n\n<p>El hasta ahora President tambi\u00e9n ha manifestado &#8220;que el futuro president ser\u00e1 capaz de seguir&#8221; y ha finalizado su comparecencia recordando &#8220;que el Gobierno de Espa\u00f1a con su presidente a la cabeza ha negado herramientas y ni pidi\u00e9ndolo nos lo dieron. Espero que cuando baje un poco el ruido, la sociedad pueda distinguir entre un hombre que se ha equivocado y una mala persona&#8221;.<\/p>\n\n\n\n<p>Respecto a la reconstrucci\u00f3n, ha a\u00f1adido que calcularon &#8220;tres a\u00f1os y lo hemos conseguido hacer en meses. Solos. Sin aportaci\u00f3n a fondo perdido del Gobierno, con solo permiso para endeudarnos, a los m\u00e1s endeudados&#8221;.<\/p>\n\n\n\n<p>Seg\u00fan ha trascendido, la dimisi\u00f3n se produce tras un intenso fin de semana de negociaciones con la c\u00fapula nacional del PP, donde particip\u00f3 el l\u00edder del partido, Alberto N\u00fa\u00f1ez Feij\u00f3o, y se analizaron diferentes escenarios para la Comunitat Valenciana.<\/p>\n\n\n\n<p>Entre otras razones que han precipitado esta decisi\u00f3n est\u00e1n las fuertes cr\u00edticas recibidas por la gesti\u00f3n de la DANA de 29 de octubre de 2024, que dej\u00f3 229 v\u00edctimas y que han colocado a Carlos Maz\u00f3n bajo presi\u00f3n constante durante el \u00faltimo a\u00f1o.<\/p>\n\n\n\n<h3 class=\"wp-block-heading\">Relevo en la presidencia<\/h3>\n\n\n\n<p>El propio Carlos Maz\u00f3n ha anunciado que el Partido Popular en la Comunidad Valenciana prepara un relevo que podr\u00eda articularse sin convocar elecciones anticipadas, apostando por la investidura de un nuevo presidente auton\u00f3mico antes de la finalizaci\u00f3n de la legislatura. Un nombre que suena con fuerza es Juan Francisco P\u00e9rez Llorca, actual portavoz del PP en las Cortes valencianas y persona de confianza de Maz\u00f3n; aunque d\u00edas atr\u00e1s tambi\u00e9n sonaron los del presidente de la Diputaci\u00f3 de Val\u00e8ncia, Vicent Momp\u00f3; la vicepresidenta del Consell, Susana Camarero; o la propia alcaldesa de Valencia, Mar\u00eda Jos\u00e9 Catala.<\/p>\n\n\n\n<p>Por otra parte, queda pendiente por concretar la fecha efectiva de la dimisi\u00f3n y los t\u00e9rminos exactos del relevo al frente de la Generalitat. Maz\u00f3n indic\u00f3 que su salida se llevar\u00e1 a cabo \u201cen las pr\u00f3ximas horas\u201d.<\/p>\n\n\n\n<p>La dimisi\u00f3n de Maz\u00f3n incorpora un cambio de rumbo en la pol\u00edtica valenciana y nacional: el PP quiere cerrar una crisis regional que le amenazaba con afectar tambi\u00e9n su estabilidad en otros \u00e1mbitos. Al mismo tiempo, la gesti\u00f3n de la DANA y las responsabilidades pol\u00edticas vinculadas han sido el principal detonante de esta decisi\u00f3n.<\/p>\n\n\n\n<p>Las reacciones no se han hecho esperar: desde el entorno del PP se destaca que la decisi\u00f3n es &#8220;la m\u00e1s acertada para el partido y para la Comunitat&#8221;.<\/p>\n","protected":false},"excerpt":{"rendered":"<div class=\"mh-excerpt\">El president de la Generalitat Valenciana, Carlos Maz\u00f3n, ha anunciat aquest dilluns al mat\u00ed la seua decisi\u00f3 de dimitir. La compareixen\u00e7a p\u00fablica s&#8217;ha produ\u00eft enmig d&#8217;un increment de les cr\u00edtiques a la seua gesti\u00f3 durant <a class=\"mh-excerpt-more\" href=\"https:\/\/www.tucomarca.com\/wordpress\/segunda\/ca\/carlos-mazon-anuncia-su-dimision-como-presidente-de-la-generalitat-valenciana\/\" title=\"Carlos Maz\u00f3n anuncia la seua dimissi\u00f3 com a president de la Generalitat Valenciana: &#8220;Espere que la societat puga distingir entre un home que s&#8217;ha equivocat i una mala persona&#8221;\">[+] <\/a><\/div>\n","protected":false},"author":1,"featured_media":284318,"comment_status":"open","ping_status":"open","sticky":false,"template":"","format":"standard","meta":{"footnotes":""},"categories":[21466,10948,10894,10904,10903,10947,10896,10897],"tags":[15409,11199],"class_list":{"0":"post-284333","1":"post","2":"type-post","3":"status-publish","4":"format-standard","5":"has-post-thumbnail","7":"category-dana-ca","8":"category-infraestructuras-ca","9":"category-la-comarca-ca","10":"category-sin-categorizar-ca","11":"category-medio-ambiente-la-comarca-ca","12":"category-politica","13":"category-seccion-ca","14":"category-sucesos-la-comarca-ca","15":"tag-dana-2-ca","16":"tag-la-comunitat-ca"},"_links":{"self":[{"href":"https:\/\/www.tucomarca.com\/wordpress\/segunda\/ca\/wp-json\/wp\/v2\/posts\/284333","targetHints":{"allow":["GET"]}}],"collection":[{"href":"https:\/\/www.tucomarca.com\/wordpress\/segunda\/ca\/wp-json\/wp\/v2\/posts"}],"about":[{"href":"https:\/\/www.tucomarca.com\/wordpress\/segunda\/ca\/wp-json\/wp\/v2\/types\/post"}],"author":[{"embeddable":true,"href":"https:\/\/www.tucomarca.com\/wordpress\/segunda\/ca\/wp-json\/wp\/v2\/users\/1"}],"replies":[{"embeddable":true,"href":"https:\/\/www.tucomarca.com\/wordpress\/segunda\/ca\/wp-json\/wp\/v2\/comments?post=284333"}],"version-history":[{"count":0,"href":"https:\/\/www.tucomarca.com\/wordpress\/segunda\/ca\/wp-json\/wp\/v2\/posts\/284333\/revisions"}],"wp:featuredmedia":[{"embeddable":true,"href":"https:\/\/www.tucomarca.com\/wordpress\/segunda\/ca\/wp-json\/wp\/v2\/media\/284318"}],"wp:attachment":[{"href":"https:\/\/www.tucomarca.com\/wordpress\/segunda\/ca\/wp-json\/wp\/v2\/media?parent=284333"}],"wp:term":[{"taxonomy":"category","embeddable":true,"href":"https:\/\/www.tucomarca.com\/wordpress\/segunda\/ca\/wp-json\/wp\/v2\/categories?post=284333"},{"taxonomy":"post_tag","embeddable":true,"href":"https:\/\/www.tucomarca.com\/wordpress\/segunda\/ca\/wp-json\/wp\/v2\/tags?post=284333"}],"curies":[{"name":"wp","href":"https:\/\/api.w.org\/{rel}","templated":true}]}}