{"id":284385,"date":"2025-11-03T09:00:00","date_gmt":"2025-11-03T08:00:00","guid":{"rendered":"https:\/\/www.tucomarca.com\/wordpress\/segunda\/?p=284385"},"modified":"2025-11-03T18:09:00","modified_gmt":"2025-11-03T17:09:00","slug":"derrota-del-cd-bunol-en-la-seua-visita-al-ud-castellonense-4-1","status":"publish","type":"post","link":"https:\/\/www.tucomarca.com\/wordpress\/segunda\/ca\/derrota-del-cd-bunol-en-la-seua-visita-al-ud-castellonense-4-1\/","title":{"rendered":"Derrota del CD Bu\u00f1ol en la seua visita al UD Castellonense (4-1)"},"content":{"rendered":"\n<p>El <strong>CD Bu\u00f1ol<\/strong> ha patit una dura derrota en el seu despla\u00e7ament al camp del <strong>UD Castellonense<\/strong>, en un encontre en qu\u00e8 els locals es van mostrar molt superiors durant bona part del partit i van acabar imposant-se per <strong>4 gols a 1<\/strong>.<\/p>\n\n\n\n<p>El conjunt bunyolense va intentar plantar cara des de l\u2019inici, disposant d\u2019una <strong>ocasi\u00f3 clara en el minut 27<\/strong>, quan <strong>Andr\u00e9s<\/strong> va estar a punt d\u2019avan\u00e7ar el seu equip, per\u00f2 el seu llan\u00e7ament se\u2019n va anar per poc.<\/p>\n\n\n\n<p>El <strong>UD Castellonense<\/strong>, m\u00e9s efectiu de cara a porteria, va aprofitar les seues oportunitats per a anar ampliant l\u2019avantatge en el marcador.<\/p>\n\n\n\n<p>L\u2019\u00fanic tant del <strong>CD Bu\u00f1ol<\/strong> va arribar en el <strong>minut 81<\/strong>, obra de <strong>Jon\u00e1s<\/strong>, que va retallar dist\u00e0ncies amb un bon remat despr\u00e9s d\u2019una jugada col\u00b7lectiva.<\/p>\n\n\n\n<p>Malgrat l\u2019esfor\u00e7 final, el conjunt blanc no va poder frenar l\u2019empenta del rival, que va tancar l\u2019encontre amb un marcador contundent.<\/p>\n\n\n\n<p>El <strong>CD Bu\u00f1ol<\/strong> buscar\u00e0 refer-se d\u2019esta derrota en la pr\u00f2xima jornada, on intentar\u00e0 retrobar-se amb la vict\u00f2ria i recuperar sensacions positives.<\/p>\n","protected":false},"excerpt":{"rendered":"<div class=\"mh-excerpt\">El CD Bu\u00f1ol ha patit una dura derrota en el seu despla\u00e7ament al camp del UD Castellonense, en un encontre en qu\u00e8 els locals es van mostrar molt superiors durant bona part del partit i <a class=\"mh-excerpt-more\" href=\"https:\/\/www.tucomarca.com\/wordpress\/segunda\/ca\/derrota-del-cd-bunol-en-la-seua-visita-al-ud-castellonense-4-1\/\" title=\"Derrota del CD Bu\u00f1ol en la seua visita al UD Castellonense (4-1)\">[+] <\/a><\/div>\n","protected":false},"author":12,"featured_media":284383,"comment_status":"open","ping_status":"open","sticky":false,"template":"","format":"standard","meta":{"footnotes":""},"categories":[10911,11015,11003,10894,10912,10896],"tags":[10913,11126,10914],"class_list":{"0":"post-284385","1":"post","2":"type-post","3":"status-publish","4":"format-standard","5":"has-post-thumbnail","7":"category-bunol-ca","8":"category-canal-futbol","9":"category-sports","10":"category-la-comarca-ca","11":"category-la-hoya-ca","12":"category-seccion-ca","13":"tag-bunol-ca","14":"tag-cd-bunol-ca","15":"tag-la-hoya-de-bunol-chiva-ca"},"_links":{"self":[{"href":"https:\/\/www.tucomarca.com\/wordpress\/segunda\/ca\/wp-json\/wp\/v2\/posts\/284385","targetHints":{"allow":["GET"]}}],"collection":[{"href":"https:\/\/www.tucomarca.com\/wordpress\/segunda\/ca\/wp-json\/wp\/v2\/posts"}],"about":[{"href":"https:\/\/www.tucomarca.com\/wordpress\/segunda\/ca\/wp-json\/wp\/v2\/types\/post"}],"author":[{"embeddable":true,"href":"https:\/\/www.tucomarca.com\/wordpress\/segunda\/ca\/wp-json\/wp\/v2\/users\/12"}],"replies":[{"embeddable":true,"href":"https:\/\/www.tucomarca.com\/wordpress\/segunda\/ca\/wp-json\/wp\/v2\/comments?post=284385"}],"version-history":[{"count":0,"href":"https:\/\/www.tucomarca.com\/wordpress\/segunda\/ca\/wp-json\/wp\/v2\/posts\/284385\/revisions"}],"wp:featuredmedia":[{"embeddable":true,"href":"https:\/\/www.tucomarca.com\/wordpress\/segunda\/ca\/wp-json\/wp\/v2\/media\/284383"}],"wp:attachment":[{"href":"https:\/\/www.tucomarca.com\/wordpress\/segunda\/ca\/wp-json\/wp\/v2\/media?parent=284385"}],"wp:term":[{"taxonomy":"category","embeddable":true,"href":"https:\/\/www.tucomarca.com\/wordpress\/segunda\/ca\/wp-json\/wp\/v2\/categories?post=284385"},{"taxonomy":"post_tag","embeddable":true,"href":"https:\/\/www.tucomarca.com\/wordpress\/segunda\/ca\/wp-json\/wp\/v2\/tags?post=284385"}],"curies":[{"name":"wp","href":"https:\/\/api.w.org\/{rel}","templated":true}]}}