{"id":284445,"date":"2025-11-03T07:45:00","date_gmt":"2025-11-03T06:45:00","guid":{"rendered":"https:\/\/www.tucomarca.com\/wordpress\/segunda\/?p=284445"},"modified":"2025-11-03T23:35:20","modified_gmt":"2025-11-03T22:35:20","slug":"opinio-a-bocafoc-per-que-buidar-mestalla-es-un-acte-damor-cap-al-valencia-cf-per-joseh-larrazabal","status":"publish","type":"post","link":"https:\/\/www.tucomarca.com\/wordpress\/segunda\/ca\/opinio-a-bocafoc-per-que-buidar-mestalla-es-un-acte-damor-cap-al-valencia-cf-per-joseh-larrazabal\/","title":{"rendered":"Opini\u00f3: A bocafoc \u201cPer qu\u00e8 buidar Mestalla \u00e9s un acte d\u2019amor cap al Val\u00e8ncia CF\u201d Per J\u00f3seh Larraz\u00e1bal"},"content":{"rendered":"<div class=\"wp-block-image\">\n<figure class=\"alignleft size-full is-resized\"><img loading=\"lazy\" decoding=\"async\" width=\"279\" height=\"280\" src=\"http:\/\/www.tucomarca.com\/wordpress\/segunda\/wp-content\/uploads\/2024\/01\/Larrazabalnueva.jpg\" alt=\"\" class=\"wp-image-208146\" style=\"width:164px;height:auto\"\/><\/figure>\n<\/div>\n\n\n<p>El Val\u00e8ncia CF viu un dels moments m\u00e9s delicats de la seua hist\u00f2ria. El club, s\u00edmbol d\u2019una ciutat i d\u2019una afici\u00f3 apassionada, s\u2019ha vist atrapat sota una gesti\u00f3 que prioritza els interessos del m\u00e0xim accionista per damunt del sentiment valencianista. Cada euro gastat en entrades i cada seient ocupat a Mestalla refor\u00e7a el control de qui ha convertit el nostre escut en un negoci, i no en un orgull.<\/p>\n\n\n\n<p>No anar a Mestalla no \u00e9s abandonar l\u2019equip, \u00e9s una manera de defensar-lo. \u00c9s enviar un missatge clar i potent: sense l\u2019afici\u00f3, el club no t\u00e9 \u00e0nima ni valor. Nom\u00e9s aix\u00ed es pot for\u00e7ar un canvi real, que el m\u00e0xim accionista entenga que el seu temps ha acabat i que el Val\u00e8ncia necessita tornar a mans de qui realment el sent.<\/p>\n\n\n\n<p>Buidar Mestalla \u00e9s omplir d\u2019esperan\u00e7a el futur del Val\u00e8ncia CF.<br>Per dignitat. Per identitat. Per el club que estimem.<br>#MestallaBuit #Val\u00e8nciaLliure<\/p>\n","protected":false},"excerpt":{"rendered":"<div class=\"mh-excerpt\">El Val\u00e8ncia CF viu un dels moments m\u00e9s delicats de la seua hist\u00f2ria. El club, s\u00edmbol d\u2019una ciutat i d\u2019una afici\u00f3 apassionada, s\u2019ha vist atrapat sota una gesti\u00f3 que prioritza els interessos del m\u00e0xim accionista <a class=\"mh-excerpt-more\" href=\"https:\/\/www.tucomarca.com\/wordpress\/segunda\/ca\/opinio-a-bocafoc-per-que-buidar-mestalla-es-un-acte-damor-cap-al-valencia-cf-per-joseh-larrazabal\/\" title=\"Opini\u00f3: A bocafoc \u201cPer qu\u00e8 buidar Mestalla \u00e9s un acte d\u2019amor cap al Val\u00e8ncia CF\u201d Per J\u00f3seh Larraz\u00e1bal\">[+] <\/a><\/div>\n","protected":false},"author":12,"featured_media":208147,"comment_status":"open","ping_status":"open","sticky":false,"template":"","format":"standard","meta":{"footnotes":""},"categories":[11014,11003,11020,11021,10896],"tags":[11075,15481,23288,12606],"class_list":{"0":"post-284445","1":"post","2":"type-post","3":"status-publish","4":"format-standard","5":"has-post-thumbnail","7":"category-canal-valencia-cf-ca","8":"category-sports","9":"category-opinion-ca","10":"category-opinion-ca-2","11":"category-seccion-ca","12":"tag-futbol-ca","13":"tag-joseh-larrazabal-ca","14":"tag-mestalla-ca","15":"tag-valencia-cf-ca"},"_links":{"self":[{"href":"https:\/\/www.tucomarca.com\/wordpress\/segunda\/ca\/wp-json\/wp\/v2\/posts\/284445","targetHints":{"allow":["GET"]}}],"collection":[{"href":"https:\/\/www.tucomarca.com\/wordpress\/segunda\/ca\/wp-json\/wp\/v2\/posts"}],"about":[{"href":"https:\/\/www.tucomarca.com\/wordpress\/segunda\/ca\/wp-json\/wp\/v2\/types\/post"}],"author":[{"embeddable":true,"href":"https:\/\/www.tucomarca.com\/wordpress\/segunda\/ca\/wp-json\/wp\/v2\/users\/12"}],"replies":[{"embeddable":true,"href":"https:\/\/www.tucomarca.com\/wordpress\/segunda\/ca\/wp-json\/wp\/v2\/comments?post=284445"}],"version-history":[{"count":0,"href":"https:\/\/www.tucomarca.com\/wordpress\/segunda\/ca\/wp-json\/wp\/v2\/posts\/284445\/revisions"}],"wp:featuredmedia":[{"embeddable":true,"href":"https:\/\/www.tucomarca.com\/wordpress\/segunda\/ca\/wp-json\/wp\/v2\/media\/208147"}],"wp:attachment":[{"href":"https:\/\/www.tucomarca.com\/wordpress\/segunda\/ca\/wp-json\/wp\/v2\/media?parent=284445"}],"wp:term":[{"taxonomy":"category","embeddable":true,"href":"https:\/\/www.tucomarca.com\/wordpress\/segunda\/ca\/wp-json\/wp\/v2\/categories?post=284445"},{"taxonomy":"post_tag","embeddable":true,"href":"https:\/\/www.tucomarca.com\/wordpress\/segunda\/ca\/wp-json\/wp\/v2\/tags?post=284445"}],"curies":[{"name":"wp","href":"https:\/\/api.w.org\/{rel}","templated":true}]}}