{"id":284706,"date":"2025-11-07T11:00:00","date_gmt":"2025-11-07T10:00:00","guid":{"rendered":"https:\/\/www.tucomarca.com\/wordpress\/segunda\/?p=284706"},"modified":"2025-11-07T20:42:07","modified_gmt":"2025-11-07T19:42:07","slug":"el-magnanim-aborda-la-revolta-de-les-germanies-a-la-ribera-amb-la-germania-i-la-questio-morisca-a-la-baronia-de-carlet","status":"publish","type":"post","link":"https:\/\/www.tucomarca.com\/wordpress\/segunda\/ca\/el-magnanim-aborda-la-revolta-de-les-germanies-a-la-ribera-amb-la-germania-i-la-questio-morisca-a-la-baronia-de-carlet\/","title":{"rendered":"El Magn\u00e0nim aborda la revolta de les Germanies a la Ribera amb \u2018La Germania i la q\u00fcesti\u00f3 morisca a la baronia de Carlet\u2019"},"content":{"rendered":"\n<h3 class=\"wp-block-heading\">L&#8217;obra \u00e9s fruit de la investigaci\u00f3 del cronista oficial de Benimodo, Rafael L\u00f3pez Andrada.<\/h3>\n\n\n<div class=\"wp-block-image\">\n<figure class=\"alignleft size-large is-resized\"><img loading=\"lazy\" decoding=\"async\" width=\"737\" height=\"1024\" src=\"http:\/\/www.tucomarca.com\/wordpress\/segunda\/wp-content\/uploads\/2025\/11\/LLibre-737x1024.jpg\" alt=\"\" class=\"wp-image-284699\" style=\"width:387px;height:auto\" srcset=\"https:\/\/www.tucomarca.com\/wordpress\/segunda\/wp-content\/uploads\/2025\/11\/LLibre-737x1024.jpg 737w, https:\/\/www.tucomarca.com\/wordpress\/segunda\/wp-content\/uploads\/2025\/11\/LLibre-216x300.jpg 216w, https:\/\/www.tucomarca.com\/wordpress\/segunda\/wp-content\/uploads\/2025\/11\/LLibre-768x1068.jpg 768w, https:\/\/www.tucomarca.com\/wordpress\/segunda\/wp-content\/uploads\/2025\/11\/LLibre.jpg 941w\" sizes=\"auto, (max-width: 737px) 100vw, 737px\" \/><\/figure>\n<\/div>\n\n\n<p>L&#8217;editorial El Magn\u00e0nim, de la Diputaci\u00f3 de Val\u00e8ncia, ha publicat \u2018La Germania i la q\u00fcesti\u00f3 morisca a la baronia de Carlet\u2019, un llibre que aborda una visi\u00f3 \u00e0mplia i heterog\u00e8nia de la revolta de les Germanies\u2019, un dels fets hist\u00f2rics i socials m\u00e9s rellevants que van viure els valencians en el segle XVI. A m\u00e9s, analitza la realitat morisca a Carlet i Benimodo, estudi que convida a reflexionar sobre q\u00fcestions relatives a les minories i la diversitat de col\u00b7lectius, \u00e8tnies, cultures i credos.<\/p>\n\n\n\n<p>Esta investigaci\u00f3 del cronista oficial de Benimodo, Rafael L\u00f3pez Andrada, ens acosta a la vida de les pobladores i pobladors de la baronia de Carlet al llarg d&#8217;eixe segle i a com l&#8217;al\u00e7ament popular va afectar els h\u00f2mens i a les dones, musulmans i cristians, d&#8217;este senyoriu dels Castellv\u00ed, tant en la contesa mateixa com en la posterior repressi\u00f3.<\/p>\n\n\n\n<p>Aix\u00ed, el cos principal de l&#8217;obra abasta la conversi\u00f3 for\u00e7osa dels mud\u00e8jars en cristians nous o moriscos, el desarmament i l&#8217;evangelitzaci\u00f3, i els episodis protagonitzats pels agermanats en la vila de Carlet i el lloc de Benimodo, juntament amb el conflicte identitari de la comunitat morisca i els problemes de religiositat que va mantindre esta minoria en la baronia.<\/p>\n\n\n\n<p>Tamb\u00e9 s&#8217;aprofundix en el proc\u00e9s inquisitorial desplegat en 1574 contra el col\u00b7lectiu morisc en les poblacions de la baronia. Al final, Felip III va decretar l&#8217;expulsi\u00f3 en 1609, un fet transcendental per al futur immediat d&#8217;esta demarcaci\u00f3 que feia poc s&#8217;havia convertit en comtat.<\/p>\n\n\n\n<p><strong>Autor<\/strong><\/p>\n\n\n<div class=\"wp-block-image\">\n<figure class=\"alignright size-full is-resized\"><img loading=\"lazy\" decoding=\"async\" width=\"782\" height=\"1024\" src=\"http:\/\/www.tucomarca.com\/wordpress\/segunda\/wp-content\/uploads\/2025\/11\/Autor.jpg\" alt=\"\" class=\"wp-image-284701\" style=\"width:256px;height:auto\" srcset=\"https:\/\/www.tucomarca.com\/wordpress\/segunda\/wp-content\/uploads\/2025\/11\/Autor.jpg 782w, https:\/\/www.tucomarca.com\/wordpress\/segunda\/wp-content\/uploads\/2025\/11\/Autor-229x300.jpg 229w, https:\/\/www.tucomarca.com\/wordpress\/segunda\/wp-content\/uploads\/2025\/11\/Autor-768x1006.jpg 768w\" sizes=\"auto, (max-width: 782px) 100vw, 782px\" \/><\/figure>\n<\/div>\n\n\n<p>Rafael L\u00f3pez Andrada (Benimodo, 1961) \u00e9s llicenciat en Geografia i hist\u00f2ria per la UNED i cronista oficial d&#8217;este municipi de la Ribera Alta.&nbsp;<\/p>\n\n\n\n<p>Comprom\u00e9s sempre amb el seu poble, es considera un divulgador de la seua hist\u00f2ria, cultura, costums i tradicions, que ha compaginat la dedicaci\u00f3 professional amb altres facetes art\u00edstiques, com la m\u00fasica i la pintura. \u00c9s autor de llibres com \u2018Hist\u00f2ria de Benimodo. Mem\u00f2ries d\u2019un poble\u2019 (2016), una rigorosa obra en dos volums, \u2018Hist\u00f2ria de la Banda de M\u00fasica de Benimodo\u2019 (1999), \u2018Patrimoni musical de Benimodo\u2019 (2019), \u2018El llenguatge sonor de les campanes de Benimodo\u2019 (2022), \u2018Una mirada en blanc i negre al Benimodo del segle XX\u2019 (2023, coautor) i \u2018Arquitectura funer\u00e0ria a Benimodo. El cementeri municipal\u2019 (2024).&nbsp;<\/p>\n\n\n\n<p>A m\u00e9s, ha escrit la pe\u00e7a teatral \u2018\u00c9s busca sant patr\u00f3\u2019 (2021) i el poemari \u2018Ales de cal\u00e7\u2019 (1984), que va guanyar el premi Viola d\u2019Or en els Jocs Florals d&#8217;Alzira.<\/p>\n\n\n\n<p>Investigador i estudi\u00f3s de la hist\u00f2ria i patrimoni local, ha col\u00b7laborat en diverses publicacions col\u00b7lectives, com el llibre \u2018\u2019Un ram convuls de s\u00edl\u00b7labes de vidre\u2019. \u2018Homenatge a Vicent Andr\u00e9s Estell\u00e9s\u2019 (2024) i les revistes comarcals Algezira X\u00facar, Carletins,Aljannat, Castell\u00f3 Not\u00edcies, etc.<\/p>\n\n\n\n<p>A m\u00e9s, ha participat en treballs i comunicacions de l\u2019*Assemblea d\u2019*Hist\u00f2ria de la Ribera, Associaci\u00f3 de Cronistes Oficials del Regne de Val\u00e8ncia i Real Associaci\u00f3 Espanyola de Cronistes Oficials, aix\u00ed com en col\u00b7loquis, jornades d&#8217;estudis, premsa i obres de divulgaci\u00f3 variada.<\/p>\n","protected":false},"excerpt":{"rendered":"<div class=\"mh-excerpt\">L&#8217;obra \u00e9s fruit de la investigaci\u00f3 del cronista oficial de Benimodo, Rafael L\u00f3pez Andrada. L&#8217;editorial El Magn\u00e0nim, de la Diputaci\u00f3 de Val\u00e8ncia, ha publicat \u2018La Germania i la q\u00fcesti\u00f3 morisca a la baronia de Carlet\u2019, <a class=\"mh-excerpt-more\" href=\"https:\/\/www.tucomarca.com\/wordpress\/segunda\/ca\/el-magnanim-aborda-la-revolta-de-les-germanies-a-la-ribera-amb-la-germania-i-la-questio-morisca-a-la-baronia-de-carlet\/\" title=\"El Magn\u00e0nim aborda la revolta de les Germanies a la Ribera amb \u2018La Germania i la q\u00fcesti\u00f3 morisca a la baronia de Carlet\u2019\">[+] <\/a><\/div>\n","protected":false},"author":1,"featured_media":284700,"comment_status":"open","ping_status":"open","sticky":false,"template":"","format":"standard","meta":{"footnotes":""},"categories":[10990,10898,10894,10904,10902,11007],"tags":[11082,11199,11077],"class_list":{"0":"post-284706","1":"post","2":"type-post","3":"status-publish","4":"format-standard","5":"has-post-thumbnail","7":"category-carlet-ca","8":"category-ventana-ca","9":"category-la-comarca-ca","10":"category-sin-categorizar-ca","11":"category-la-ribera-ca","12":"category-ocio-y-cultura-ca","13":"tag-carlet-ca","14":"tag-la-comunitat-ca","15":"tag-la-ribera-alta-ca"},"_links":{"self":[{"href":"https:\/\/www.tucomarca.com\/wordpress\/segunda\/ca\/wp-json\/wp\/v2\/posts\/284706","targetHints":{"allow":["GET"]}}],"collection":[{"href":"https:\/\/www.tucomarca.com\/wordpress\/segunda\/ca\/wp-json\/wp\/v2\/posts"}],"about":[{"href":"https:\/\/www.tucomarca.com\/wordpress\/segunda\/ca\/wp-json\/wp\/v2\/types\/post"}],"author":[{"embeddable":true,"href":"https:\/\/www.tucomarca.com\/wordpress\/segunda\/ca\/wp-json\/wp\/v2\/users\/1"}],"replies":[{"embeddable":true,"href":"https:\/\/www.tucomarca.com\/wordpress\/segunda\/ca\/wp-json\/wp\/v2\/comments?post=284706"}],"version-history":[{"count":0,"href":"https:\/\/www.tucomarca.com\/wordpress\/segunda\/ca\/wp-json\/wp\/v2\/posts\/284706\/revisions"}],"wp:featuredmedia":[{"embeddable":true,"href":"https:\/\/www.tucomarca.com\/wordpress\/segunda\/ca\/wp-json\/wp\/v2\/media\/284700"}],"wp:attachment":[{"href":"https:\/\/www.tucomarca.com\/wordpress\/segunda\/ca\/wp-json\/wp\/v2\/media?parent=284706"}],"wp:term":[{"taxonomy":"category","embeddable":true,"href":"https:\/\/www.tucomarca.com\/wordpress\/segunda\/ca\/wp-json\/wp\/v2\/categories?post=284706"},{"taxonomy":"post_tag","embeddable":true,"href":"https:\/\/www.tucomarca.com\/wordpress\/segunda\/ca\/wp-json\/wp\/v2\/tags?post=284706"}],"curies":[{"name":"wp","href":"https:\/\/api.w.org\/{rel}","templated":true}]}}