{"id":284716,"date":"2025-11-07T12:00:00","date_gmt":"2025-11-07T11:00:00","guid":{"rendered":"https:\/\/www.tucomarca.com\/wordpress\/segunda\/?p=284716"},"modified":"2025-11-07T20:28:14","modified_gmt":"2025-11-07T19:28:14","slug":"la-generalitat-valenciana-concedeix-una-subvencio-de-683-932-euros-a-lajuntament-de-benaguasil-per-a-la-rehabilitacio-i-construccio-del-futur-centre-de-serveis-socials","status":"publish","type":"post","link":"https:\/\/www.tucomarca.com\/wordpress\/segunda\/ca\/la-generalitat-valenciana-concedeix-una-subvencio-de-683-932-euros-a-lajuntament-de-benaguasil-per-a-la-rehabilitacio-i-construccio-del-futur-centre-de-serveis-socials\/","title":{"rendered":"La Generalitat Valenciana concedeix una subvenci\u00f3 de 683.932 euros a l&#8217;Ajuntament de Benaguasil per a la rehabilitaci\u00f3 i construcci\u00f3 del futur Centre de Serveis Socials"},"content":{"rendered":"\n<p>La Vicepresid\u00e8ncia Primera i Conselleria de Serveis Socials, Igualtat i Habitatge de la Generalitat Valenciana ha concedit a l&#8217;Ajuntament de Benaguasil una subvenci\u00f3 de 683.932,00 euros destinada a la rehabilitaci\u00f3 de les Antigues Escoles Sagrada Fam\u00edlia, edifici que ser\u00e0 adaptat per a acollir les depend\u00e8ncies municipals de l&#8217;\u00e0rea de Benestar Social.<br>Aquesta ajuda, que correspon al 100%&nbsp; del finan\u00e7ament de les obres de rehabilitaci\u00f3 i construcci\u00f3, permetr\u00e0 transformar aquest espai emblem\u00e0tic en un&nbsp;nou centre destinat a serveis socials, contribuint aix\u00ed al benestar de la ciutadania i a la millora de l&#8217;atenci\u00f3 social en el municipi.<br>El&nbsp;col\u00b7legi de la Sagrada Fam\u00edlia, situat al carrer&nbsp; Fra Luis Amig\u00f3, \u00e9s un edifici de dues plantes i una superf\u00edcie de&nbsp;800 metres quadrats, situat en s\u00f2l urb\u00e0 dins del centre hist\u00f2ric del municipi. L&#8217;actuaci\u00f3 inclour\u00e0 la rehabilitaci\u00f3 integral de l&#8217;immoble i l&#8217;adequaci\u00f3 de la parcel\u00b7la annexa, amb l&#8217;objectiu de&nbsp;donar-li un \u00fas p\u00fablic i social.<\/p>\n\n\n\n<figure class=\"wp-block-gallery has-nested-images columns-1 is-cropped wp-block-gallery-1 is-layout-flex wp-block-gallery-is-layout-flex\">\n<figure class=\"wp-block-image size-large\"><img loading=\"lazy\" decoding=\"async\" width=\"1024\" height=\"843\" data-id=\"284709\" src=\"https:\/\/www.tucomarca.com\/wordpress\/segunda\/wp-content\/uploads\/2025\/11\/Benaguasil_ServiciosSociales2-1024x843.jpg\" alt=\"\" class=\"wp-image-284709\" srcset=\"https:\/\/www.tucomarca.com\/wordpress\/segunda\/wp-content\/uploads\/2025\/11\/Benaguasil_ServiciosSociales2-1024x843.jpg 1024w, https:\/\/www.tucomarca.com\/wordpress\/segunda\/wp-content\/uploads\/2025\/11\/Benaguasil_ServiciosSociales2-300x247.jpg 300w, https:\/\/www.tucomarca.com\/wordpress\/segunda\/wp-content\/uploads\/2025\/11\/Benaguasil_ServiciosSociales2-768x632.jpg 768w, https:\/\/www.tucomarca.com\/wordpress\/segunda\/wp-content\/uploads\/2025\/11\/Benaguasil_ServiciosSociales2-1536x1264.jpg 1536w, https:\/\/www.tucomarca.com\/wordpress\/segunda\/wp-content\/uploads\/2025\/11\/Benaguasil_ServiciosSociales2.jpg 1600w\" sizes=\"auto, (max-width: 1024px) 100vw, 1024px\" \/><\/figure>\n\n\n\n<figure class=\"wp-block-image size-large\"><img loading=\"lazy\" decoding=\"async\" width=\"1024\" height=\"742\" data-id=\"284707\" src=\"https:\/\/www.tucomarca.com\/wordpress\/segunda\/wp-content\/uploads\/2025\/11\/Benaguasil_Serviciossociales1-1024x742.jpg\" alt=\"\" class=\"wp-image-284707\" srcset=\"https:\/\/www.tucomarca.com\/wordpress\/segunda\/wp-content\/uploads\/2025\/11\/Benaguasil_Serviciossociales1-1024x742.jpg 1024w, https:\/\/www.tucomarca.com\/wordpress\/segunda\/wp-content\/uploads\/2025\/11\/Benaguasil_Serviciossociales1-300x217.jpg 300w, https:\/\/www.tucomarca.com\/wordpress\/segunda\/wp-content\/uploads\/2025\/11\/Benaguasil_Serviciossociales1-768x556.jpg 768w, https:\/\/www.tucomarca.com\/wordpress\/segunda\/wp-content\/uploads\/2025\/11\/Benaguasil_Serviciossociales1.jpg 1222w\" sizes=\"auto, (max-width: 1024px) 100vw, 1024px\" \/><\/figure>\n<\/figure>\n\n\n\n<p>Des de l&#8217;Ajuntament s&#8217;ha destacat que aquesta inversi\u00f3&nbsp;respon a l&#8217;estrat\u00e8gia municipal de recuperar edificis hist\u00f2rics&nbsp;per a dotar-los de nous usos que afavorisquen la cohesi\u00f3 social. L&#8217;immoble es destinar\u00e0 per a les depend\u00e8ncies dels&nbsp;Serveis de Socials municipals i comptar\u00e0 amb: despatxos, zones d&#8217;espera,&nbsp;sales de reuni\u00f3, espais d&#8217;atenci\u00f3, sala d&#8217;actes, espai de recepci\u00f3&nbsp;i d&#8217;administraci\u00f3, sala d&#8217;arxiu, aules, sala multiusos, sala intervencions familiars i lavabos.<br>L&#8217;Ajuntament&nbsp; de Benaguasil ha expressat la seua satisfacci\u00f3&nbsp;per la concessi\u00f3 d&#8217;aquesta subvenci\u00f3, destacant que \u201c\u00e9s una excel\u00b7lent not\u00edcia per al municipi, ja que permetr\u00e0 posar en valor un edifici emblem\u00e0tic i convertir-lo en un espai al servei de les persones. Aquest projecte refor\u00e7a el nostre comprom\u00eds amb les pol\u00edtiques socials i la millora de la qualitat de vida dels nostres ve\u00efns i ve\u00efnes\u201d.<br>Amb aquesta actuaci\u00f3, Benaguasil continua avan\u00e7ant en la seua aposta per&nbsp;la modernitzaci\u00f3 dels serveis p\u00fablics i la recuperaci\u00f3 del patrimoni local.<\/p>\n","protected":false},"excerpt":{"rendered":"<div class=\"mh-excerpt\">La Vicepresid\u00e8ncia Primera i Conselleria de Serveis Socials, Igualtat i Habitatge de la Generalitat Valenciana ha concedit a l&#8217;Ajuntament de Benaguasil una subvenci\u00f3 de 683.932,00 euros destinada a la rehabilitaci\u00f3 de les Antigues Escoles Sagrada <a class=\"mh-excerpt-more\" href=\"https:\/\/www.tucomarca.com\/wordpress\/segunda\/ca\/la-generalitat-valenciana-concedeix-una-subvencio-de-683-932-euros-a-lajuntament-de-benaguasil-per-a-la-rehabilitacio-i-construccio-del-futur-centre-de-serveis-socials\/\" title=\"La Generalitat Valenciana concedeix una subvenci\u00f3 de 683.932 euros a l&#8217;Ajuntament de Benaguasil per a la rehabilitaci\u00f3 i construcci\u00f3 del futur Centre de Serveis Socials\">[+] <\/a><\/div>\n","protected":false},"author":12,"featured_media":284712,"comment_status":"open","ping_status":"open","sticky":false,"template":"","format":"standard","meta":{"footnotes":""},"categories":[10952,10892,10898,10948,10894,10947,10896],"tags":[23322,10899,23323,11498],"class_list":{"0":"post-284716","1":"post","2":"type-post","3":"status-publish","4":"format-standard","5":"has-post-thumbnail","7":"category-benaguasil-ca","8":"category-camp-de-turia-ca","9":"category-ventana-ca","10":"category-infraestructuras-ca","11":"category-la-comarca-ca","12":"category-politica","13":"category-seccion-ca","14":"tag-bernaguasil-ca","15":"tag-camp-de-turia-ca","16":"tag-futuro-centro-servicios-sociales-ca","17":"tag-generalitat-valenciana-ca"},"_links":{"self":[{"href":"https:\/\/www.tucomarca.com\/wordpress\/segunda\/ca\/wp-json\/wp\/v2\/posts\/284716","targetHints":{"allow":["GET"]}}],"collection":[{"href":"https:\/\/www.tucomarca.com\/wordpress\/segunda\/ca\/wp-json\/wp\/v2\/posts"}],"about":[{"href":"https:\/\/www.tucomarca.com\/wordpress\/segunda\/ca\/wp-json\/wp\/v2\/types\/post"}],"author":[{"embeddable":true,"href":"https:\/\/www.tucomarca.com\/wordpress\/segunda\/ca\/wp-json\/wp\/v2\/users\/12"}],"replies":[{"embeddable":true,"href":"https:\/\/www.tucomarca.com\/wordpress\/segunda\/ca\/wp-json\/wp\/v2\/comments?post=284716"}],"version-history":[{"count":0,"href":"https:\/\/www.tucomarca.com\/wordpress\/segunda\/ca\/wp-json\/wp\/v2\/posts\/284716\/revisions"}],"wp:featuredmedia":[{"embeddable":true,"href":"https:\/\/www.tucomarca.com\/wordpress\/segunda\/ca\/wp-json\/wp\/v2\/media\/284712"}],"wp:attachment":[{"href":"https:\/\/www.tucomarca.com\/wordpress\/segunda\/ca\/wp-json\/wp\/v2\/media?parent=284716"}],"wp:term":[{"taxonomy":"category","embeddable":true,"href":"https:\/\/www.tucomarca.com\/wordpress\/segunda\/ca\/wp-json\/wp\/v2\/categories?post=284716"},{"taxonomy":"post_tag","embeddable":true,"href":"https:\/\/www.tucomarca.com\/wordpress\/segunda\/ca\/wp-json\/wp\/v2\/tags?post=284716"}],"curies":[{"name":"wp","href":"https:\/\/api.w.org\/{rel}","templated":true}]}}