{"id":284791,"date":"2025-11-10T12:00:00","date_gmt":"2025-11-10T11:00:00","guid":{"rendered":"https:\/\/www.tucomarca.com\/wordpress\/segunda\/?p=284791"},"modified":"2025-11-10T14:51:55","modified_gmt":"2025-11-10T13:51:55","slug":"video-presentacio-del-projecte-dintegracio-de-la-cultura-vitivinicola-de-la-do-utiel-requena-amb-els-cinc-ies-de-la-comarca","status":"publish","type":"post","link":"https:\/\/www.tucomarca.com\/wordpress\/segunda\/ca\/video-presentacio-del-projecte-dintegracio-de-la-cultura-vitivinicola-de-la-do-utiel-requena-amb-els-cinc-ies-de-la-comarca\/","title":{"rendered":"V\u00eddeo: presentaci\u00f3 del projecte d&#8217;integraci\u00f3 de la cultura vitivin\u00edcola de la DO Utiel-Requena amb els cinc IES de la comarca"},"content":{"rendered":"\n<figure class=\"wp-block-embed is-type-video is-provider-youtube wp-block-embed-youtube wp-embed-aspect-16-9 wp-has-aspect-ratio\"><div class=\"wp-block-embed__wrapper\">\n<iframe loading=\"lazy\" title=\"V\u00eddeo: presentaci\u00f3n proyecto educativo de integraci\u00f3n de la DO Utiel-Requena con 5 IES de la comarca\" width=\"500\" height=\"281\" src=\"https:\/\/www.youtube.com\/embed\/ckIIK6FV-2k?feature=oembed\" frameborder=\"0\" allow=\"accelerometer; autoplay; clipboard-write; encrypted-media; gyroscope; picture-in-picture; web-share\" referrerpolicy=\"strict-origin-when-cross-origin\" allowfullscreen><\/iframe>\n<\/div><\/figure>\n\n\n\n<p>V\u00eddeo-reportatge elaborat per <strong>tucomarca televisi\u00f3<\/strong> de la presentaci\u00f3 del projecte educatiu d&#8217;integraci\u00f3 de la cultura vitivin\u00edcola de la <strong>DO Utiel-Requena<\/strong> dut a terme amb cinc dels Instituts d&#8217;Ensenyament Secundari de la comarca. <\/p>\n\n\n\n<p>Una activitat que ha sigut recentment presentada en la seu de la DO Utiel-Requena, la Bodega Redonda, i que ha comptat amb la participaci\u00f3, a m\u00e9s dels responsables de la DO, dels professors dels centres educatius participants.<\/p>\n","protected":false},"excerpt":{"rendered":"<div class=\"mh-excerpt\">V\u00eddeo-reportatge elaborat per tucomarca televisi\u00f3 de la presentaci\u00f3 del projecte educatiu d&#8217;integraci\u00f3 de la cultura vitivin\u00edcola de la DO Utiel-Requena dut a terme amb cinc dels Instituts d&#8217;Ensenyament Secundari de la comarca. Una activitat que <a class=\"mh-excerpt-more\" href=\"https:\/\/www.tucomarca.com\/wordpress\/segunda\/ca\/video-presentacio-del-projecte-dintegracio-de-la-cultura-vitivinicola-de-la-do-utiel-requena-amb-els-cinc-ies-de-la-comarca\/\" title=\"V\u00eddeo: presentaci\u00f3 del projecte d&#8217;integraci\u00f3 de la cultura vitivin\u00edcola de la DO Utiel-Requena amb els cinc IES de la comarca\">[+] <\/a><\/div>\n","protected":false},"author":1,"featured_media":284787,"comment_status":"open","ping_status":"open","sticky":false,"template":"","format":"video","meta":{"footnotes":""},"categories":[11006,10898,10948,10894,10904,11007,10908,10909,10896,11059,11062],"tags":[12194,12747,22060,10910,11174],"class_list":{"0":"post-284791","1":"post","2":"type-post","3":"status-publish","4":"format-video","5":"has-post-thumbnail","7":"category-canal-vinos","8":"category-ventana-ca","9":"category-infraestructuras-ca","10":"category-la-comarca-ca","11":"category-sin-categorizar-ca","12":"category-ocio-y-cultura-ca","13":"category-requena-ca","14":"category-requena-utiel-ca","15":"category-seccion-ca","16":"category-utiel-ca","17":"category-videos","18":"tag-cultura-ca","19":"tag-do-utiel-requena-ca","20":"tag-ies-ca","21":"tag-requena-utiel-ca","22":"tag-utiel-ca","23":"post_format-post-format-video"},"_links":{"self":[{"href":"https:\/\/www.tucomarca.com\/wordpress\/segunda\/ca\/wp-json\/wp\/v2\/posts\/284791","targetHints":{"allow":["GET"]}}],"collection":[{"href":"https:\/\/www.tucomarca.com\/wordpress\/segunda\/ca\/wp-json\/wp\/v2\/posts"}],"about":[{"href":"https:\/\/www.tucomarca.com\/wordpress\/segunda\/ca\/wp-json\/wp\/v2\/types\/post"}],"author":[{"embeddable":true,"href":"https:\/\/www.tucomarca.com\/wordpress\/segunda\/ca\/wp-json\/wp\/v2\/users\/1"}],"replies":[{"embeddable":true,"href":"https:\/\/www.tucomarca.com\/wordpress\/segunda\/ca\/wp-json\/wp\/v2\/comments?post=284791"}],"version-history":[{"count":0,"href":"https:\/\/www.tucomarca.com\/wordpress\/segunda\/ca\/wp-json\/wp\/v2\/posts\/284791\/revisions"}],"wp:featuredmedia":[{"embeddable":true,"href":"https:\/\/www.tucomarca.com\/wordpress\/segunda\/ca\/wp-json\/wp\/v2\/media\/284787"}],"wp:attachment":[{"href":"https:\/\/www.tucomarca.com\/wordpress\/segunda\/ca\/wp-json\/wp\/v2\/media?parent=284791"}],"wp:term":[{"taxonomy":"category","embeddable":true,"href":"https:\/\/www.tucomarca.com\/wordpress\/segunda\/ca\/wp-json\/wp\/v2\/categories?post=284791"},{"taxonomy":"post_tag","embeddable":true,"href":"https:\/\/www.tucomarca.com\/wordpress\/segunda\/ca\/wp-json\/wp\/v2\/tags?post=284791"}],"curies":[{"name":"wp","href":"https:\/\/api.w.org\/{rel}","templated":true}]}}