{"id":284988,"date":"2025-11-11T11:30:00","date_gmt":"2025-11-11T10:30:00","guid":{"rendered":"https:\/\/www.tucomarca.com\/wordpress\/segunda\/?p=284988"},"modified":"2025-11-11T19:28:55","modified_gmt":"2025-11-11T18:28:55","slug":"la-guardia-civil-sorpren-un-venedor-amb-mes-de-mil-peces-falsificades-a-venta-del-moro","status":"publish","type":"post","link":"https:\/\/www.tucomarca.com\/wordpress\/segunda\/ca\/la-guardia-civil-sorpren-un-venedor-amb-mes-de-mil-peces-falsificades-a-venta-del-moro\/","title":{"rendered":"La Gu\u00e0rdia Civil sorpr\u00e9n un venedor amb m\u00e9s de mil peces falsificades a Venta del Moro"},"content":{"rendered":"\n<h3 class=\"wp-block-heading\">El valor total de les falsificacions aconsegueix els 78.000 euros.<\/h3>\n\n\n\n<h3 class=\"wp-block-heading\">L&#8217;autor dels fets tractava de traslladar la mercaderia fins a Granada per a vendre-la.<\/h3>\n\n\n\n<p>La Gu\u00e0rdia Civil ha investigat a un home que portava en el seu vehicle 1.063 peces de roba falsificades de diferents marques. El valor total de les falsificacions en el mercat ronda els 78.000 euros.<\/p>\n\n\n\n<p>Els gu\u00e0rdies civils es trobaven realitzant un punt de verificaci\u00f3 de vehicles i persones en una estaci\u00f3 de servei de l&#8217;A3 al seu pas per Venta del Moro. En un moment donat observen a una persona que porta en el seu vehicle una gran quantitat de peces de roba.<\/p>\n\n\n\n<p>En realitzar una s\u00e8rie de comprovacions, verifiquen que les peces s\u00f3n falsificades i procedeixen a inventariar tot el material i investigar al portador per un delicte contra la propietat industrial. Es tracta d&#8217;un home senegal\u00e9s de 31 anys que tractava de transportar la mercaderia fins a Granada per a vendre-la en diversos punts de venda ambulant.<\/p>\n\n\n\n<p>La investigaci\u00f3 ha sigut duta a terme per agents de la Gu\u00e0rdia Civil del Lloc de Sinarques.<\/p>\n\n\n\n<p>Les dilig\u00e8ncies van ser entregades en el Deganat dels Jutjats de Requena.<\/p>\n","protected":false},"excerpt":{"rendered":"<div class=\"mh-excerpt\">El valor total de les falsificacions aconsegueix els 78.000 euros. L&#8217;autor dels fets tractava de traslladar la mercaderia fins a Granada per a vendre-la. La Gu\u00e0rdia Civil ha investigat a un home que portava en <a class=\"mh-excerpt-more\" href=\"https:\/\/www.tucomarca.com\/wordpress\/segunda\/ca\/la-guardia-civil-sorpren-un-venedor-amb-mes-de-mil-peces-falsificades-a-venta-del-moro\/\" title=\"La Gu\u00e0rdia Civil sorpr\u00e9n un venedor amb m\u00e9s de mil peces falsificades a Venta del Moro\">[+] <\/a><\/div>\n","protected":false},"author":12,"featured_media":284987,"comment_status":"open","ping_status":"open","sticky":false,"template":"","format":"standard","meta":{"footnotes":""},"categories":[10898,10894,10909,10896,10897,11060],"tags":[23330,11118,10910,11709],"class_list":{"0":"post-284988","1":"post","2":"type-post","3":"status-publish","4":"format-standard","5":"has-post-thumbnail","7":"category-ventana-ca","8":"category-la-comarca-ca","9":"category-requena-utiel-ca","10":"category-seccion-ca","11":"category-sucesos-la-comarca-ca","12":"category-venta-del-moro-ca","13":"tag-falsificaciones-ca","14":"tag-guardia-civil-ca","15":"tag-requena-utiel-ca","16":"tag-venta-del-moro-ca"},"_links":{"self":[{"href":"https:\/\/www.tucomarca.com\/wordpress\/segunda\/ca\/wp-json\/wp\/v2\/posts\/284988","targetHints":{"allow":["GET"]}}],"collection":[{"href":"https:\/\/www.tucomarca.com\/wordpress\/segunda\/ca\/wp-json\/wp\/v2\/posts"}],"about":[{"href":"https:\/\/www.tucomarca.com\/wordpress\/segunda\/ca\/wp-json\/wp\/v2\/types\/post"}],"author":[{"embeddable":true,"href":"https:\/\/www.tucomarca.com\/wordpress\/segunda\/ca\/wp-json\/wp\/v2\/users\/12"}],"replies":[{"embeddable":true,"href":"https:\/\/www.tucomarca.com\/wordpress\/segunda\/ca\/wp-json\/wp\/v2\/comments?post=284988"}],"version-history":[{"count":0,"href":"https:\/\/www.tucomarca.com\/wordpress\/segunda\/ca\/wp-json\/wp\/v2\/posts\/284988\/revisions"}],"wp:featuredmedia":[{"embeddable":true,"href":"https:\/\/www.tucomarca.com\/wordpress\/segunda\/ca\/wp-json\/wp\/v2\/media\/284987"}],"wp:attachment":[{"href":"https:\/\/www.tucomarca.com\/wordpress\/segunda\/ca\/wp-json\/wp\/v2\/media?parent=284988"}],"wp:term":[{"taxonomy":"category","embeddable":true,"href":"https:\/\/www.tucomarca.com\/wordpress\/segunda\/ca\/wp-json\/wp\/v2\/categories?post=284988"},{"taxonomy":"post_tag","embeddable":true,"href":"https:\/\/www.tucomarca.com\/wordpress\/segunda\/ca\/wp-json\/wp\/v2\/tags?post=284988"}],"curies":[{"name":"wp","href":"https:\/\/api.w.org\/{rel}","templated":true}]}}