{"id":285064,"date":"2025-11-11T12:00:00","date_gmt":"2025-11-11T11:00:00","guid":{"rendered":"https:\/\/www.tucomarca.com\/wordpress\/segunda\/?p=285064"},"modified":"2025-11-11T19:45:19","modified_gmt":"2025-11-11T18:45:19","slug":"mes-de-750-persones-participen-en-les-activitats-de-prevencio-i-oci-saludable-impulsades-per-la-mancomunitat-foia-de-bunyol-xiva-des-de-la-upcca","status":"publish","type":"post","link":"https:\/\/www.tucomarca.com\/wordpress\/segunda\/ca\/mes-de-750-persones-participen-en-les-activitats-de-prevencio-i-oci-saludable-impulsades-per-la-mancomunitat-foia-de-bunyol-xiva-des-de-la-upcca\/","title":{"rendered":"M\u00e9s de 750 persones participen en les activitats de prevenci\u00f3 i oci saludable impulsades per la mancomunitat Foia de Bunyol-Xiva des de la UPCCA"},"content":{"rendered":"\n<p>La&nbsp;Unitat de Prevenci\u00f3 Comunit\u00e0ria de Conductes Addictives (UPCCA)&nbsp;de la Mancomunitat Foia de Bunyol Xiva, ha treballat durant les \u00faltimes setmanes en el desenvolupament d&#8217;activitats dirigides a fomentar l&#8217;oci&nbsp; saludable i la prevenci\u00f3 de conductes de risc&nbsp;entre joves i fam\u00edlies, amb&nbsp;m\u00e9s de 750 persones&nbsp;en diferents punts de la comarca.<br>Dins del programa d&#8217;oci&nbsp; i temps lliure coordinat per l&#8217;equip de la UPCCA, s&#8217;han dut a terme&nbsp;quatre activitats&nbsp;en les quals han participat una mitjana de&nbsp;25 joves per iniciativa, promovent alternatives de gaudi saludable i conviv\u00e8ncia positiva.<br>D&#8217;altra banda, les&nbsp;accions de prevenci\u00f3 comunit\u00e0ria&nbsp;\u2014entre les quals s&#8217;inclouen representacions teatrals i formacions familiars\u2014 han tingut tamb\u00e9 una destacada participaci\u00f3. Les&nbsp; representacions teatrals&nbsp;dirigides a l&#8217;alumnat dels centres educatius han reunit a&nbsp;m\u00e9s de 600 escolars, mentre que les&nbsp;formacions per a fam\u00edlies, orientades a fam\u00edlies amb fills i filles en edat escolar i a fam\u00edlies amb adolescents en l&#8217;institut, han comptat amb l&#8217;assist\u00e8ncia de m\u00e9s de 50 persones.<br>En conjunt, aquestes iniciatives reflecteixen el comprom\u00eds de la UPCCA amb la&nbsp;prevenci\u00f3, l&#8217;educaci\u00f3 i la promoci\u00f3 d&#8217;h\u00e0bits de vida saludables, refor\u00e7ant el seu paper com a impulsora d&#8217;eines que permeten millorar la formaci\u00f3 de la joventut en l&#8217;\u00e0mbit d&#8217;actuaci\u00f3 de la mancomunitat Foia de Bunyol Xiva.<\/p>\n","protected":false},"excerpt":{"rendered":"<div class=\"mh-excerpt\">La&nbsp;Unitat de Prevenci\u00f3 Comunit\u00e0ria de Conductes Addictives (UPCCA)&nbsp;de la Mancomunitat Foia de Bunyol Xiva, ha treballat durant les \u00faltimes setmanes en el desenvolupament d&#8217;activitats dirigides a fomentar l&#8217;oci&nbsp; saludable i la prevenci\u00f3 de conductes de <a class=\"mh-excerpt-more\" href=\"https:\/\/www.tucomarca.com\/wordpress\/segunda\/ca\/mes-de-750-persones-participen-en-les-activitats-de-prevencio-i-oci-saludable-impulsades-per-la-mancomunitat-foia-de-bunyol-xiva-des-de-la-upcca\/\" title=\"M\u00e9s de 750 persones participen en les activitats de prevenci\u00f3 i oci saludable impulsades per la mancomunitat Foia de Bunyol-Xiva des de la UPCCA\">[+] <\/a><\/div>\n","protected":false},"author":12,"featured_media":285062,"comment_status":"open","ping_status":"open","sticky":false,"template":"","format":"standard","meta":{"footnotes":""},"categories":[10980,10948,10894,10912,10947,10896],"tags":[10914,11514,12315],"class_list":{"0":"post-285064","1":"post","2":"type-post","3":"status-publish","4":"format-standard","5":"has-post-thumbnail","7":"category-yatova-ca","8":"category-infraestructuras-ca","9":"category-la-comarca-ca","10":"category-la-hoya-ca","11":"category-politica","12":"category-seccion-ca","13":"tag-la-hoya-de-bunol-chiva-ca","14":"tag-mancomunidad-de-la-hoya-de-bunol-chiva-ca","15":"tag-upcca-ca"},"_links":{"self":[{"href":"https:\/\/www.tucomarca.com\/wordpress\/segunda\/ca\/wp-json\/wp\/v2\/posts\/285064","targetHints":{"allow":["GET"]}}],"collection":[{"href":"https:\/\/www.tucomarca.com\/wordpress\/segunda\/ca\/wp-json\/wp\/v2\/posts"}],"about":[{"href":"https:\/\/www.tucomarca.com\/wordpress\/segunda\/ca\/wp-json\/wp\/v2\/types\/post"}],"author":[{"embeddable":true,"href":"https:\/\/www.tucomarca.com\/wordpress\/segunda\/ca\/wp-json\/wp\/v2\/users\/12"}],"replies":[{"embeddable":true,"href":"https:\/\/www.tucomarca.com\/wordpress\/segunda\/ca\/wp-json\/wp\/v2\/comments?post=285064"}],"version-history":[{"count":0,"href":"https:\/\/www.tucomarca.com\/wordpress\/segunda\/ca\/wp-json\/wp\/v2\/posts\/285064\/revisions"}],"wp:featuredmedia":[{"embeddable":true,"href":"https:\/\/www.tucomarca.com\/wordpress\/segunda\/ca\/wp-json\/wp\/v2\/media\/285062"}],"wp:attachment":[{"href":"https:\/\/www.tucomarca.com\/wordpress\/segunda\/ca\/wp-json\/wp\/v2\/media?parent=285064"}],"wp:term":[{"taxonomy":"category","embeddable":true,"href":"https:\/\/www.tucomarca.com\/wordpress\/segunda\/ca\/wp-json\/wp\/v2\/categories?post=285064"},{"taxonomy":"post_tag","embeddable":true,"href":"https:\/\/www.tucomarca.com\/wordpress\/segunda\/ca\/wp-json\/wp\/v2\/tags?post=285064"}],"curies":[{"name":"wp","href":"https:\/\/api.w.org\/{rel}","templated":true}]}}