{"id":285169,"date":"2025-11-12T13:00:00","date_gmt":"2025-11-12T12:00:00","guid":{"rendered":"https:\/\/www.tucomarca.com\/wordpress\/segunda\/?p=285169"},"modified":"2025-11-12T20:18:51","modified_gmt":"2025-11-12T19:18:51","slug":"mompo-lloa-el-treball-de-les-forces-i-cossos-de-seguretat-en-la-dana","status":"publish","type":"post","link":"https:\/\/www.tucomarca.com\/wordpress\/segunda\/ca\/mompo-lloa-el-treball-de-les-forces-i-cossos-de-seguretat-en-la-dana\/","title":{"rendered":"Momp\u00f3 lloa el treball de les Forces i Cossos de seguretat en la DANA"},"content":{"rendered":"\n<h3 class=\"wp-block-heading\">El president de la Diputaci\u00f3 de Val\u00e8ncia assistix a Xirivella a l\u2019entrega&nbsp; de condecoracions de la Generalitat als cossos de seguretat<\/h3>\n\n\n\n<p>El president de laDiputaci\u00f3 de Val\u00e8ncia, Vicent Momp\u00f3, ha aplaudit la labor de les policies locals en l\u2019entrega de condecoracions de la Generalitat a les Forces i Cossos de seguretat, que s&#8217;ha fet este mat\u00ed a Xirivella.&nbsp;<\/p>\n\n\n\n<p>\u201cHem viscut un acte molt emotiu, \u00e9s de just\u00edcia recon\u00e9ixer tot el treball que han fet, ha sigut un any molt complicat en la nostra terra\u201d, ha destacat Momp\u00f3. A m\u00e9s, ha esgrimit, \u201ccal donar-los les gr\u00e0cies pel seu servici de vocaci\u00f3 i, sobretot, perqu\u00e8 en moments complicats, s&#8217;ha demostrat, jugant-se la vida a vegades, sempre donen la cara per nosaltres i ajuden a qui m\u00e9s els necessita\u201d.<\/p>\n\n\n\n<p>Finalment, el president de la Diputaci\u00f3 ha volgut posar en valor la proximitat i la vocaci\u00f3 de servici dels cossos de seguretat: \u201cS\u00f3n part essencial del dia a dia dels nostres municipis. El seu comprom\u00eds, la seua capacitat de resposta i la seua sensibilitat cap a les persones m\u00e9s vulnerables fan que els nostres carrers siguen llocs m\u00e9s segurs. Des de la Diputaci\u00f3 de Val\u00e8ncia, nom\u00e9s podem donar-los les gr\u00e0cies per tot el que fan\u201d.<\/p>\n\n\n\n<figure class=\"wp-block-gallery has-nested-images columns-2 is-cropped wp-block-gallery-1 is-layout-flex wp-block-gallery-is-layout-flex\">\n<figure class=\"wp-block-image size-large\"><img loading=\"lazy\" decoding=\"async\" width=\"1024\" height=\"691\" data-id=\"285160\" src=\"https:\/\/www.tucomarca.com\/wordpress\/segunda\/wp-content\/uploads\/2025\/11\/MompoFuerzasDana1-1024x691.jpg\" alt=\"\" class=\"wp-image-285160\" srcset=\"https:\/\/www.tucomarca.com\/wordpress\/segunda\/wp-content\/uploads\/2025\/11\/MompoFuerzasDana1-1024x691.jpg 1024w, https:\/\/www.tucomarca.com\/wordpress\/segunda\/wp-content\/uploads\/2025\/11\/MompoFuerzasDana1-300x202.jpg 300w, https:\/\/www.tucomarca.com\/wordpress\/segunda\/wp-content\/uploads\/2025\/11\/MompoFuerzasDana1-768x518.jpg 768w, https:\/\/www.tucomarca.com\/wordpress\/segunda\/wp-content\/uploads\/2025\/11\/MompoFuerzasDana1.jpg 1181w\" sizes=\"auto, (max-width: 1024px) 100vw, 1024px\" \/><\/figure>\n\n\n\n<figure class=\"wp-block-image size-large\"><img loading=\"lazy\" decoding=\"async\" width=\"1024\" height=\"691\" data-id=\"285164\" src=\"https:\/\/www.tucomarca.com\/wordpress\/segunda\/wp-content\/uploads\/2025\/11\/MompoFuerzasDana3-1024x691.jpg\" alt=\"\" class=\"wp-image-285164\" srcset=\"https:\/\/www.tucomarca.com\/wordpress\/segunda\/wp-content\/uploads\/2025\/11\/MompoFuerzasDana3-1024x691.jpg 1024w, https:\/\/www.tucomarca.com\/wordpress\/segunda\/wp-content\/uploads\/2025\/11\/MompoFuerzasDana3-300x202.jpg 300w, https:\/\/www.tucomarca.com\/wordpress\/segunda\/wp-content\/uploads\/2025\/11\/MompoFuerzasDana3-768x518.jpg 768w, https:\/\/www.tucomarca.com\/wordpress\/segunda\/wp-content\/uploads\/2025\/11\/MompoFuerzasDana3.jpg 1181w\" sizes=\"auto, (max-width: 1024px) 100vw, 1024px\" \/><\/figure>\n\n\n\n<figure class=\"wp-block-image size-large\"><img loading=\"lazy\" decoding=\"async\" width=\"1024\" height=\"691\" data-id=\"285166\" src=\"https:\/\/www.tucomarca.com\/wordpress\/segunda\/wp-content\/uploads\/2025\/11\/MompoFuerzasDana4-1024x691.jpg\" alt=\"\" class=\"wp-image-285166\" srcset=\"https:\/\/www.tucomarca.com\/wordpress\/segunda\/wp-content\/uploads\/2025\/11\/MompoFuerzasDana4-1024x691.jpg 1024w, https:\/\/www.tucomarca.com\/wordpress\/segunda\/wp-content\/uploads\/2025\/11\/MompoFuerzasDana4-300x202.jpg 300w, https:\/\/www.tucomarca.com\/wordpress\/segunda\/wp-content\/uploads\/2025\/11\/MompoFuerzasDana4-768x518.jpg 768w, https:\/\/www.tucomarca.com\/wordpress\/segunda\/wp-content\/uploads\/2025\/11\/MompoFuerzasDana4.jpg 1181w\" sizes=\"auto, (max-width: 1024px) 100vw, 1024px\" \/><\/figure>\n<\/figure>\n","protected":false},"excerpt":{"rendered":"<div class=\"mh-excerpt\">El president de la Diputaci\u00f3 de Val\u00e8ncia assistix a Xirivella a l\u2019entrega&nbsp; de condecoracions de la Generalitat als cossos de seguretat El president de laDiputaci\u00f3 de Val\u00e8ncia, Vicent Momp\u00f3, ha aplaudit la labor de les <a class=\"mh-excerpt-more\" href=\"https:\/\/www.tucomarca.com\/wordpress\/segunda\/ca\/mompo-lloa-el-treball-de-les-forces-i-cossos-de-seguretat-en-la-dana\/\" title=\"Momp\u00f3 lloa el treball de les Forces i Cossos de seguretat en la DANA\">[+] <\/a><\/div>\n","protected":false},"author":12,"featured_media":285163,"comment_status":"open","ping_status":"open","sticky":false,"template":"","format":"gallery","meta":{"footnotes":""},"categories":[21466,10898,10948,10894,10904,10903,10947,10896,10897],"tags":[15409,11246,23346],"class_list":{"0":"post-285169","1":"post","2":"type-post","3":"status-publish","4":"format-gallery","5":"has-post-thumbnail","7":"category-dana-ca","8":"category-ventana-ca","9":"category-infraestructuras-ca","10":"category-la-comarca-ca","11":"category-sin-categorizar-ca","12":"category-medio-ambiente-la-comarca-ca","13":"category-politica","14":"category-seccion-ca","15":"category-sucesos-la-comarca-ca","16":"tag-dana-2-ca","17":"tag-diputacio-de-valencia-ca","18":"tag-fuerzas-y-cuerpos-de-seguridad-en-la-dana-ca","19":"post_format-post-format-gallery"},"_links":{"self":[{"href":"https:\/\/www.tucomarca.com\/wordpress\/segunda\/ca\/wp-json\/wp\/v2\/posts\/285169","targetHints":{"allow":["GET"]}}],"collection":[{"href":"https:\/\/www.tucomarca.com\/wordpress\/segunda\/ca\/wp-json\/wp\/v2\/posts"}],"about":[{"href":"https:\/\/www.tucomarca.com\/wordpress\/segunda\/ca\/wp-json\/wp\/v2\/types\/post"}],"author":[{"embeddable":true,"href":"https:\/\/www.tucomarca.com\/wordpress\/segunda\/ca\/wp-json\/wp\/v2\/users\/12"}],"replies":[{"embeddable":true,"href":"https:\/\/www.tucomarca.com\/wordpress\/segunda\/ca\/wp-json\/wp\/v2\/comments?post=285169"}],"version-history":[{"count":0,"href":"https:\/\/www.tucomarca.com\/wordpress\/segunda\/ca\/wp-json\/wp\/v2\/posts\/285169\/revisions"}],"wp:featuredmedia":[{"embeddable":true,"href":"https:\/\/www.tucomarca.com\/wordpress\/segunda\/ca\/wp-json\/wp\/v2\/media\/285163"}],"wp:attachment":[{"href":"https:\/\/www.tucomarca.com\/wordpress\/segunda\/ca\/wp-json\/wp\/v2\/media?parent=285169"}],"wp:term":[{"taxonomy":"category","embeddable":true,"href":"https:\/\/www.tucomarca.com\/wordpress\/segunda\/ca\/wp-json\/wp\/v2\/categories?post=285169"},{"taxonomy":"post_tag","embeddable":true,"href":"https:\/\/www.tucomarca.com\/wordpress\/segunda\/ca\/wp-json\/wp\/v2\/tags?post=285169"}],"curies":[{"name":"wp","href":"https:\/\/api.w.org\/{rel}","templated":true}]}}