{"id":285289,"date":"2025-11-13T11:43:00","date_gmt":"2025-11-13T10:43:00","guid":{"rendered":"https:\/\/www.tucomarca.com\/wordpress\/segunda\/?p=285289"},"modified":"2025-11-13T20:00:23","modified_gmt":"2025-11-13T19:00:23","slug":"natalia-enguix-cap-edat-ha-de-ser-una-barrera-per-a-treballar-i-continuar-aportant-valor","status":"publish","type":"post","link":"https:\/\/www.tucomarca.com\/wordpress\/segunda\/ca\/natalia-enguix-cap-edat-ha-de-ser-una-barrera-per-a-treballar-i-continuar-aportant-valor\/","title":{"rendered":"Nat\u00e0lia Enguix: \u201cCap edat ha de ser una barrera per a treballar i continuar aportant valor\u201d"},"content":{"rendered":"\n<h3 class=\"wp-block-heading\">La vicepresidenta primera i diputada de Promoci\u00f3 Econ\u00f2mica Natalia Enguix participa en la jornada inaugural de la fira d\u2019ocupaci\u00f3 Talento45+ que impulsa la Diputaci\u00f3 de Val\u00e8ncia i Cambra Val\u00e8ncia amb 157 ofertes i m\u00e9s de 700 inscrits.<\/h3>\n\n\n\n<h3 class=\"wp-block-heading\">La corporaci\u00f3 provincial \u00e9s el partner institucional del programa de foment de l&#8217;ocupaci\u00f3 per a persones d&#8217;entre 45 i 60 anys que es troben en situaci\u00f3 de desocupaci\u00f3 o inactivitat laboral.<\/h3>\n\n\n\n<p>\u201cCap edat ha de ser una barrera per a treballar i continuar aportant valor\u201d. Aix\u00ed defenia la vicepresidenta primera de la Diputaci\u00f3 de Val\u00e8ncia, Nat\u00e0lia Enguix, la import\u00e0ncia de refor\u00e7ar les oportunitats laborals per a les persones d&#8217;entre 45 i 60 anys durant la inauguraci\u00f3 de la fira d&#8217;ocupaci\u00f3 Talento45+, celebrada este dimecres en la seu d\u2019ADEIT. La trobada, organitzada per la Diputaci\u00f3 i Cambra Val\u00e8ncia, va reunir m\u00e9s de 700 persones inscrites i va posar a la disposici\u00f3 del p\u00fablic 157 ofertes de treball dirigides a este col\u00b7lectiu.<\/p>\n\n\n\n<p>La iniciativa Encontres 45+ s&#8217;emmarca dins del Programa Talent 45+, i forma part dels programes d&#8217;ocupaci\u00f3, on tamb\u00e9 s&#8217;inclouen els programes Fira Talent Jove, Programa Talent Jove i Programa Talent Jove Mobilitat, que estan cofinan\u00e7ats amb fons europeus i la pr\u00f2pia Diputaci\u00f3 com partner institucional. La jornada, a m\u00e9s de les entrevistes de treball per a alguna de les 157 ofertes d&#8217;ocupaci\u00f3, inclo\u00efa tallers i xarrades dutes a terme per personal qualificat.<\/p>\n\n\n\n<p>En este sentit, la vicepresidenta primera de la Diputaci\u00f3, Nat\u00e0lia Enguix, responsable de la delegaci\u00f3 de Promoci\u00f3 Econ\u00f2mica que impulsa esta i altres iniciatives que contribu\u00efxen a la generaci\u00f3 d&#8217;ocupaci\u00f3 incidia que \u201chem de situar a les persones majors de 45 anys en el centre de les pol\u00edtiques actives d&#8217;ocupaci\u00f3. L&#8217;experi\u00e8ncia constitu\u00efx un actiu essencial en un mercat laboral marcat per la digitalitzaci\u00f3 i el canvi constant\u201d assenyalava al mateix temps que remarcava que \u201ccreiem en un mercat laboral divers, on l&#8217;experi\u00e8ncia i la joventut caminen juntes, i on cada persona tinga l&#8217;oportunitat de demostrar tot el seu potencial\u201d.<\/p>\n\n\n\n<p>Aix\u00ed mateix, la responsable de Promoci\u00f3 Econ\u00f2mica ha assenyalat que la traject\u00f2ria professional acumulada aporta talent, responsabilitat i una capacitat d&#8217;adaptaci\u00f3 que continua sent imprescindible per al teixit empresarial valenci\u00e0, tal com va expressar en l&#8217;obertura de l&#8217;acte i ha recalcat que \u201cla necessitat de col\u00b7laboraci\u00f3 entre administracions, entitats i empreses \u00e9s essencial per a oferir respostes efectives i generar oportunitats que contribu\u00efsquen a transformar la realitat laboral de milers de persones a la prov\u00edncia\u201d.<\/p>\n\n\n\n<p>Enguix tamb\u00e9 ha explicat que \u201cles fires d&#8217;ocupaci\u00f3 formen part d&#8217;un gran projecte amb formaci\u00f3, beques i programes de mobilitat, i s&#8217;inclouen en el llistat d&#8217;actuacions que tenim en marxa al costat dels bons comer\u00e7, amb 10 milions d&#8217;euros de retorn per al teixit comercial afectat per la dana; el Formworking, que fomenta la competitivitat de les empreses de les nostres comarques; i la formaci\u00f3 per a pimes familiars, que oferix solucions per al problema del relleu generacional\u201d, detallava.<\/p>\n\n\n\n<p>La jornada ha comptat amb activitats centrades en refor\u00e7ar la preparaci\u00f3 i la visibilitat del talent s\u00e8nior. En concret, la jornada va comptar amb la confer\u00e8ncia del formador i empresari Sergio Ayala, qui va posar l&#8217;accent en la import\u00e0ncia de recon\u00e9ixer la pr\u00f2pia traject\u00f2ria com a punt de partida per a afrontar nous reptes. Posteriorment, els assistents van participar en un taller orientat a l&#8217;actualitzaci\u00f3 professional i en una xarrada dedicada a analitzar quins criteris prioritzen actualment les empreses en els seus processos de selecci\u00f3, impartida per l&#8217;enginyera i docent Claudia Vega.<\/p>\n\n\n\n<p>Entre les empreses que han participat en esta trobada figuren firmes com Dekra, SP6 Consulting, Inserida Ocupaci\u00f3, Grup Crit, Grans i Xiquets, Randstad i Asistenzia, entre altres. Els departaments de Recursos Humans de les empreses participants han protagonitzat la marat\u00f3 d&#8217;entrevistes amb les persones inscrites, que han pogut oferir el seu curr\u00edculum i donar a con\u00e9ixer la seua traject\u00f2ria laboral a les firmes oferents, amb perfils tan diversos com administraci\u00f3, atenci\u00f3 al client, auxiliar de domicili, recepcionista, i altres llocs vinculats al sector servicis, neteja, manteniment o log\u00edstica.<\/p>\n\n\n\n<p><\/p>\n","protected":false},"excerpt":{"rendered":"<div class=\"mh-excerpt\">La vicepresidenta primera i diputada de Promoci\u00f3 Econ\u00f2mica Natalia Enguix participa en la jornada inaugural de la fira d\u2019ocupaci\u00f3 Talento45+ que impulsa la Diputaci\u00f3 de Val\u00e8ncia i Cambra Val\u00e8ncia amb 157 ofertes i m\u00e9s de <a class=\"mh-excerpt-more\" href=\"https:\/\/www.tucomarca.com\/wordpress\/segunda\/ca\/natalia-enguix-cap-edat-ha-de-ser-una-barrera-per-a-treballar-i-continuar-aportant-valor\/\" title=\"Nat\u00e0lia Enguix: \u201cCap edat ha de ser una barrera per a treballar i continuar aportant valor\u201d\">[+] <\/a><\/div>\n","protected":false},"author":12,"featured_media":285287,"comment_status":"open","ping_status":"open","sticky":false,"template":"","format":"standard","meta":{"footnotes":""},"categories":[10898,10948,10894,10904,10947,10896],"tags":[11246,23360,13769,23359],"class_list":{"0":"post-285289","1":"post","2":"type-post","3":"status-publish","4":"format-standard","5":"has-post-thumbnail","7":"category-ventana-ca","8":"category-infraestructuras-ca","9":"category-la-comarca-ca","10":"category-sin-categorizar-ca","11":"category-politica","12":"category-seccion-ca","13":"tag-diputacio-de-valencia-ca","14":"tag-feria-de-empleo","15":"tag-promocion-economica-ca","16":"tag-talento45-ca"},"_links":{"self":[{"href":"https:\/\/www.tucomarca.com\/wordpress\/segunda\/ca\/wp-json\/wp\/v2\/posts\/285289","targetHints":{"allow":["GET"]}}],"collection":[{"href":"https:\/\/www.tucomarca.com\/wordpress\/segunda\/ca\/wp-json\/wp\/v2\/posts"}],"about":[{"href":"https:\/\/www.tucomarca.com\/wordpress\/segunda\/ca\/wp-json\/wp\/v2\/types\/post"}],"author":[{"embeddable":true,"href":"https:\/\/www.tucomarca.com\/wordpress\/segunda\/ca\/wp-json\/wp\/v2\/users\/12"}],"replies":[{"embeddable":true,"href":"https:\/\/www.tucomarca.com\/wordpress\/segunda\/ca\/wp-json\/wp\/v2\/comments?post=285289"}],"version-history":[{"count":0,"href":"https:\/\/www.tucomarca.com\/wordpress\/segunda\/ca\/wp-json\/wp\/v2\/posts\/285289\/revisions"}],"wp:featuredmedia":[{"embeddable":true,"href":"https:\/\/www.tucomarca.com\/wordpress\/segunda\/ca\/wp-json\/wp\/v2\/media\/285287"}],"wp:attachment":[{"href":"https:\/\/www.tucomarca.com\/wordpress\/segunda\/ca\/wp-json\/wp\/v2\/media?parent=285289"}],"wp:term":[{"taxonomy":"category","embeddable":true,"href":"https:\/\/www.tucomarca.com\/wordpress\/segunda\/ca\/wp-json\/wp\/v2\/categories?post=285289"},{"taxonomy":"post_tag","embeddable":true,"href":"https:\/\/www.tucomarca.com\/wordpress\/segunda\/ca\/wp-json\/wp\/v2\/tags?post=285289"}],"curies":[{"name":"wp","href":"https:\/\/api.w.org\/{rel}","templated":true}]}}