{"id":285387,"date":"2025-11-13T11:00:00","date_gmt":"2025-11-13T10:00:00","guid":{"rendered":"https:\/\/www.tucomarca.com\/wordpress\/segunda\/?p=285387"},"modified":"2025-11-13T20:37:07","modified_gmt":"2025-11-13T19:37:07","slug":"la-generalitat-i-la-fvmp-participen-en-utiel-en-una-jornada-que-busca-millorar-la-proteccio-de-les-victimes-docupacio-illegal","status":"publish","type":"post","link":"https:\/\/www.tucomarca.com\/wordpress\/segunda\/ca\/la-generalitat-i-la-fvmp-participen-en-utiel-en-una-jornada-que-busca-millorar-la-proteccio-de-les-victimes-docupacio-illegal\/","title":{"rendered":"La Generalitat i la FVMP participen en Utiel en una jornada que busca millorar la protecci\u00f3 de les v\u00edctimes d&#8217;ocupaci\u00f3 il\u00b7legal"},"content":{"rendered":"\n<h4 class=\"wp-block-heading\">Nuria Mart\u00ednez assegura que \u201cl&#8217;ocupaci\u00f3 \u00e9s un delicte que vulnera drets fonamentals, per\u00f2, sobretot, atempta contra la dignitat de les persones\u201d.<\/h4>\n\n\n\n<h4 class=\"wp-block-heading\">La Conselleria de Just\u00edcia ha format al personal de la xarxa de OAVD per a dotar-los d&#8217;eines m\u00e9s t\u00e8cniques i actualitzades en mat\u00e8ria d&#8217;ocupaci\u00f3 il\u00b7legal.<\/h4>\n\n\n\n<p>La Generalitat, a trav\u00e9s de la Conselleria de Just\u00edcia i Administraci\u00f3 P\u00fablica, i la Federaci\u00f3 Valenciana de Municipis i Prov\u00edncies (FVMP) han participat en la Jornada \u2018V\u00edctimes de l&#8217;ocupaci\u00f3 d&#8217;habitatges\u2019 en el municipi d&#8217;Utiel. Una trobada ideada per a continuar enfortint la protecci\u00f3 de les v\u00edctimes d&#8217;ocupaci\u00f3 i la coordinaci\u00f3 entre institucions, professionals i cossos de seguretat.<\/p>\n\n\n\n<figure class=\"wp-block-gallery has-nested-images columns-default is-cropped wp-block-gallery-1 is-layout-flex wp-block-gallery-is-layout-flex\">\n<figure class=\"wp-block-image size-large\"><img loading=\"lazy\" decoding=\"async\" width=\"1024\" height=\"576\" data-id=\"285380\" src=\"https:\/\/www.tucomarca.com\/wordpress\/segunda\/wp-content\/uploads\/2025\/11\/GVA_UtielOcupacion2-1-1024x576.jpeg\" alt=\"\" class=\"wp-image-285380\" srcset=\"https:\/\/www.tucomarca.com\/wordpress\/segunda\/wp-content\/uploads\/2025\/11\/GVA_UtielOcupacion2-1-1024x576.jpeg 1024w, https:\/\/www.tucomarca.com\/wordpress\/segunda\/wp-content\/uploads\/2025\/11\/GVA_UtielOcupacion2-1-300x169.jpeg 300w, https:\/\/www.tucomarca.com\/wordpress\/segunda\/wp-content\/uploads\/2025\/11\/GVA_UtielOcupacion2-1-768x432.jpeg 768w, https:\/\/www.tucomarca.com\/wordpress\/segunda\/wp-content\/uploads\/2025\/11\/GVA_UtielOcupacion2-1-1536x864.jpeg 1536w, https:\/\/www.tucomarca.com\/wordpress\/segunda\/wp-content\/uploads\/2025\/11\/GVA_UtielOcupacion2-1-678x381.jpeg 678w, https:\/\/www.tucomarca.com\/wordpress\/segunda\/wp-content\/uploads\/2025\/11\/GVA_UtielOcupacion2-1.jpeg 1600w\" sizes=\"auto, (max-width: 1024px) 100vw, 1024px\" \/><\/figure>\n\n\n\n<figure class=\"wp-block-image size-large\"><img loading=\"lazy\" decoding=\"async\" width=\"1024\" height=\"576\" data-id=\"285384\" src=\"https:\/\/www.tucomarca.com\/wordpress\/segunda\/wp-content\/uploads\/2025\/11\/GVA_UtielOcupacion3-1-1024x576.jpeg\" alt=\"\" class=\"wp-image-285384\" srcset=\"https:\/\/www.tucomarca.com\/wordpress\/segunda\/wp-content\/uploads\/2025\/11\/GVA_UtielOcupacion3-1-1024x576.jpeg 1024w, https:\/\/www.tucomarca.com\/wordpress\/segunda\/wp-content\/uploads\/2025\/11\/GVA_UtielOcupacion3-1-300x169.jpeg 300w, https:\/\/www.tucomarca.com\/wordpress\/segunda\/wp-content\/uploads\/2025\/11\/GVA_UtielOcupacion3-1-768x432.jpeg 768w, https:\/\/www.tucomarca.com\/wordpress\/segunda\/wp-content\/uploads\/2025\/11\/GVA_UtielOcupacion3-1-1536x864.jpeg 1536w, https:\/\/www.tucomarca.com\/wordpress\/segunda\/wp-content\/uploads\/2025\/11\/GVA_UtielOcupacion3-1-678x381.jpeg 678w, https:\/\/www.tucomarca.com\/wordpress\/segunda\/wp-content\/uploads\/2025\/11\/GVA_UtielOcupacion3-1.jpeg 1600w\" sizes=\"auto, (max-width: 1024px) 100vw, 1024px\" \/><\/figure>\n<\/figure>\n\n\n\n<p>\u201cL&#8217;ocupaci\u00f3 \u00e9s un delicte que vulnera drets fonamentals, per\u00f2, sobretot, atempta contra la dignitat de les persones. I per aix\u00f2, des de la Generalitat, volem reiterar un missatge ferm en el qual recordem que les persones afectades per l&#8217;ocupaci\u00f3 dels seus habitatges s\u00f3n v\u00edctimes, i han de ser tractades com a tals, amb tota l&#8217;atenci\u00f3, el respecte i l&#8217;acompanyament que mereixen\u201d, defensa la titular de Just\u00edcia.<\/p>\n\n\n\n<p>\u201cEspecialment amb els qui es troben en situacions de major vulnerabilitat com les persones majors, amb discapacitat, fam\u00edlies amb menors o en dificultats econ\u00f2miques. Cap persona que haja perdut la seua llar ha de sentir-se sola o desemparada\u201d, assenyala Mart\u00ednez.<\/p>\n\n\n\n<p>Aquesta jornada, exemple de cooperaci\u00f3 entre administracions, s&#8217;ha concebut com una oportunitat per a compartir coneixements, millorar la resposta p\u00fablica i reafirmar el comprom\u00eds de les entitats organitzadores i col\u00b7laboradores amb la just\u00edcia i la conviv\u00e8ncia.<\/p>\n\n\n\n<p>Durant l&#8217;\u00faltima d\u00e8cada, l&#8217;ocupaci\u00f3 il\u00b7legal d&#8217;habitatges ha crescut en la Comunitat Valenciana. Segons dades publicades en el Portal Estad\u00edstic de Criminalitat del Ministeri de l&#8217;Interior, les den\u00fancies per ocupaci\u00f3 en la Comunitat Valenciana van augmentar en 2024 un 7,7%, respecte a l&#8217;any anterior.<\/p>\n\n\n\n<p>\u201cNo es tracta nom\u00e9s d&#8217;un conflicte legal o administratiu, sin\u00f3 d&#8217;una realitat que colpeja de ple l&#8217;estabilitat i la seguretat de moltes fam\u00edlies. Darrere de cada cas hi ha una hist\u00f2ria personal, una llar perduda, una vida interrompuda, una sensaci\u00f3 d&#8217;impot\u00e8ncia que no podem ignorar\u201d, remarca la consellera.<\/p>\n\n\n\n<p><strong>OAVD: un servei d&#8217;orientaci\u00f3 i acompanyament<\/strong><\/p>\n\n\n\n<p>Per a atendre aquestes situacions, la Generalitat disposa d&#8217;una xarxa s\u00f2lida i pr\u00f2xima: les Oficines d&#8217;Assist\u00e8ncia a les V\u00edctimes del Delicte (OAVD). Aquestes 37 oficines, presents en tot el territori valenci\u00e0, ofereixen un servei p\u00fablic gratu\u00eft i especialitzat que combina assessorament jur\u00eddic, atenci\u00f3 psicol\u00f2gica i suport social.<\/p>\n\n\n\n<p>\u201cS\u00f3n espais de confian\u00e7a i protecci\u00f3, on les v\u00edctimes reben orientaci\u00f3, acompanyament i una atenci\u00f3 integral adaptada a les seues necessitats\u201d, explicat la consellera.<\/p>\n\n\n\n<p>Aquesta tasca requereix equips professionals ben formats i coordinats. Per aix\u00f2, la Conselleria de Just\u00edcia i Administraci\u00f3 P\u00fablica ha refor\u00e7at la formaci\u00f3 dels equips de la Xarxa OAVD, en col\u00b7laboraci\u00f3 amb les universitats de la Comunitat Valenciana, per a dotar-los d&#8217;eines m\u00e9s t\u00e8cniques i actualitzades en mat\u00e8ria d&#8217;ocupaci\u00f3 il\u00b7legal.<\/p>\n\n\n\n<p>\u201cSom conscients que una atenci\u00f3 efica\u00e7 nom\u00e9s \u00e9s possible quan es combina el coneixement amb la sensibilitat humana\u201d, assenyala Nuria Mart\u00ednez.<\/p>\n","protected":false},"excerpt":{"rendered":"<div class=\"mh-excerpt\">Nuria Mart\u00ednez assegura que \u201cl&#8217;ocupaci\u00f3 \u00e9s un delicte que vulnera drets fonamentals, per\u00f2, sobretot, atempta contra la dignitat de les persones\u201d. La Conselleria de Just\u00edcia ha format al personal de la xarxa de OAVD per <a class=\"mh-excerpt-more\" href=\"https:\/\/www.tucomarca.com\/wordpress\/segunda\/ca\/la-generalitat-i-la-fvmp-participen-en-utiel-en-una-jornada-que-busca-millorar-la-proteccio-de-les-victimes-docupacio-illegal\/\" title=\"La Generalitat i la FVMP participen en Utiel en una jornada que busca millorar la protecci\u00f3 de les v\u00edctimes d&#8217;ocupaci\u00f3 il\u00b7legal\">[+] <\/a><\/div>\n","protected":false},"author":12,"featured_media":285375,"comment_status":"open","ping_status":"open","sticky":false,"template":"","format":"gallery","meta":{"footnotes":""},"categories":[10898,10948,10894,10947,10909,10896,11059],"tags":[14393,11498,16501,10910,11174],"class_list":{"0":"post-285387","1":"post","2":"type-post","3":"status-publish","4":"format-gallery","5":"has-post-thumbnail","7":"category-ventana-ca","8":"category-infraestructuras-ca","9":"category-la-comarca-ca","10":"category-politica","11":"category-requena-utiel-ca","12":"category-seccion-ca","13":"category-utiel-ca","14":"tag-fvmp-ca","15":"tag-generalitat-valenciana-ca","16":"tag-ocupacion-ilegal-ca","17":"tag-requena-utiel-ca","18":"tag-utiel-ca","19":"post_format-post-format-gallery"},"_links":{"self":[{"href":"https:\/\/www.tucomarca.com\/wordpress\/segunda\/ca\/wp-json\/wp\/v2\/posts\/285387","targetHints":{"allow":["GET"]}}],"collection":[{"href":"https:\/\/www.tucomarca.com\/wordpress\/segunda\/ca\/wp-json\/wp\/v2\/posts"}],"about":[{"href":"https:\/\/www.tucomarca.com\/wordpress\/segunda\/ca\/wp-json\/wp\/v2\/types\/post"}],"author":[{"embeddable":true,"href":"https:\/\/www.tucomarca.com\/wordpress\/segunda\/ca\/wp-json\/wp\/v2\/users\/12"}],"replies":[{"embeddable":true,"href":"https:\/\/www.tucomarca.com\/wordpress\/segunda\/ca\/wp-json\/wp\/v2\/comments?post=285387"}],"version-history":[{"count":0,"href":"https:\/\/www.tucomarca.com\/wordpress\/segunda\/ca\/wp-json\/wp\/v2\/posts\/285387\/revisions"}],"wp:featuredmedia":[{"embeddable":true,"href":"https:\/\/www.tucomarca.com\/wordpress\/segunda\/ca\/wp-json\/wp\/v2\/media\/285375"}],"wp:attachment":[{"href":"https:\/\/www.tucomarca.com\/wordpress\/segunda\/ca\/wp-json\/wp\/v2\/media?parent=285387"}],"wp:term":[{"taxonomy":"category","embeddable":true,"href":"https:\/\/www.tucomarca.com\/wordpress\/segunda\/ca\/wp-json\/wp\/v2\/categories?post=285387"},{"taxonomy":"post_tag","embeddable":true,"href":"https:\/\/www.tucomarca.com\/wordpress\/segunda\/ca\/wp-json\/wp\/v2\/tags?post=285387"}],"curies":[{"name":"wp","href":"https:\/\/api.w.org\/{rel}","templated":true}]}}