{"id":285399,"date":"2025-11-14T09:45:00","date_gmt":"2025-11-14T08:45:00","guid":{"rendered":"https:\/\/www.tucomarca.com\/wordpress\/segunda\/?p=285399"},"modified":"2025-11-14T19:44:26","modified_gmt":"2025-11-14T18:44:26","slug":"siete-aguas-comenca-les-seues-celebracions-en-honor-a-santa-cecilia","status":"publish","type":"post","link":"https:\/\/www.tucomarca.com\/wordpress\/segunda\/ca\/siete-aguas-comenca-les-seues-celebracions-en-honor-a-santa-cecilia\/","title":{"rendered":"Siete Aguas comen\u00e7a les seues celebracions en honor a Santa Cec\u00edlia"},"content":{"rendered":"\n<p>La localitat de Siete Aguas ha donat inici a les seues celebracions en honor a Santa Cec\u00edlia, patrona de la m\u00fasica, amb un acte destacat dins de la seua programaci\u00f3 cultural. La Societat Musical La Pau ha organitzat per a enguany el tradicional concert coral, que tindr\u00e0 lloc el pr\u00f2xim diumenge, <strong>16 de novembre<\/strong>, a les <strong>12,30 hores<\/strong>, en el <strong>Sal\u00f3 Musical<\/strong> del municipi.<\/p>\n\n\n\n<p>L\u2019esdeveniment estar\u00e0 protagonitzat per la <strong>Coral Polif\u00f2nica Santa Cec\u00edlia<\/strong>, que oferir\u00e0 un repertori preparat especialment per a esta festivitat tan assenyalada per als m\u00fasics i amants de la cultura.<\/p>\n\n\n\n<p>Amb este concert, la Societat Musical La Pau inicia una programaci\u00f3 que, com cada any, busca posar en valor la tradici\u00f3 musical del municipi i reunir ve\u00efns i visitants al voltant de la figura de Santa Cec\u00edlia.<\/p>\n\n\n\n<p>Les celebracions continuaran durant els pr\u00f2xims dies amb m\u00e9s activitats relacionades amb la m\u00fasica i la participaci\u00f3 de les diferents agrupacions de la societat musical.<\/p>\n","protected":false},"excerpt":{"rendered":"<div class=\"mh-excerpt\">La localitat de Siete Aguas ha donat inici a les seues celebracions en honor a Santa Cec\u00edlia, patrona de la m\u00fasica, amb un acte destacat dins de la seua programaci\u00f3 cultural. La Societat Musical La <a class=\"mh-excerpt-more\" href=\"https:\/\/www.tucomarca.com\/wordpress\/segunda\/ca\/siete-aguas-comenca-les-seues-celebracions-en-honor-a-santa-cecilia\/\" title=\"Siete Aguas comen\u00e7a les seues celebracions en honor a Santa Cec\u00edlia\">[+] <\/a><\/div>\n","protected":false},"author":12,"featured_media":285397,"comment_status":"open","ping_status":"open","sticky":false,"template":"","format":"standard","meta":{"footnotes":""},"categories":[11019,11005,10894,10912,11007,10896,10979],"tags":[10914,13054,11157,20470],"class_list":{"0":"post-285399","1":"post","2":"type-post","3":"status-publish","4":"format-standard","5":"has-post-thumbnail","7":"category-agenda-ca","8":"category-canal-musica","9":"category-la-comarca-ca","10":"category-la-hoya-ca","11":"category-ocio-y-cultura-ca","12":"category-seccion-ca","13":"category-siete-aguas-ca","14":"tag-la-hoya-de-bunol-chiva-ca","15":"tag-santa-cecilia-ca","16":"tag-siete-aguas-ca","17":"tag-sm-la-paz-de-siete-aguas-ca"},"_links":{"self":[{"href":"https:\/\/www.tucomarca.com\/wordpress\/segunda\/ca\/wp-json\/wp\/v2\/posts\/285399","targetHints":{"allow":["GET"]}}],"collection":[{"href":"https:\/\/www.tucomarca.com\/wordpress\/segunda\/ca\/wp-json\/wp\/v2\/posts"}],"about":[{"href":"https:\/\/www.tucomarca.com\/wordpress\/segunda\/ca\/wp-json\/wp\/v2\/types\/post"}],"author":[{"embeddable":true,"href":"https:\/\/www.tucomarca.com\/wordpress\/segunda\/ca\/wp-json\/wp\/v2\/users\/12"}],"replies":[{"embeddable":true,"href":"https:\/\/www.tucomarca.com\/wordpress\/segunda\/ca\/wp-json\/wp\/v2\/comments?post=285399"}],"version-history":[{"count":0,"href":"https:\/\/www.tucomarca.com\/wordpress\/segunda\/ca\/wp-json\/wp\/v2\/posts\/285399\/revisions"}],"wp:featuredmedia":[{"embeddable":true,"href":"https:\/\/www.tucomarca.com\/wordpress\/segunda\/ca\/wp-json\/wp\/v2\/media\/285397"}],"wp:attachment":[{"href":"https:\/\/www.tucomarca.com\/wordpress\/segunda\/ca\/wp-json\/wp\/v2\/media?parent=285399"}],"wp:term":[{"taxonomy":"category","embeddable":true,"href":"https:\/\/www.tucomarca.com\/wordpress\/segunda\/ca\/wp-json\/wp\/v2\/categories?post=285399"},{"taxonomy":"post_tag","embeddable":true,"href":"https:\/\/www.tucomarca.com\/wordpress\/segunda\/ca\/wp-json\/wp\/v2\/tags?post=285399"}],"curies":[{"name":"wp","href":"https:\/\/api.w.org\/{rel}","templated":true}]}}