{"id":285434,"date":"2025-11-14T11:00:00","date_gmt":"2025-11-14T10:00:00","guid":{"rendered":"https:\/\/www.tucomarca.com\/wordpress\/segunda\/?p=285434"},"modified":"2025-11-14T19:35:24","modified_gmt":"2025-11-14T18:35:24","slug":"386-milions-deuros-invertits-i-565-programats-la-diputacio-marca-el-full-de-ruta-en-la-xarxa-viaria-de-la-hoya-de-bunol-chiva","status":"publish","type":"post","link":"https:\/\/www.tucomarca.com\/wordpress\/segunda\/ca\/386-milions-deuros-invertits-i-565-programats-la-diputacio-marca-el-full-de-ruta-en-la-xarxa-viaria-de-la-hoya-de-bunol-chiva\/","title":{"rendered":"La Diputaci\u00f3 marca el full de ruta en la xarxa vi\u00e0ria de la Foia de Bunyol-Xiva: 38,6 milions d&#8217;euros invertits i 56,5 programats"},"content":{"rendered":"\n<h3 class=\"wp-block-heading\">La vicepresidenta segona, Reme Mazzolari, presidix a Godelleta una jornada de treball per a repassar al costat d&#8217;alcaldes i alcaldesses de la comarca les actuacions m\u00e9s rellevants executades i en tramitaci\u00f3 per l&#8217;\u00e0rea provincial de Carreteres.<\/h3>\n\n\n\n<h3 class=\"wp-block-heading\">El projecte d&#8217;ampliaci\u00f3 de plataforma i millora funcional de la CV-425 en el tram Bunyol-Alboraig concentra una de les majors inversions de la comarca, amb una obra en execuci\u00f3 que ha sigut pionera en la implantaci\u00f3 de criteris ambientals.<\/h3>\n\n\n\n<h3 class=\"wp-block-heading\">Mazzolari anuncia un increment del 75% en el pressupost destinat a conservaci\u00f3 &#8220;com a mecanisme de millora cont\u00ednua de les carreteres&#8221;.<\/h3>\n\n\n\n<p>La Diputaci\u00f3 de Val\u00e8ncia ha celebrat en Godelleta la jornada impulsada per l&#8217;\u00e0rea provincial de Carreteres per a analitzar, juntament amb els alcaldes i alcaldesses de la Fora de Bunyol-Xiva, l&#8217;estat de la xarxa vi\u00e0ria provincial i les actuacions desenvolupades a la comarca des de 2023.\u00a0<\/p>\n\n\n\n<p>La diputada de Carreteres, Reme Mazzolari, ha presidit l&#8217;encontre junt a l&#8217;alcaldessa, Amparo Pardo, on ha posat de manifest l'&#8221;hist\u00f2ric esfor\u00e7 inversor realitzat, especialment despr\u00e9s de la dana de l&#8217;any passat, el qual va ser especialment destructiva en esta comarca&#8221;.<\/p>\n\n\n\n<p>Mazzolari ha recordat que &#8220;el temporal va tindre en esta comarca l&#8217;epicentre dels danys m\u00e9s greus sobre xarxa de carreteres de la Diputaci\u00f3, cosa que ens va obligar a activar immediatament actuacions de reparaci\u00f3 i reconstrucci\u00f3&#8221;. Segons ha indicat, nom\u00e9s en la Hoya de Bu\u00f1ol-Chiva s&#8217;han destinat m\u00e9s de 32,7 milions d&#8217;euros en obres d&#8217;emerg\u00e8ncia executades, ja pr\u00e0cticament finalitzades, els quals han perm\u00e9s restablir la mobilitat en condicions de seguretat en els municipis afectats. La diputada ha subratllat que \u201cdes del primer moment treballem per a retornar la normalitat a la comarca i ho vam fer mobilitzant tots els recursos necessaris a penes 48 hores despr\u00e9s de les pluges torrencials\u201d.<\/p>\n\n\n\n<p>Durant la jornada s&#8217;ha explicat tamb\u00e9 l&#8217;increment del pressupost de conservaci\u00f3 de la xarxa provincial, que en la demarcaci\u00f3 de Bu\u00f1ol passar\u00e0 de 2,3 milions d&#8217;euros anuals a 4,2 milions entre 2025 i 2026, la qual cosa suposa un augment del 78,5%. Este refor\u00e7 permetr\u00e0 actuar amb major rapidesa en tasques de manteniment ordinari i extraordinari, millorar la resposta davant incid\u00e8ncies i avan\u00e7ar en la humanitzaci\u00f3 i la millora funcional de les carreteres. Mazzolari ha indicat que &#8220;entenem la conservaci\u00f3 com un mecanisme de millora cont\u00ednua de les carreteres&#8221; i subratlla que \u201ccada euro invertit en este aspecte \u00e9s un euro invertit en seguretat i cohesi\u00f3 territorial&#8221;.<\/p>\n\n\n\n<figure class=\"wp-block-gallery has-nested-images columns-default is-cropped wp-block-gallery-1 is-layout-flex wp-block-gallery-is-layout-flex\">\n<figure class=\"wp-block-image size-large\"><img loading=\"lazy\" decoding=\"async\" width=\"1024\" height=\"691\" data-id=\"285429\" src=\"https:\/\/www.tucomarca.com\/wordpress\/segunda\/wp-content\/uploads\/2025\/11\/MazzolariGodelleta1-1024x691.jpg\" alt=\"\" class=\"wp-image-285429\" srcset=\"https:\/\/www.tucomarca.com\/wordpress\/segunda\/wp-content\/uploads\/2025\/11\/MazzolariGodelleta1-1024x691.jpg 1024w, https:\/\/www.tucomarca.com\/wordpress\/segunda\/wp-content\/uploads\/2025\/11\/MazzolariGodelleta1-300x202.jpg 300w, https:\/\/www.tucomarca.com\/wordpress\/segunda\/wp-content\/uploads\/2025\/11\/MazzolariGodelleta1-768x518.jpg 768w, https:\/\/www.tucomarca.com\/wordpress\/segunda\/wp-content\/uploads\/2025\/11\/MazzolariGodelleta1.jpg 1181w\" sizes=\"auto, (max-width: 1024px) 100vw, 1024px\" \/><\/figure>\n\n\n\n<figure class=\"wp-block-image size-large\"><img loading=\"lazy\" decoding=\"async\" width=\"1024\" height=\"691\" data-id=\"285433\" src=\"https:\/\/www.tucomarca.com\/wordpress\/segunda\/wp-content\/uploads\/2025\/11\/MazzolariGodelleta3-1024x691.jpg\" alt=\"\" class=\"wp-image-285433\" srcset=\"https:\/\/www.tucomarca.com\/wordpress\/segunda\/wp-content\/uploads\/2025\/11\/MazzolariGodelleta3-1024x691.jpg 1024w, https:\/\/www.tucomarca.com\/wordpress\/segunda\/wp-content\/uploads\/2025\/11\/MazzolariGodelleta3-300x202.jpg 300w, https:\/\/www.tucomarca.com\/wordpress\/segunda\/wp-content\/uploads\/2025\/11\/MazzolariGodelleta3-768x518.jpg 768w, https:\/\/www.tucomarca.com\/wordpress\/segunda\/wp-content\/uploads\/2025\/11\/MazzolariGodelleta3.jpg 1181w\" sizes=\"auto, (max-width: 1024px) 100vw, 1024px\" \/><\/figure>\n<\/figure>\n\n\n\n<p><strong>Renovaci\u00f3 de la carretera entre Bu\u00f1ol i Alborache&nbsp;<\/strong><\/p>\n\n\n\n<p>Una de les actuacions abordades durant la trobada \u00e9s la renovaci\u00f3 integral del tram de la carretera CV-425 que unix Bu\u00f1ol i Alborache, una infraestructura clau per a la comarca de la Hoya de Bu\u00f1ol-Chiva que es troba ja en execuci\u00f3.<\/p>\n\n\n\n<p>Amb una inversi\u00f3 de m\u00e9s de 6 milions d&#8217;euros, es tracta d&#8217;una obra pionera en la introducci\u00f3 de criteris ambientals en la seua licitaci\u00f3. Aix\u00ed, s&#8217;han incorporat mesures de reforestaci\u00f3, silvicultura i restauraci\u00f3 de l&#8217;entorn per a compensar les emissions generades durant el desenvolupament de l&#8217;obra, estimades en unes 4.000 tones de CO\u2082 equivalent. Este plantejament, segons ha destacat Reme Mazzolari &#8220;representa un pas endavant en la gesti\u00f3 d&#8217;infraestructures, perqu\u00e8 vincula la millora vi\u00e0ria amb la sostenibilitat ambiental des de la seua pr\u00f2pia concepci\u00f3&#8221;.<\/p>\n\n\n\n<p>El projecte contempla l&#8217;ampliaci\u00f3 de plataforma, millora del ferm i adaptaci\u00f3 funcional del tra\u00e7at per a respondre tant a les necessitats del tr\u00e0nsit com als reptes del canvi clim\u00e0tic. D&#8217;esta manera, la Diputaci\u00f3 combina criteris d&#8217;efici\u00e8ncia, seguretat i sostenibilitat perqu\u00e8 l&#8217;actuaci\u00f3 no supose nom\u00e9s una millora estructural sin\u00f3 una oportunitat per a avan\u00e7ar en la transici\u00f3 ecol\u00f2gica de les seues infraestructures.<\/p>\n\n\n\n<p><strong>Altres obres destacades a la comarca<\/strong><\/p>\n\n\n\n<p>En la jornada s&#8217;ha fet balan\u00e7 de les obres executades en els \u00faltims anys, entre les quals destaquen la millora de la seguretat vi\u00e0ria en la CV-415 en el seu acc\u00e9s a Tur\u00eds, la connexi\u00f3 ciclopeatonal entre Siete Aguas i la seua estaci\u00f3 ferrovi\u00e0ria o l&#8217;eliminaci\u00f3 del tram de concentraci\u00f3 d&#8217;accidents en la CV-428 cap a Cortes de Pall\u00e1s. Tamb\u00e9 s&#8217;han repassat les actuacions que continuen en marxa, com la millora de la CV-417 entre la Universitat Laboral i la CV-424.<\/p>\n\n\n\n<p>De cara als pr\u00f2xims anys, s&#8217;han detallat les actuacions previstes per a 2026 i 2027. Entre elles figuren la millora de la seguretat vi\u00e0ria en la CV-429 entre Macastre i La Portera, distribu\u00efda en dos fases que sumen m\u00e9s de 5,8 milions d&#8217;euros; l&#8217;ampliaci\u00f3 de la plataforma de la CV-422 entre Tur\u00eds i Llombai, amb l&#8217;inici de les expropiacions previst per a 2026; l&#8217;actualitzaci\u00f3 del projecte de la Variant Nord de Chiva en la CV-379; el condicionament de la CV-424 entre Venta del Poyo i Bu\u00f1ol, l&#8217;execuci\u00f3 del qual requerix una revisi\u00f3 del projecte despr\u00e9s dels danys patits per la dana; i la millora de tra\u00e7at en la CV-425 entre Alborache i Macastre, actualment en fase de licitaci\u00f3 del contracte de redacci\u00f3. Entre carreteres i camins, la inversi\u00f3 prevista en la Hoya de Bu\u00f1ol-Chiva per a este per\u00edode supera els 56,5 milions d&#8217;euros.<\/p>\n\n\n\n<p>La jornada ha servit tamb\u00e9 per a intercanviar impressions amb els ajuntaments sobre les necessitats priorit\u00e0ries de la comarca. La diputada i vicepresidenta Mazzolari ha concl\u00f2s que la planificaci\u00f3 estrat\u00e8gica de l&#8217;\u00e0rea \u201ces constru\u00efx escoltant els pobles, entenent la seua realitat i prioritzant el que de veritat millora el seu dia a dia\u201d, i ha valorat estes reunions com un instrument efica\u00e7 per a millorar la coordinaci\u00f3 institucional i donar visibilitat al treball desenvolupat per la Diputaci\u00f3 en el territori.<\/p>\n","protected":false},"excerpt":{"rendered":"<div class=\"mh-excerpt\">La vicepresidenta segona, Reme Mazzolari, presidix a Godelleta una jornada de treball per a repassar al costat d&#8217;alcaldes i alcaldesses de la comarca les actuacions m\u00e9s rellevants executades i en tramitaci\u00f3 per l&#8217;\u00e0rea provincial de <a class=\"mh-excerpt-more\" href=\"https:\/\/www.tucomarca.com\/wordpress\/segunda\/ca\/386-milions-deuros-invertits-i-565-programats-la-diputacio-marca-el-full-de-ruta-en-la-xarxa-viaria-de-la-hoya-de-bunol-chiva\/\" title=\"La Diputaci\u00f3 marca el full de ruta en la xarxa vi\u00e0ria de la Foia de Bunyol-Xiva: 38,6 milions d&#8217;euros invertits i 56,5 programats\">[+] <\/a><\/div>\n","protected":false},"author":12,"featured_media":285431,"comment_status":"open","ping_status":"open","sticky":false,"template":"","format":"gallery","meta":{"footnotes":""},"categories":[10973,10911,21466,10898,10977,10948,10894,10904,10912,10903,10947,10896,10897],"tags":[21629,11087,10914,19433],"class_list":{"0":"post-285434","1":"post","2":"type-post","3":"status-publish","4":"format-gallery","5":"has-post-thumbnail","7":"category-alborache-ca","8":"category-bunol-ca","9":"category-dana-ca","10":"category-ventana-ca","11":"category-godelleta-ca","12":"category-infraestructuras-ca","13":"category-la-comarca-ca","14":"category-sin-categorizar-ca","15":"category-la-hoya-ca","16":"category-medio-ambiente-la-comarca-ca","17":"category-politica","18":"category-seccion-ca","19":"category-sucesos-la-comarca-ca","20":"tag-carreteras-de-la-diputacion-ca","21":"tag-godelleta-ca","22":"tag-la-hoya-de-bunol-chiva-ca","23":"tag-reme-mazzolari-ca","24":"post_format-post-format-gallery"},"_links":{"self":[{"href":"https:\/\/www.tucomarca.com\/wordpress\/segunda\/ca\/wp-json\/wp\/v2\/posts\/285434","targetHints":{"allow":["GET"]}}],"collection":[{"href":"https:\/\/www.tucomarca.com\/wordpress\/segunda\/ca\/wp-json\/wp\/v2\/posts"}],"about":[{"href":"https:\/\/www.tucomarca.com\/wordpress\/segunda\/ca\/wp-json\/wp\/v2\/types\/post"}],"author":[{"embeddable":true,"href":"https:\/\/www.tucomarca.com\/wordpress\/segunda\/ca\/wp-json\/wp\/v2\/users\/12"}],"replies":[{"embeddable":true,"href":"https:\/\/www.tucomarca.com\/wordpress\/segunda\/ca\/wp-json\/wp\/v2\/comments?post=285434"}],"version-history":[{"count":0,"href":"https:\/\/www.tucomarca.com\/wordpress\/segunda\/ca\/wp-json\/wp\/v2\/posts\/285434\/revisions"}],"wp:featuredmedia":[{"embeddable":true,"href":"https:\/\/www.tucomarca.com\/wordpress\/segunda\/ca\/wp-json\/wp\/v2\/media\/285431"}],"wp:attachment":[{"href":"https:\/\/www.tucomarca.com\/wordpress\/segunda\/ca\/wp-json\/wp\/v2\/media?parent=285434"}],"wp:term":[{"taxonomy":"category","embeddable":true,"href":"https:\/\/www.tucomarca.com\/wordpress\/segunda\/ca\/wp-json\/wp\/v2\/categories?post=285434"},{"taxonomy":"post_tag","embeddable":true,"href":"https:\/\/www.tucomarca.com\/wordpress\/segunda\/ca\/wp-json\/wp\/v2\/tags?post=285434"}],"curies":[{"name":"wp","href":"https:\/\/api.w.org\/{rel}","templated":true}]}}