{"id":285436,"date":"2025-11-14T12:00:00","date_gmt":"2025-11-14T11:00:00","guid":{"rendered":"https:\/\/www.tucomarca.com\/wordpress\/segunda\/?p=285436"},"modified":"2025-11-14T19:17:34","modified_gmt":"2025-11-14T18:17:34","slug":"la-diputacio-de-valencia-reafirma-la-seua-implicacio-amb-salvem-els-fotos-per-a-recuperar-les-fotos-danyades-en-la-dana","status":"publish","type":"post","link":"https:\/\/www.tucomarca.com\/wordpress\/segunda\/ca\/la-diputacio-de-valencia-reafirma-la-seua-implicacio-amb-salvem-els-fotos-per-a-recuperar-les-fotos-danyades-en-la-dana\/","title":{"rendered":"La Diputaci\u00f3 de Val\u00e8ncia reafirma la seua implicaci\u00f3 amb \u2018Salvem els fotos\u2019 per a recuperar les fotos danyades en la DANA"},"content":{"rendered":"\n<h3 class=\"wp-block-heading\">El president de la Diputaci\u00f3 de Val\u00e8ncia, Vicent Momp\u00f3, coneix com treballen en la restauraci\u00f3 de les fotografies en el laboratori d&#8217;Algemes\u00ed.<\/h3>\n\n\n\n<h3 class=\"wp-block-heading\">L\u2019ETNO forma part d&#8217;este projecte de la UV per al qual la Diputaci\u00f3 aprovar\u00e0 en el ple de novembre una ajuda de 60.000 euros.<\/h3>\n\n\n\n<p>El president de la Diputaci\u00f3 de Val\u00e8ncia, Vicent Momp\u00f3 ha visitat este mat\u00ed el laboratori d&#8217;Algemes\u00ed que forma part del projecte \u2018Salvem les fotos\u2019 per a recuperar les fotografies danyades per la DANA. En la iniciativa de la Universitat de Val\u00e8ncia participen diferents entitats com a L\u2019ETNO, Museu Valenci\u00e0 d\u2019Etnologia de la Diputaci\u00f3 de Val\u00e8ncia. A m\u00e9s, la instituci\u00f3 provincial va firmar a l&#8217;inici de l&#8217;any un conveni marc amb la UV per a col\u00b7laborar en esta tasca de la preservaci\u00f3 de la mem\u00f2ria individual i col\u00b7lectiva. De fet, baix el marc d&#8217;esta col\u00b7laboraci\u00f3, el ple de la setmana que ve aprovar\u00e0 una ajuda de 60.000 euros per a la contractaci\u00f3 de personal en els laboratoris integrats en este projecte.<\/p>\n\n\n\n<p>\u201cDes de la Diputaci\u00f3 volem ajudar a sufragar els costos que genera perqu\u00e8 el que es restaura ac\u00ed, a m\u00e9s del record de les fam\u00edlies, \u00e9s tamb\u00e9 un patrimoni nostre, i \u00e9s important recuperar-lo per a este moment concret i de cara el futur\u201d, ha esgrimit Momp\u00f3, al mateix temps que ha aplaudit el treball que s&#8217;est\u00e0 realitzant: \u201c\u00c9s un projecte fant\u00e0stic, \u00e9s este laboratori professional i voluntari, molt en la l\u00ednia del que ens ha portat la dana, estan fent una labor impagable\u201d. A m\u00e9s, ha explicat, \u201c\u00e9s una mostra m\u00e9s de tot el que queda per fer despr\u00e9s de la dana\u201d.<\/p>\n\n\n\n<p>En la visita guiada, el president ha pogut veure el labori\u00f3s proc\u00e9s de recuperaci\u00f3 de les fotografies, que despr\u00e9s de passar per les fases de rescat i estabilitzaci\u00f3, es conserven i salvaguarden. Aix\u00ed, ha conegut de primera m\u00e0 el proc\u00e9s de digitalitzaci\u00f3 i la zona d&#8217;emmagatzematge amb els baguls de congelaci\u00f3, on es custodien temporalment els fons fotogr\u00e0fics pendents d&#8217;intervenci\u00f3, a l&#8217;espera de l&#8217;ampliaci\u00f3 de l&#8217;equip t\u00e8cnic.<\/p>\n\n\n\n<p>Les xifres demostren la magnitud del treball d&#8217;este laboratori: 200.000 fotos de 250 fam\u00edlies de, entre altres municipis, l&#8217;Alc\u00fadia, Guadassuar, Riola, Cullera, Algemes\u00ed i Albalat, aproximadament un 30% ja restaurat. En total, el projecte abasta a 2,4 milions de fotos de 1.500 fam\u00edlies. Davant esta c\u00e0rrega de treball, la recuperaci\u00f3 s&#8217;allargar\u00e0 a tot 2026 perqu\u00e8 a m\u00e9s tamb\u00e9 s&#8217;estan restaurant postals, cartes, documents personals i fins i tot obres d&#8217;art.&nbsp;<\/p>\n\n\n\n<p>Un treball en el qual subratlla Ester Alba, vicerectora de cultura i societat de la UV, L\u2019ETNO ha participat des del primer moment: \u201cHa sigut molt important perqu\u00e8 la gent confia en les seues institucions culturals locals, eixa manera de treballar amb els museus que facilita la Diputaci\u00f3 \u00e9s essencial; a m\u00e9s, L\u2019ETNO ens est\u00e0 ajudant en els processos de digitalitzaci\u00f3 i restauraci\u00f3 de les obres d&#8217;art\u201d.<\/p>\n\n\n\n<p>Per part seua, el director del laboratori i del Centre d&#8217;Art ESART, Alejandro Villar, ha detallat que \u201cs&#8217;han estat rebent moltes caixes de diferents pobles de la Ribera, hem fet tota una xarxa de col\u00b7laboraci\u00f3, sanaci\u00f3 i afecte entre laboratoris, associacions i professionals internacionals per a salvaguardar la mem\u00f2ria d&#8217;estes fam\u00edlies i de la hist\u00f2ria de la Ribera des de finals del s.XIX\u201d. Villar ha fet una crida al voluntariat i al finan\u00e7ament perqu\u00e8 queda un any de treball perqu\u00e8 estan totes les fotografies restaurades.<\/p>\n\n\n\n<p>Finalment, l&#8217;alcalde d&#8217;Algemes\u00ed, Jos\u00e9 Javier Sanchis, ha remarcat el que suposa per a les fam\u00edlies la recuperaci\u00f3 de les fotografies: \u201c\u00c9s una contribuci\u00f3 a la recuperaci\u00f3 psicol\u00f2gica i de la salut mental de moltes fam\u00edlies, que en molts casos van perdre l&#8217;\u00fanic record que tenien dels seus familiars\u201d. D&#8217;altra banda, destaca, es posa de manifest \u201cla import\u00e0ncia de la col\u00b7laboraci\u00f3 administrativa, que ha de continuar perqu\u00e8 queda molt per fer\u201d.<\/p>\n\n\n\n<p>El projecte \u2018Salvem les fotos\u2019 est\u00e0 integrat per cinc laboratoris: Museu d&#8217;Hist\u00f2ria Natural de la Universitat de Val\u00e8ncia, el Museu Comarcal de l&#8217;Horta Sud a Torrent, el Museu Municipal Casa Alamaz\u00f3n a Utiel, el Castell d&#8217;Alaqu\u00e0s, i el ESART &#8211; Centre d&#8217;Art Contemporani d&#8217;Algemes\u00ed.<\/p>\n\n\n\n<figure class=\"wp-block-gallery has-nested-images columns-1 is-cropped wp-block-gallery-1 is-layout-flex wp-block-gallery-is-layout-flex\">\n<figure class=\"wp-block-image size-large\"><img loading=\"lazy\" decoding=\"async\" width=\"1024\" height=\"683\" data-id=\"285424\" src=\"https:\/\/www.tucomarca.com\/wordpress\/segunda\/wp-content\/uploads\/2025\/11\/MompoDANAfotos2-1024x683.jpg\" alt=\"\" class=\"wp-image-285424\" srcset=\"https:\/\/www.tucomarca.com\/wordpress\/segunda\/wp-content\/uploads\/2025\/11\/MompoDANAfotos2-1024x683.jpg 1024w, https:\/\/www.tucomarca.com\/wordpress\/segunda\/wp-content\/uploads\/2025\/11\/MompoDANAfotos2-300x200.jpg 300w, https:\/\/www.tucomarca.com\/wordpress\/segunda\/wp-content\/uploads\/2025\/11\/MompoDANAfotos2-768x512.jpg 768w, https:\/\/www.tucomarca.com\/wordpress\/segunda\/wp-content\/uploads\/2025\/11\/MompoDANAfotos2-1536x1024.jpg 1536w, https:\/\/www.tucomarca.com\/wordpress\/segunda\/wp-content\/uploads\/2025\/11\/MompoDANAfotos2-2048x1365.jpg 2048w\" sizes=\"auto, (max-width: 1024px) 100vw, 1024px\" \/><\/figure>\n\n\n\n<figure class=\"wp-block-image size-large\"><img loading=\"lazy\" decoding=\"async\" width=\"1024\" height=\"683\" data-id=\"285426\" src=\"https:\/\/www.tucomarca.com\/wordpress\/segunda\/wp-content\/uploads\/2025\/11\/MompoDANAfotos3-1024x683.jpg\" alt=\"\" class=\"wp-image-285426\" srcset=\"https:\/\/www.tucomarca.com\/wordpress\/segunda\/wp-content\/uploads\/2025\/11\/MompoDANAfotos3-1024x683.jpg 1024w, https:\/\/www.tucomarca.com\/wordpress\/segunda\/wp-content\/uploads\/2025\/11\/MompoDANAfotos3-300x200.jpg 300w, https:\/\/www.tucomarca.com\/wordpress\/segunda\/wp-content\/uploads\/2025\/11\/MompoDANAfotos3-768x512.jpg 768w, https:\/\/www.tucomarca.com\/wordpress\/segunda\/wp-content\/uploads\/2025\/11\/MompoDANAfotos3-1536x1024.jpg 1536w, https:\/\/www.tucomarca.com\/wordpress\/segunda\/wp-content\/uploads\/2025\/11\/MompoDANAfotos3-2048x1365.jpg 2048w\" sizes=\"auto, (max-width: 1024px) 100vw, 1024px\" \/><\/figure>\n<\/figure>\n","protected":false},"excerpt":{"rendered":"<div class=\"mh-excerpt\">El president de la Diputaci\u00f3 de Val\u00e8ncia, Vicent Momp\u00f3, coneix com treballen en la restauraci\u00f3 de les fotografies en el laboratori d&#8217;Algemes\u00ed. L\u2019ETNO forma part d&#8217;este projecte de la UV per al qual la Diputaci\u00f3 <a class=\"mh-excerpt-more\" href=\"https:\/\/www.tucomarca.com\/wordpress\/segunda\/ca\/la-diputacio-de-valencia-reafirma-la-seua-implicacio-amb-salvem-els-fotos-per-a-recuperar-les-fotos-danyades-en-la-dana\/\" title=\"La Diputaci\u00f3 de Val\u00e8ncia reafirma la seua implicaci\u00f3 amb \u2018Salvem els fotos\u2019 per a recuperar les fotos danyades en la DANA\">[+] <\/a><\/div>\n","protected":false},"author":1,"featured_media":285423,"comment_status":"open","ping_status":"open","sticky":false,"template":"","format":"gallery","meta":{"footnotes":""},"categories":[10983,21466,10898,10948,10894,10904,10902,10903,10947,10896,10897],"tags":[11081,15409,11077,16563],"class_list":{"0":"post-285436","1":"post","2":"type-post","3":"status-publish","4":"format-gallery","5":"has-post-thumbnail","7":"category-algemesi-ca","8":"category-dana-ca","9":"category-ventana-ca","10":"category-infraestructuras-ca","11":"category-la-comarca-ca","12":"category-sin-categorizar-ca","13":"category-la-ribera-ca","14":"category-medio-ambiente-la-comarca-ca","15":"category-politica","16":"category-seccion-ca","17":"category-sucesos-la-comarca-ca","18":"tag-algemesi-ca","19":"tag-dana-2-ca","20":"tag-la-ribera-alta-ca","21":"tag-vicente-mompo-ca","22":"post_format-post-format-gallery"},"_links":{"self":[{"href":"https:\/\/www.tucomarca.com\/wordpress\/segunda\/ca\/wp-json\/wp\/v2\/posts\/285436","targetHints":{"allow":["GET"]}}],"collection":[{"href":"https:\/\/www.tucomarca.com\/wordpress\/segunda\/ca\/wp-json\/wp\/v2\/posts"}],"about":[{"href":"https:\/\/www.tucomarca.com\/wordpress\/segunda\/ca\/wp-json\/wp\/v2\/types\/post"}],"author":[{"embeddable":true,"href":"https:\/\/www.tucomarca.com\/wordpress\/segunda\/ca\/wp-json\/wp\/v2\/users\/1"}],"replies":[{"embeddable":true,"href":"https:\/\/www.tucomarca.com\/wordpress\/segunda\/ca\/wp-json\/wp\/v2\/comments?post=285436"}],"version-history":[{"count":0,"href":"https:\/\/www.tucomarca.com\/wordpress\/segunda\/ca\/wp-json\/wp\/v2\/posts\/285436\/revisions"}],"wp:featuredmedia":[{"embeddable":true,"href":"https:\/\/www.tucomarca.com\/wordpress\/segunda\/ca\/wp-json\/wp\/v2\/media\/285423"}],"wp:attachment":[{"href":"https:\/\/www.tucomarca.com\/wordpress\/segunda\/ca\/wp-json\/wp\/v2\/media?parent=285436"}],"wp:term":[{"taxonomy":"category","embeddable":true,"href":"https:\/\/www.tucomarca.com\/wordpress\/segunda\/ca\/wp-json\/wp\/v2\/categories?post=285436"},{"taxonomy":"post_tag","embeddable":true,"href":"https:\/\/www.tucomarca.com\/wordpress\/segunda\/ca\/wp-json\/wp\/v2\/tags?post=285436"}],"curies":[{"name":"wp","href":"https:\/\/api.w.org\/{rel}","templated":true}]}}