{"id":285578,"date":"2025-11-17T13:15:00","date_gmt":"2025-11-17T12:15:00","guid":{"rendered":"https:\/\/www.tucomarca.com\/wordpress\/segunda\/?p=285578"},"modified":"2025-11-17T19:21:16","modified_gmt":"2025-11-17T18:21:16","slug":"xiva-celebra-el-175-aniversari-de-la-societat-musical-la-artistica-amb-un-emotiu-homenatge-a-quasi-dos-segles-dhistoria","status":"publish","type":"post","link":"https:\/\/www.tucomarca.com\/wordpress\/segunda\/ca\/xiva-celebra-el-175-aniversari-de-la-societat-musical-la-artistica-amb-un-emotiu-homenatge-a-quasi-dos-segles-dhistoria\/","title":{"rendered":"Xiva celebra el 175 aniversari de la Societat Musical \u2018La Art\u00edstica\u2019 amb un emotiu homenatge a quasi dos segles d\u2019hist\u00f2ria"},"content":{"rendered":"\n<p>El poble de Xiva ha commemorat aquest cap de setmana el 175 aniversari de la Societat Musical &#8220;La Art\u00edstica&#8221; en un acte carregat d\u2019emoci\u00f3 i orgull local, celebrat al Cine Teatre Municipal Astoria. L\u2019esdeveniment va reunir m\u00fasics, socis, autoritats i ve\u00efns que no van voler perdre\u2019s una cita tan especial per a la cultura i la identitat del municipi.<\/p>\n\n\n\n<p>Durant l\u2019acte es va retre un sentit homenatge a totes les generacions de m\u00fasics, directors i fam\u00edlies que han format part de la societat al llarg de quasi dos segles, reconeixent la seua dedicaci\u00f3 i el seu paper fonamental en la consolidaci\u00f3 d\u2019una tradici\u00f3 musical que ha marcat la vida cultural de Xiva.<\/p>\n\n\n\n<p>Durant l&#8217;esdeveniment s&#8217;estrenar\u00e0 el pasdoble \u201cArt\u00edstica 175\u201d, compost per Manuel Morales Mart\u00ednez, una obra creada especialment per a commemorar aquest aniversari tan \u00fanic.<\/p>\n\n\n\n<p>La celebraci\u00f3 va posar en valor la traject\u00f2ria i el llegat de &#8220;La Art\u00edstica&#8221;, una entitat que, any rere any, ha contribu\u00eft a mantindre viva la passi\u00f3 per la m\u00fasica al municipi, sent un referent per a diverses generacions i un s\u00edmbol d\u2019unitat i orgull per als chivans.<\/p>\n\n\n\n<p>Amb aquest aniversari, Xiva reafirma el seu comprom\u00eds amb la m\u00fasica i amb una societat que continua sent un pilar essencial en la vida cultural i social del poble.<\/p>\n\n\n\n<p>L&#8217;acte va comptar amb l&#8217;assist\u00e8ncia i participaci\u00f3, entre altres convidats, del president comarcal de la Federaci\u00f3 de Bandes de M\u00fasica de la Comunitat Valenciana, FBMCV, Ricardo Sales.<\/p>\n\n\n\n<figure class=\"wp-block-gallery has-nested-images columns-1 is-cropped wp-block-gallery-1 is-layout-flex wp-block-gallery-is-layout-flex\">\n<figure class=\"wp-block-image size-large\"><img loading=\"lazy\" decoding=\"async\" width=\"1024\" height=\"691\" data-id=\"285571\" src=\"https:\/\/www.tucomarca.com\/wordpress\/segunda\/wp-content\/uploads\/2025\/11\/ChivaLaAristica2-1024x691.jpg\" alt=\"\" class=\"wp-image-285571\" srcset=\"https:\/\/www.tucomarca.com\/wordpress\/segunda\/wp-content\/uploads\/2025\/11\/ChivaLaAristica2-1024x691.jpg 1024w, https:\/\/www.tucomarca.com\/wordpress\/segunda\/wp-content\/uploads\/2025\/11\/ChivaLaAristica2-300x202.jpg 300w, https:\/\/www.tucomarca.com\/wordpress\/segunda\/wp-content\/uploads\/2025\/11\/ChivaLaAristica2-768x518.jpg 768w, https:\/\/www.tucomarca.com\/wordpress\/segunda\/wp-content\/uploads\/2025\/11\/ChivaLaAristica2.jpg 1181w\" sizes=\"auto, (max-width: 1024px) 100vw, 1024px\" \/><\/figure>\n\n\n\n<figure class=\"wp-block-image size-large\"><img loading=\"lazy\" decoding=\"async\" width=\"1024\" height=\"691\" data-id=\"285575\" src=\"https:\/\/www.tucomarca.com\/wordpress\/segunda\/wp-content\/uploads\/2025\/11\/ChivaLaAristica4-1024x691.jpg\" alt=\"\" class=\"wp-image-285575\" srcset=\"https:\/\/www.tucomarca.com\/wordpress\/segunda\/wp-content\/uploads\/2025\/11\/ChivaLaAristica4-1024x691.jpg 1024w, https:\/\/www.tucomarca.com\/wordpress\/segunda\/wp-content\/uploads\/2025\/11\/ChivaLaAristica4-300x202.jpg 300w, https:\/\/www.tucomarca.com\/wordpress\/segunda\/wp-content\/uploads\/2025\/11\/ChivaLaAristica4-768x518.jpg 768w, https:\/\/www.tucomarca.com\/wordpress\/segunda\/wp-content\/uploads\/2025\/11\/ChivaLaAristica4.jpg 1181w\" sizes=\"auto, (max-width: 1024px) 100vw, 1024px\" \/><\/figure>\n\n\n\n<figure class=\"wp-block-image size-large\"><img loading=\"lazy\" decoding=\"async\" width=\"1024\" height=\"511\" data-id=\"285569\" src=\"https:\/\/www.tucomarca.com\/wordpress\/segunda\/wp-content\/uploads\/2025\/11\/ChivaLaAristica1-1024x511.jpg\" alt=\"\" class=\"wp-image-285569\" srcset=\"https:\/\/www.tucomarca.com\/wordpress\/segunda\/wp-content\/uploads\/2025\/11\/ChivaLaAristica1-1024x511.jpg 1024w, https:\/\/www.tucomarca.com\/wordpress\/segunda\/wp-content\/uploads\/2025\/11\/ChivaLaAristica1-300x150.jpg 300w, https:\/\/www.tucomarca.com\/wordpress\/segunda\/wp-content\/uploads\/2025\/11\/ChivaLaAristica1-768x383.jpg 768w, https:\/\/www.tucomarca.com\/wordpress\/segunda\/wp-content\/uploads\/2025\/11\/ChivaLaAristica1-1536x766.jpg 1536w, https:\/\/www.tucomarca.com\/wordpress\/segunda\/wp-content\/uploads\/2025\/11\/ChivaLaAristica1.jpg 1971w\" sizes=\"auto, (max-width: 1024px) 100vw, 1024px\" \/><\/figure>\n<\/figure>\n","protected":false},"excerpt":{"rendered":"<div class=\"mh-excerpt\">El poble de Xiva ha commemorat aquest cap de setmana el 175 aniversari de la Societat Musical &#8220;La Art\u00edstica&#8221; en un acte carregat d\u2019emoci\u00f3 i orgull local, celebrat al Cine Teatre Municipal Astoria. L\u2019esdeveniment va <a class=\"mh-excerpt-more\" href=\"https:\/\/www.tucomarca.com\/wordpress\/segunda\/ca\/xiva-celebra-el-175-aniversari-de-la-societat-musical-la-artistica-amb-un-emotiu-homenatge-a-quasi-dos-segles-dhistoria\/\" title=\"Xiva celebra el 175 aniversari de la Societat Musical \u2018La Art\u00edstica\u2019 amb un emotiu homenatge a quasi dos segles d\u2019hist\u00f2ria\">[+] <\/a><\/div>\n","protected":false},"author":12,"featured_media":285574,"comment_status":"open","ping_status":"open","sticky":false,"template":"","format":"gallery","meta":{"footnotes":""},"categories":[11005,10898,10894,10912,11007,10896,10975],"tags":[22352,11195,14188],"class_list":{"0":"post-285578","1":"post","2":"type-post","3":"status-publish","4":"format-gallery","5":"has-post-thumbnail","7":"category-canal-musica","8":"category-ventana-ca","9":"category-la-comarca-ca","10":"category-la-hoya-ca","11":"category-ocio-y-cultura-ca","12":"category-seccion-ca","13":"category-chiva-ca","14":"tag-175-aniversario-ca","15":"tag-chiva-ca","16":"tag-sm-la-artistica-de-chiva-2-ca","17":"post_format-post-format-gallery"},"_links":{"self":[{"href":"https:\/\/www.tucomarca.com\/wordpress\/segunda\/ca\/wp-json\/wp\/v2\/posts\/285578","targetHints":{"allow":["GET"]}}],"collection":[{"href":"https:\/\/www.tucomarca.com\/wordpress\/segunda\/ca\/wp-json\/wp\/v2\/posts"}],"about":[{"href":"https:\/\/www.tucomarca.com\/wordpress\/segunda\/ca\/wp-json\/wp\/v2\/types\/post"}],"author":[{"embeddable":true,"href":"https:\/\/www.tucomarca.com\/wordpress\/segunda\/ca\/wp-json\/wp\/v2\/users\/12"}],"replies":[{"embeddable":true,"href":"https:\/\/www.tucomarca.com\/wordpress\/segunda\/ca\/wp-json\/wp\/v2\/comments?post=285578"}],"version-history":[{"count":0,"href":"https:\/\/www.tucomarca.com\/wordpress\/segunda\/ca\/wp-json\/wp\/v2\/posts\/285578\/revisions"}],"wp:featuredmedia":[{"embeddable":true,"href":"https:\/\/www.tucomarca.com\/wordpress\/segunda\/ca\/wp-json\/wp\/v2\/media\/285574"}],"wp:attachment":[{"href":"https:\/\/www.tucomarca.com\/wordpress\/segunda\/ca\/wp-json\/wp\/v2\/media?parent=285578"}],"wp:term":[{"taxonomy":"category","embeddable":true,"href":"https:\/\/www.tucomarca.com\/wordpress\/segunda\/ca\/wp-json\/wp\/v2\/categories?post=285578"},{"taxonomy":"post_tag","embeddable":true,"href":"https:\/\/www.tucomarca.com\/wordpress\/segunda\/ca\/wp-json\/wp\/v2\/tags?post=285578"}],"curies":[{"name":"wp","href":"https:\/\/api.w.org\/{rel}","templated":true}]}}