{"id":285666,"date":"2025-11-17T09:30:00","date_gmt":"2025-11-17T08:30:00","guid":{"rendered":"https:\/\/www.tucomarca.com\/wordpress\/segunda\/?p=285666"},"modified":"2025-11-17T20:15:04","modified_gmt":"2025-11-17T19:15:04","slug":"un-gol-de-duco-en-lultim-sospir-del-partit-li-permet-sumar-un-valuosissim-punt-al-cd-bunyol-en-atzeneta-2-2","status":"publish","type":"post","link":"https:\/\/www.tucomarca.com\/wordpress\/segunda\/ca\/un-gol-de-duco-en-lultim-sospir-del-partit-li-permet-sumar-un-valuosissim-punt-al-cd-bunyol-en-atzeneta-2-2\/","title":{"rendered":"Un gol de Duco en l&#8217;\u00faltim sospir del partit li permet sumar un valuos\u00edssim punt al CD Bunyol en Atzeneta (2-2)"},"content":{"rendered":"\n<p>El CD Bunyol va tornar a demostrar car\u00e0cter i orgull en un partit vibrant davant el Atzeneta UE, signant un empat in extremis que va fer gust de vict\u00f2ria. Duco, des dels onze metres i en l&#8217;\u00faltim sospir de la trobada, va evitar que els locals s&#8217;emportaren els tres punts en un dol ple d&#8217;alternatives.<\/p>\n\n\n\n<p>El xoc va comen\u00e7ar b\u00e9 per als blancs: en el minut 18, Marcos va transformar amb autoritat un penal i va posar per davant als de Bunyol. No obstant aix\u00f2, el Atzeneta va reaccionar abans del descans, aconseguint l&#8217;empat en el 43\u2019 i completant la remuntada en el 53\u2019, aprofitant els seus millors minuts del partit.<\/p>\n\n\n\n<p>Quan la trobada semblava decantar-se del costat local, i el Bunyol acumulava m\u00e8rits sense recompensa, va arribar l&#8217;acci\u00f3 decisiva: penal en el temps reglamentari i Duco, amb sang freda, va signar el 2-2 que va deixar gelat al Atzeneta i va encendre a l&#8217;afici\u00f3 bu\u00f1olense despla\u00e7ada.<\/p>\n\n\n\n<p>Amb aquest empat, el CD Bunyol suma 14 punts en 11 jornades (3 vict\u00f2ries, 5 empats i 3 derrotes) i es mant\u00e9 huit\u00e9 en la classificaci\u00f3, igualat precisament amb el Atzeneta i a nom\u00e9s tres punts de la sisena pla\u00e7a. Aix\u00f2 s\u00ed, el l\u00edder, el Castellonenc, s&#8217;escapa a 12 punts.<\/p>\n\n\n\n<p>Un punt d&#8217;arpa i personalitat per a un Bunyol que continua demostrant que mai baixa els bra\u00e7os.<\/p>\n","protected":false},"excerpt":{"rendered":"<div class=\"mh-excerpt\">El CD Bunyol va tornar a demostrar car\u00e0cter i orgull en un partit vibrant davant el Atzeneta UE, signant un empat in extremis que va fer gust de vict\u00f2ria. Duco, des dels onze metres i <a class=\"mh-excerpt-more\" href=\"https:\/\/www.tucomarca.com\/wordpress\/segunda\/ca\/un-gol-de-duco-en-lultim-sospir-del-partit-li-permet-sumar-un-valuosissim-punt-al-cd-bunyol-en-atzeneta-2-2\/\" title=\"Un gol de Duco en l&#8217;\u00faltim sospir del partit li permet sumar un valuos\u00edssim punt al CD Bunyol en Atzeneta (2-2)\">[+] <\/a><\/div>\n","protected":false},"author":12,"featured_media":285659,"comment_status":"open","ping_status":"open","sticky":false,"template":"","format":"standard","meta":{"footnotes":""},"categories":[10911,11015,11003,10894,10904,10912,10896],"tags":[10913,11126,10914],"class_list":{"0":"post-285666","1":"post","2":"type-post","3":"status-publish","4":"format-standard","5":"has-post-thumbnail","7":"category-bunol-ca","8":"category-canal-futbol","9":"category-sports","10":"category-la-comarca-ca","11":"category-sin-categorizar-ca","12":"category-la-hoya-ca","13":"category-seccion-ca","14":"tag-bunol-ca","15":"tag-cd-bunol-ca","16":"tag-la-hoya-de-bunol-chiva-ca"},"_links":{"self":[{"href":"https:\/\/www.tucomarca.com\/wordpress\/segunda\/ca\/wp-json\/wp\/v2\/posts\/285666","targetHints":{"allow":["GET"]}}],"collection":[{"href":"https:\/\/www.tucomarca.com\/wordpress\/segunda\/ca\/wp-json\/wp\/v2\/posts"}],"about":[{"href":"https:\/\/www.tucomarca.com\/wordpress\/segunda\/ca\/wp-json\/wp\/v2\/types\/post"}],"author":[{"embeddable":true,"href":"https:\/\/www.tucomarca.com\/wordpress\/segunda\/ca\/wp-json\/wp\/v2\/users\/12"}],"replies":[{"embeddable":true,"href":"https:\/\/www.tucomarca.com\/wordpress\/segunda\/ca\/wp-json\/wp\/v2\/comments?post=285666"}],"version-history":[{"count":0,"href":"https:\/\/www.tucomarca.com\/wordpress\/segunda\/ca\/wp-json\/wp\/v2\/posts\/285666\/revisions"}],"wp:featuredmedia":[{"embeddable":true,"href":"https:\/\/www.tucomarca.com\/wordpress\/segunda\/ca\/wp-json\/wp\/v2\/media\/285659"}],"wp:attachment":[{"href":"https:\/\/www.tucomarca.com\/wordpress\/segunda\/ca\/wp-json\/wp\/v2\/media?parent=285666"}],"wp:term":[{"taxonomy":"category","embeddable":true,"href":"https:\/\/www.tucomarca.com\/wordpress\/segunda\/ca\/wp-json\/wp\/v2\/categories?post=285666"},{"taxonomy":"post_tag","embeddable":true,"href":"https:\/\/www.tucomarca.com\/wordpress\/segunda\/ca\/wp-json\/wp\/v2\/tags?post=285666"}],"curies":[{"name":"wp","href":"https:\/\/api.w.org\/{rel}","templated":true}]}}