{"id":285818,"date":"2025-11-19T09:15:00","date_gmt":"2025-11-19T08:15:00","guid":{"rendered":"https:\/\/www.tucomarca.com\/wordpress\/segunda\/?p=285818"},"modified":"2025-11-19T18:25:56","modified_gmt":"2025-11-19T17:25:56","slug":"la-unio-musical-santa-cecilia-de-villar-estrena-el-concert-per-a-fliscorno-i-banda-de-manuel-bernal-en-el-seu-concert-de-santa-cecilia","status":"publish","type":"post","link":"https:\/\/www.tucomarca.com\/wordpress\/segunda\/ca\/la-unio-musical-santa-cecilia-de-villar-estrena-el-concert-per-a-fliscorno-i-banda-de-manuel-bernal-en-el-seu-concert-de-santa-cecilia\/","title":{"rendered":"La Uni\u00f3 Musical Santa Cecilia de Villar estrena el Concert per a fliscorno i banda de Manuel Bernal en el seu concert de Santa Cecilia"},"content":{"rendered":"\n<h3 class=\"wp-block-heading\">Ser\u00e1 el dissabte 22 de novembre a c\u00e0rrec del solista de la Banda Simf\u00f2nica Municipal de Val\u00e8ncia Domingo Torrella.<\/h3>\n\n\n\n<h3 class=\"wp-block-heading\">Sota la direcci\u00f3 de Borja Mart\u00ednez Alegre el programa inclour\u00e0 a m\u00e9s obres de Jos\u00e9 Miguel Fayos, Rub\u00e9n Penad\u00e9s Silvestre i Manuel de Falla.<\/h3>\n\n\n\n<h3 class=\"wp-block-heading\">Durant el concert es donar\u00e0 la benvinguda a set nous m\u00fasics que s&#8217;integraran en la plantilla de la banda simf\u00f2nica.<\/h3>\n\n\n\n<p>La banda simf\u00f2nica de la Uni\u00f3 Musical Santa Cecilia (UMSC) d&#8217;el Villar estrenar\u00e0 el Concert per a fliscorno i banda de Manuel Bernal amb la interpretaci\u00f3 com a solista de Domingo Torrella, trompeta solista de la Banda Simf\u00f2nica Municipal de Val\u00e8ncia. L&#8217;estrena s&#8217;emmarca en el Concert de Santa Cecilia que se celebrar\u00e0 dissabte que ve 22 de novembre a les 19.30 hores en el sal\u00f3 de concerts de l&#8217;entitat i que s&#8217;inscriu en la Tardor Musical.<\/p>\n\n\n\n<p>Com explica el director titular de l&#8217;agrupaci\u00f3 de Villar, Borja Mart\u00ednez Alegre, \u201cel seu compositor, Bernal Nieto, posseeix una carrera singular. Encara que va iniciar els seus estudis amb el clarinet, la seua vocaci\u00f3 el va portar a la Composici\u00f3 a Sevilla i, posteriorment, a una carrera com a director en el Cos de M\u00fasiques Militars. Format tamb\u00e9 a It\u00e0lia i Holanda, Bernal Nieto continua &#8220;enfrontant-se al paper en blanc&#8221;, i aquest concert representa la seua m\u00e9s recent creaci\u00f3\u201d.<\/p>\n\n\n\n<p>Quant al solista, Domingo Torrella, nascut a Val\u00e8ncia en 1972, va estudiar en el Conservatori Superior de M\u00fasica de Val\u00e8ncia \u201cJoaqu\u00edn Rodrigo\u201d amb Jos\u00e9 Fabra i Leopoldo Vidal, obtenint Menci\u00f3 honor\u00edfica Fi de Carrera. Ha pertangut a la M\u00fasica del Govern Militar de Burgos i a la Unitat de M\u00fasica de la Gu\u00e0rdia Real com a trompeta solista i des de 1998 \u00e9s Professor Solista de la Banda Municipal de Val\u00e8ncia. A m\u00e9s, realitza moltes col\u00b7laboracions com a int\u00e8rpret, solista i professor tant a nivell nacional com internacional. \u00c9s membre de Strombor Brass Quintet, amb el qual ha gravat dos CD\u2019s, Cinc Maneres De No Dir Res i Special.<\/p>\n\n\n\n<p>Abans d&#8217;assistir a aquesta estrena absoluta, el p\u00fablic escoltar\u00e0 Multaqa (Deconstructio I) del compositor Jos\u00e9 Miguel Fayos Jord\u00e1n, obra amb la qual arrancar\u00e0 el concert. El t\u00edtol, que significa &#8220;trobada&#8221; en \u00e0rab, \u00e9s una declaraci\u00f3 d&#8217;intencions: l&#8217;obra ret homenatge a la conviv\u00e8ncia multicultural d&#8217;\u00e0rabs, jueus i cristians a l&#8217;Espanya del segle XIII.<\/p>\n\n\n\n<p>La mirada al passat continuar\u00e0 amb Reflexions sobre un territori de Rub\u00e9n Penad\u00e9s Silvestre. Aquesta obra segueix el deixant dels grans compositors valencians del segle XX (Palau, Blanquer) i se submergeix en el patrimoni popular. Estructurada en tres moviments (Obertura, Passacaglia i Quasi Ronde), la pe\u00e7a utilitza melodies d&#8217;Ontinyent, Bocairent i Santa Pola, com la coneguda &#8220;Els mars s\u00f3n els que ploren&#8221; o el &#8220;Ball de la Veta&#8221;, en una cuidada reflexi\u00f3 sobre la identitat sonora del territori.<\/p>\n\n\n\n<p>Despr\u00e9s de l&#8217;estrena de Bernal, el fermall d&#8217;or al concert el posar\u00e0 un dels pilars de la m\u00fasica espanyola: L&#8217;amor bruixot de Manuel de Falla. El p\u00fablic podr\u00e0 gaudir de quatre moviments d&#8217;aquesta obra mestra, en un any especial en el qual es commemora el centenari de la seua versi\u00f3 per a orquestra.<\/p>\n\n\n\n<p>Nous m\u00fasics<\/p>\n\n\n\n<p>Com \u00e9s tradicional, el concert servir\u00e0 per a donar la benvinguda a set nous m\u00fasics que s&#8217;incorporen a la banda simf\u00f2nica. Es tracta de Rayco Clemente Cervera (saxo), Andr\u00e9s Requeni Contelles (clarinet), Sof\u00eda Usach Faubel (flauta), Laia Domenech Beltr\u00e1n (clarinet), Marc Mart\u00ednez L\u00e1zaro (tromb\u00f3), Ana\u00efs Mart\u00ednez L\u00e1zaro (clarinet) i Leo Torrescusa Espinosa (percussi\u00f3).<\/p>\n\n\n\n<p>Pr\u00f2ximes activitats de la UMSC<\/p>\n\n\n\n<p>Despr\u00e9s del concert de Santa Cecilia, l&#8217;activitat musical no cessa en la Uni\u00f3 Musical. El dissabte 20 de desembre se celebrar\u00e0 el tradicional Concert de Nadal a c\u00e0rrec de la Banda Juvenil i el dimarts 23 el Cor de la societat interpretar\u00e0 nadales en diferents enclavaments del municipi.<\/p>\n\n\n\n<p><\/p>\n","protected":false},"excerpt":{"rendered":"<div class=\"mh-excerpt\">Ser\u00e1 el dissabte 22 de novembre a c\u00e0rrec del solista de la Banda Simf\u00f2nica Municipal de Val\u00e8ncia Domingo Torrella. Sota la direcci\u00f3 de Borja Mart\u00ednez Alegre el programa inclour\u00e0 a m\u00e9s obres de Jos\u00e9 Miguel <a class=\"mh-excerpt-more\" href=\"https:\/\/www.tucomarca.com\/wordpress\/segunda\/ca\/la-unio-musical-santa-cecilia-de-villar-estrena-el-concert-per-a-fliscorno-i-banda-de-manuel-bernal-en-el-seu-concert-de-santa-cecilia\/\" title=\"La Uni\u00f3 Musical Santa Cecilia de Villar estrena el Concert per a fliscorno i banda de Manuel Bernal en el seu concert de Santa Cecilia\">[+] <\/a><\/div>\n","protected":false},"author":12,"featured_media":285817,"comment_status":"open","ping_status":"open","sticky":false,"template":"","format":"standard","meta":{"footnotes":""},"categories":[11019,11005,11046,10894,11007,10896,11029],"tags":[11080,11253,11119],"class_list":{"0":"post-285818","1":"post","2":"type-post","3":"status-publish","4":"format-standard","5":"has-post-thumbnail","7":"category-agenda-ca","8":"category-canal-musica","9":"category-los-serranos-ca","10":"category-la-comarca-ca","11":"category-ocio-y-cultura-ca","12":"category-seccion-ca","13":"category-villar-del-arzobispo-ca","14":"tag-los-serranos-ca","15":"tag-umsc-de-villar-del-arzobispo-ca","16":"tag-villar-del-arzobispo-ca"},"_links":{"self":[{"href":"https:\/\/www.tucomarca.com\/wordpress\/segunda\/ca\/wp-json\/wp\/v2\/posts\/285818","targetHints":{"allow":["GET"]}}],"collection":[{"href":"https:\/\/www.tucomarca.com\/wordpress\/segunda\/ca\/wp-json\/wp\/v2\/posts"}],"about":[{"href":"https:\/\/www.tucomarca.com\/wordpress\/segunda\/ca\/wp-json\/wp\/v2\/types\/post"}],"author":[{"embeddable":true,"href":"https:\/\/www.tucomarca.com\/wordpress\/segunda\/ca\/wp-json\/wp\/v2\/users\/12"}],"replies":[{"embeddable":true,"href":"https:\/\/www.tucomarca.com\/wordpress\/segunda\/ca\/wp-json\/wp\/v2\/comments?post=285818"}],"version-history":[{"count":0,"href":"https:\/\/www.tucomarca.com\/wordpress\/segunda\/ca\/wp-json\/wp\/v2\/posts\/285818\/revisions"}],"wp:featuredmedia":[{"embeddable":true,"href":"https:\/\/www.tucomarca.com\/wordpress\/segunda\/ca\/wp-json\/wp\/v2\/media\/285817"}],"wp:attachment":[{"href":"https:\/\/www.tucomarca.com\/wordpress\/segunda\/ca\/wp-json\/wp\/v2\/media?parent=285818"}],"wp:term":[{"taxonomy":"category","embeddable":true,"href":"https:\/\/www.tucomarca.com\/wordpress\/segunda\/ca\/wp-json\/wp\/v2\/categories?post=285818"},{"taxonomy":"post_tag","embeddable":true,"href":"https:\/\/www.tucomarca.com\/wordpress\/segunda\/ca\/wp-json\/wp\/v2\/tags?post=285818"}],"curies":[{"name":"wp","href":"https:\/\/api.w.org\/{rel}","templated":true}]}}