{"id":285904,"date":"2025-11-20T12:00:00","date_gmt":"2025-11-20T11:00:00","guid":{"rendered":"https:\/\/www.tucomarca.com\/wordpress\/segunda\/?p=285904"},"modified":"2025-11-20T23:05:08","modified_gmt":"2025-11-20T22:05:08","slug":"susana-camarero-anuncia-la-convocatoria-dajudes-del-pla-especial-viu-municipis-dana-per-a-la-compra-dhabitatge-en-localitats-afectades","status":"publish","type":"post","link":"https:\/\/www.tucomarca.com\/wordpress\/segunda\/ca\/susana-camarero-anuncia-la-convocatoria-dajudes-del-pla-especial-viu-municipis-dana-per-a-la-compra-dhabitatge-en-localitats-afectades\/","title":{"rendered":"Susana Camarero anuncia la convocat\u00f2ria d&#8217;ajudes del pla especial \u2018Viu municipis DANA\u2019 per a la compra d&#8217;habitatge en localitats afectades"},"content":{"rendered":"\n<h3 class=\"wp-block-heading\">La vicepresidenta primera recorda que s\u00f3n subvencions destinades a les persones que van perdre la seua casa o que van patir danys greus o estructurals, perqu\u00e8 \u201cpuguen tornar a tindre una llar i reconstruir el seu projecte de vida\u201d.<\/h3>\n\n\n\n<h3 class=\"wp-block-heading\">Les ajudes subvencionen fins al 10% del cost d&#8217;adquisici\u00f3 amb un m\u00e0xim de 20.000 euros.<\/h3>\n\n\n\n<p>La vicepresidenta primera i consellera de Serveis Socials, Igualtat i Habitatge, Susana Camarero, ha subratllat que les ajudes per a la compra d&#8217;habitatge en municipis afectats per la DANA \u201cofereixen una resposta a les persones que van perdre la seua casa perqu\u00e8 puguen tornar a tindre una llar i reconstruir el seu projecte de vida\u201d.\u00a0<\/p>\n\n\n\n<p>El Diari Oficial de la Generalitat Valenciana (DOGV) ha publicat la convocat\u00f2ria d&#8217;aquestes ajudes del pla especial \u2018Viu municipis dana\u2019, destinades a subvencionar la compra d&#8217;habitatges en les localitats afectades pel temporal de vent i pluges del 29 d&#8217;octubre de 2024.&nbsp;<\/p>\n\n\n\n<p>El pressupost total \u00e9s de 30 milions d&#8217;euros, i la primera convocat\u00f2ria en 2025 es convoca per 3 milions d&#8217;euros, que, segons ha explicat Cambrer, permetran finan\u00e7ar \u201cel 10% del preu d&#8217;adquisici\u00f3 d&#8217;un habitatge ja constru\u00eft en els municipis afectats, amb un l\u00edmit de 20.000 euros per llar\u201d.&nbsp;<\/p>\n\n\n\n<p>Per a poder ser benefici\u00e0ries, les persones sol\u00b7licitants havien de residir en els municipis afectats en el moment del temporal i haver adquirit un nou habitatge per a atendre les seues necessitats residencials, sempre que l&#8217;anterior haguera resultat destru\u00efda o afectada greu o estructuralment, circumst\u00e0ncia que haur\u00e0 d&#8217;acreditar-se mitjan\u00e7ant informe t\u00e8cnic.<\/p>\n\n\n\n<p>Les ajudes compten amb requisits econ\u00f2mics, de manera que les persones benefici\u00e0ries han de tindre ingressos situats entre 1,5 i 6,5 vegades l&#8217;Indicador P\u00fablic de Renda d&#8217;Efectes M\u00faltiples (IPREM) i no disposar d&#8217;un altre habitatge a menys de 30 quil\u00f2metres de l&#8217;afectada, excepte el propi habitatge danyat.&nbsp;<\/p>\n\n\n\n<p>El nou habitatge haur\u00e0 de destinar-se a resid\u00e8ncia habitual i permanent durant un m\u00ednim de deu anys, amb obligaci\u00f3 d&#8217;empadronament en un termini de tres mesos des de la concessi\u00f3 i la incorporaci\u00f3 en l&#8217;escriptura de compravenda de les condicions associades a la subvenci\u00f3.<\/p>\n\n\n\n<p>Les ajudes podran sol\u00b7licitar-se durant deu dies h\u00e0bils a partir de l&#8217;endem\u00e0 de la publicaci\u00f3 de la convocat\u00f2ria en el DOGV i l&#8217;ordre de resoluci\u00f3 de les mateixes ser\u00e0 per presentaci\u00f3 de sol\u00b7licituds.&nbsp;<\/p>\n\n\n\n<p>La tramitaci\u00f3 pot realitzar-se de manera telem\u00e0tica a trav\u00e9s de la seu electr\u00f2nica de la Generalitat o presencialment, en els registres habilitats per a aix\u00f2. Els llistats provisionals i definitius de sol\u00b7licituds admeses i denegades es publicaran en la seu electr\u00f2nica i en la p\u00e0gina web de la Conselleria de Serveis Socials, Igualtat i Habitatge.<\/p>\n\n\n\n<figure class=\"wp-block-image size-large\"><img loading=\"lazy\" decoding=\"async\" width=\"819\" height=\"1024\" src=\"http:\/\/www.tucomarca.com\/wordpress\/segunda\/wp-content\/uploads\/2025\/11\/GVAvivendasDANA-819x1024.jpeg\" alt=\"\" class=\"wp-image-285900\" srcset=\"https:\/\/www.tucomarca.com\/wordpress\/segunda\/wp-content\/uploads\/2025\/11\/GVAvivendasDANA-819x1024.jpeg 819w, https:\/\/www.tucomarca.com\/wordpress\/segunda\/wp-content\/uploads\/2025\/11\/GVAvivendasDANA-240x300.jpeg 240w, https:\/\/www.tucomarca.com\/wordpress\/segunda\/wp-content\/uploads\/2025\/11\/GVAvivendasDANA-768x960.jpeg 768w, https:\/\/www.tucomarca.com\/wordpress\/segunda\/wp-content\/uploads\/2025\/11\/GVAvivendasDANA.jpeg 1080w\" sizes=\"auto, (max-width: 819px) 100vw, 819px\" \/><\/figure>\n","protected":false},"excerpt":{"rendered":"<div class=\"mh-excerpt\">La vicepresidenta primera recorda que s\u00f3n subvencions destinades a les persones que van perdre la seua casa o que van patir danys greus o estructurals, perqu\u00e8 \u201cpuguen tornar a tindre una llar i reconstruir el <a class=\"mh-excerpt-more\" href=\"https:\/\/www.tucomarca.com\/wordpress\/segunda\/ca\/susana-camarero-anuncia-la-convocatoria-dajudes-del-pla-especial-viu-municipis-dana-per-a-la-compra-dhabitatge-en-localitats-afectades\/\" title=\"Susana Camarero anuncia la convocat\u00f2ria d&#8217;ajudes del pla especial \u2018Viu municipis DANA\u2019 per a la compra d&#8217;habitatge en localitats afectades\">[+] <\/a><\/div>\n","protected":false},"author":1,"featured_media":285901,"comment_status":"open","ping_status":"open","sticky":false,"template":"","format":"standard","meta":{"footnotes":""},"categories":[21466,10898,10948,10894,10904,10903,10947,10896,10897],"tags":[13821,15409,11199],"class_list":{"0":"post-285904","1":"post","2":"type-post","3":"status-publish","4":"format-standard","5":"has-post-thumbnail","7":"category-dana-ca","8":"category-ventana-ca","9":"category-infraestructuras-ca","10":"category-la-comarca-ca","11":"category-sin-categorizar-ca","12":"category-medio-ambiente-la-comarca-ca","13":"category-politica","14":"category-seccion-ca","15":"category-sucesos-la-comarca-ca","16":"tag-ayudas-ca","17":"tag-dana-2-ca","18":"tag-la-comunitat-ca"},"_links":{"self":[{"href":"https:\/\/www.tucomarca.com\/wordpress\/segunda\/ca\/wp-json\/wp\/v2\/posts\/285904","targetHints":{"allow":["GET"]}}],"collection":[{"href":"https:\/\/www.tucomarca.com\/wordpress\/segunda\/ca\/wp-json\/wp\/v2\/posts"}],"about":[{"href":"https:\/\/www.tucomarca.com\/wordpress\/segunda\/ca\/wp-json\/wp\/v2\/types\/post"}],"author":[{"embeddable":true,"href":"https:\/\/www.tucomarca.com\/wordpress\/segunda\/ca\/wp-json\/wp\/v2\/users\/1"}],"replies":[{"embeddable":true,"href":"https:\/\/www.tucomarca.com\/wordpress\/segunda\/ca\/wp-json\/wp\/v2\/comments?post=285904"}],"version-history":[{"count":0,"href":"https:\/\/www.tucomarca.com\/wordpress\/segunda\/ca\/wp-json\/wp\/v2\/posts\/285904\/revisions"}],"wp:featuredmedia":[{"embeddable":true,"href":"https:\/\/www.tucomarca.com\/wordpress\/segunda\/ca\/wp-json\/wp\/v2\/media\/285901"}],"wp:attachment":[{"href":"https:\/\/www.tucomarca.com\/wordpress\/segunda\/ca\/wp-json\/wp\/v2\/media?parent=285904"}],"wp:term":[{"taxonomy":"category","embeddable":true,"href":"https:\/\/www.tucomarca.com\/wordpress\/segunda\/ca\/wp-json\/wp\/v2\/categories?post=285904"},{"taxonomy":"post_tag","embeddable":true,"href":"https:\/\/www.tucomarca.com\/wordpress\/segunda\/ca\/wp-json\/wp\/v2\/tags?post=285904"}],"curies":[{"name":"wp","href":"https:\/\/api.w.org\/{rel}","templated":true}]}}