{"id":285923,"date":"2025-11-20T09:20:00","date_gmt":"2025-11-20T08:20:00","guid":{"rendered":"https:\/\/www.tucomarca.com\/wordpress\/segunda\/?p=285923"},"modified":"2025-11-20T23:01:19","modified_gmt":"2025-11-20T22:01:19","slug":"fsmcv-llanca-noves-ajudes-per-a-les-escoles-afectades-per-la-dana-i-fa-balanc-de-lany-de-reconstruccio","status":"publish","type":"post","link":"https:\/\/www.tucomarca.com\/wordpress\/segunda\/ca\/fsmcv-llanca-noves-ajudes-per-a-les-escoles-afectades-per-la-dana-i-fa-balanc-de-lany-de-reconstruccio\/","title":{"rendered":"FSMCV llan\u00e7a noves ajudes per a les escoles afectades per la DANA i fa balan\u00e7 de l&#8217;any de reconstrucci\u00f3"},"content":{"rendered":"\n<h3 class=\"wp-block-heading\">Prop de 4.000 alumnes es voran beneficiats \u00b7 Des de la cat\u00e1strofe, la Federaci\u00f3 ha recabdat 1,5 millions d&#8217;euros provinents d&#8217;institucions p\u00fabliques, privades i particulars, destinats a recuperar les agrupacions afectades<\/h3>\n\n\n\n<p>Despr\u00e9s de la cat\u00e0strofe va arribar la solidaritat. El mes de Santa Cec\u00edlia de 2024 va ser el de l&#8217;inici d&#8217;una costosa restauraci\u00f3 d&#8217;aquelles societats musicals que m\u00e9s van patir els efectes de l&#8217;aigua i el fang. Un any despr\u00e9s, en els dies en qu\u00e8 el col\u00b7lectiu torna a celebrar Santa Cec\u00edlia, la Federaci\u00f3 de Societats Musicals de la Comunitat Valenciana (FSMCV) demostra el cam\u00ed a seguir al mateix temps que fa balan\u00e7 de l&#8217;aconseguit.<\/p>\n\n\n\n<p>La FSMCV llan\u00e7a noves ajudes destinades a fer costat a les agrupacions m\u00e9s afectades. La xifra ascendeix a 349.600 euros entre 23 escoles de m\u00fasica \u201315.200 euros a cadascuna d&#8217;elles\u2013, amb l&#8217;objectiu de contribuir a la reactivaci\u00f3 de l&#8217;activitat educativa i fer costat a l&#8217;alumnat i a les fam\u00edlies que m\u00e9s han patit les conseq\u00fc\u00e8ncies de la cat\u00e0strofe.<\/p>\n\n\n\n<p>Prop de 4.000 alumnes podran beneficiar-se de mesures de suport directe durant el curs. Estes ajudes se sumen a la resta d&#8217;accions impulsades des de la Federaci\u00f3 per a acompanyar a les societats musicals damnificades i garantir la continu\u00eftat de la seua activitat cultural i formativa.<\/p>\n\n\n\n<p><strong>Un any de solidaritat: quasi 1,5 milions destinats a la reconstrucci\u00f3<\/strong><\/p>\n\n\n\n<p>Despr\u00e9s d&#8217;un any complet de recaptaci\u00f3 i gesti\u00f3 de recursos, la FSMCV presenta el balan\u00e7 global del projecte solidari de suport a les societats musicals afectades per la DANA.<\/p>\n\n\n\n<p>En total, s&#8217;han repartit 1.493.198,57 euros, procedents de donacions privades, aportacions institucionals i col\u00b7laboracions ciutadanes.<\/p>\n\n\n\n<p>Del total mobilitzat:<\/p>\n\n\n\n<ul class=\"wp-block-list\">\n<li>480.192,49 \u20ac (32%) corresponen a donacions en esp\u00e8cie, principalment instrumental.<\/li>\n\n\n\n<li>1.013.006,08 \u20ac (68%) s\u00f3n donacions econ\u00f2miques, destinades a afrontar danys en infraestructures, adquirir equipament i donar suport a la continu\u00eftat de les escoles de m\u00fasica.<\/li>\n<\/ul>\n\n\n\n<p>Es tracta d&#8217;una mobilitzaci\u00f3 hist\u00f2rica que ha perm\u00e9s que la comunitat musical valenciana \u2014societats, institucions p\u00fabliques, empreses i ciutadania\u2014 s&#8217;unisca per a sostindre a les agrupacions m\u00e9s afectades i garantir la seua recuperaci\u00f3.<\/p>\n\n\n\n<p><strong>Comprom\u00eds amb el teixit musical valenci\u00e0<\/strong><\/p>\n\n\n\n<p>La DANA va suposar un colp sense precedents per a desenes de societats musicals. Des del primer moment, la FSMCV va activar un operatiu de suport, canalitzaci\u00f3 de recursos i acompanyament a les entitats damnificades. Este primer any de treball demostra el paper essencial de la Federaci\u00f3 com a estructura de cohesi\u00f3 i resist\u00e8ncia cultural.<\/p>\n\n\n\n<p>Les noves ajudes anunciades en el mes de Santa Cec\u00edlia reforcen el comprom\u00eds i assenyalen la voluntat de continuar al costat de les escoles de m\u00fasica i de les fam\u00edlies en els territoris m\u00e9s castigats.<\/p>\n","protected":false},"excerpt":{"rendered":"<div class=\"mh-excerpt\">Prop de 4.000 alumnes es voran beneficiats \u00b7 Des de la cat\u00e1strofe, la Federaci\u00f3 ha recabdat 1,5 millions d&#8217;euros provinents d&#8217;institucions p\u00fabliques, privades i particulars, destinats a recuperar les agrupacions afectades Despr\u00e9s de la cat\u00e0strofe <a class=\"mh-excerpt-more\" href=\"https:\/\/www.tucomarca.com\/wordpress\/segunda\/ca\/fsmcv-llanca-noves-ajudes-per-a-les-escoles-afectades-per-la-dana-i-fa-balanc-de-lany-de-reconstruccio\/\" title=\"FSMCV llan\u00e7a noves ajudes per a les escoles afectades per la DANA i fa balan\u00e7 de l&#8217;any de reconstrucci\u00f3\">[+] <\/a><\/div>\n","protected":false},"author":12,"featured_media":285920,"comment_status":"open","ping_status":"open","sticky":false,"template":"","format":"standard","meta":{"footnotes":""},"categories":[11005,21466,10894,10904,11007,10896],"tags":[23394,15409,11210],"class_list":{"0":"post-285923","1":"post","2":"type-post","3":"status-publish","4":"format-standard","5":"has-post-thumbnail","7":"category-canal-musica","8":"category-dana-ca","9":"category-la-comarca-ca","10":"category-sin-categorizar-ca","11":"category-ocio-y-cultura-ca","12":"category-seccion-ca","13":"tag-ayudas-a-escuelas-de-musica-ca","14":"tag-dana-2-ca","15":"tag-fsmcv-ca"},"_links":{"self":[{"href":"https:\/\/www.tucomarca.com\/wordpress\/segunda\/ca\/wp-json\/wp\/v2\/posts\/285923","targetHints":{"allow":["GET"]}}],"collection":[{"href":"https:\/\/www.tucomarca.com\/wordpress\/segunda\/ca\/wp-json\/wp\/v2\/posts"}],"about":[{"href":"https:\/\/www.tucomarca.com\/wordpress\/segunda\/ca\/wp-json\/wp\/v2\/types\/post"}],"author":[{"embeddable":true,"href":"https:\/\/www.tucomarca.com\/wordpress\/segunda\/ca\/wp-json\/wp\/v2\/users\/12"}],"replies":[{"embeddable":true,"href":"https:\/\/www.tucomarca.com\/wordpress\/segunda\/ca\/wp-json\/wp\/v2\/comments?post=285923"}],"version-history":[{"count":0,"href":"https:\/\/www.tucomarca.com\/wordpress\/segunda\/ca\/wp-json\/wp\/v2\/posts\/285923\/revisions"}],"wp:featuredmedia":[{"embeddable":true,"href":"https:\/\/www.tucomarca.com\/wordpress\/segunda\/ca\/wp-json\/wp\/v2\/media\/285920"}],"wp:attachment":[{"href":"https:\/\/www.tucomarca.com\/wordpress\/segunda\/ca\/wp-json\/wp\/v2\/media?parent=285923"}],"wp:term":[{"taxonomy":"category","embeddable":true,"href":"https:\/\/www.tucomarca.com\/wordpress\/segunda\/ca\/wp-json\/wp\/v2\/categories?post=285923"},{"taxonomy":"post_tag","embeddable":true,"href":"https:\/\/www.tucomarca.com\/wordpress\/segunda\/ca\/wp-json\/wp\/v2\/tags?post=285923"}],"curies":[{"name":"wp","href":"https:\/\/api.w.org\/{rel}","templated":true}]}}