{"id":285932,"date":"2025-11-20T12:30:00","date_gmt":"2025-11-20T11:30:00","guid":{"rendered":"https:\/\/www.tucomarca.com\/wordpress\/segunda\/?p=285932"},"modified":"2025-11-21T09:26:00","modified_gmt":"2025-11-21T08:26:00","slug":"justicia-reclama-al-govern-la-constitucio-de-la-cinquena-unitat-judicial-a-carlet-creada-en-2010","status":"publish","type":"post","link":"https:\/\/www.tucomarca.com\/wordpress\/segunda\/ca\/justicia-reclama-al-govern-la-constitucio-de-la-cinquena-unitat-judicial-a-carlet-creada-en-2010\/","title":{"rendered":"Just\u00edcia reclama al Govern la constituci\u00f3 de la cinquena unitat judicial a Carlet, creada en 2010"},"content":{"rendered":"\n<h3 class=\"wp-block-heading\">Des de 2023 la conselleria ha sol\u00b7licitat en dues ocasions al Govern central la constituci\u00f3 d&#8217;aquesta nova unitat judicial<\/h3>\n\n\n\n<h3 class=\"wp-block-heading\">Nuria Mart\u00ednez visita la seu judicial de Carlet<\/h3>\n\n\n\n<p>La consellera de Just\u00edcia i Administraci\u00f3 P\u00fablica, Nuria Mart\u00ednez, ha reclamat al Govern d&#8217;Espanya \u201cla constituci\u00f3 de la cinquena unitat judicial a Carlet, creada en 2010, i que va ser suspesa en 2011, per a aix\u00ed fer front amb efic\u00e0cia a la sobrec\u00e0rrega i als canvis derivats de la implementaci\u00f3 de la Llei org\u00e0nica 1\/2025 de mesures en mat\u00e8ria d&#8217;efici\u00e8ncia del Servei P\u00fablic de Just\u00edcia\u201d.<\/p>\n\n\n\n<p>En aquest sentit, la consellera ha explicat que en el segon semestre de 2025 la taxa de congesti\u00f3 ha augmentat un 34,6% respecte al mateix per\u00edode de l&#8217;any anterior, sobretot en la jurisdicci\u00f3 Penal, i la taxa de batussa ha crescut un 55,5%.<\/p>\n\n\n\n<p>La titular de Just\u00edcia i Administraci\u00f3 P\u00fablica ha visitat la seu judicial de Carlet, on ha pogut con\u00e9ixer de primera m\u00e0 les necessitats del personal de l&#8217;Administraci\u00f3 de Just\u00edcia, quant a la implementaci\u00f3 de la nova Llei org\u00e0nica 1\/2025 i el volum de treball dels jutjats que operen en aquesta seu.<\/p>\n\n\n\n<figure class=\"wp-block-image size-large\"><img loading=\"lazy\" decoding=\"async\" width=\"1024\" height=\"691\" src=\"http:\/\/www.tucomarca.com\/wordpress\/segunda\/wp-content\/uploads\/2025\/11\/JusticiaCarlet2-1024x691.jpg\" alt=\"\" class=\"wp-image-285929\" srcset=\"https:\/\/www.tucomarca.com\/wordpress\/segunda\/wp-content\/uploads\/2025\/11\/JusticiaCarlet2-1024x691.jpg 1024w, https:\/\/www.tucomarca.com\/wordpress\/segunda\/wp-content\/uploads\/2025\/11\/JusticiaCarlet2-300x202.jpg 300w, https:\/\/www.tucomarca.com\/wordpress\/segunda\/wp-content\/uploads\/2025\/11\/JusticiaCarlet2-768x518.jpg 768w, https:\/\/www.tucomarca.com\/wordpress\/segunda\/wp-content\/uploads\/2025\/11\/JusticiaCarlet2.jpg 1181w\" sizes=\"auto, (max-width: 1024px) 100vw, 1024px\" \/><\/figure>\n\n\n\n<p>Nuria Mart\u00ednez ha recordat que \u201cdes de l&#8217;any 2023 la Generalitat ha sol\u00b7licitat en dues ocasions al Govern central la constituci\u00f3 d&#8217;una cinquena unitat judicial a Carlet, per la qual cosa demanem d&#8217;una vegada que s&#8217;atenga la nostra sol\u00b7licitud,perqu\u00e8 es tracta d&#8217;una reivindicaci\u00f3 antiga, necess\u00e0ria i molt objectivable, que podria posar-se en marxa amb una m\u00ednima inversi\u00f3, ja que ja comptem amb l&#8217;espai necessari\u201d.<\/p>\n\n\n\n<p>De fet, tal com consta en els Informes Especials de la Mem\u00f2ria del TSJCV de 2024, es considera necess\u00e0ria la seua implantaci\u00f3, \u201cperqu\u00e8 com pot comprovar-se, l&#8217;ascens d&#8217;assumptes civils i penals \u00e9s not\u00f2ria i \u00e9s inviable oferir una resposta en un temps raonable, demorant-se la tramitaci\u00f3 d&#8217;assumptes i el dictat de resolucions\u201d.<\/p>\n","protected":false},"excerpt":{"rendered":"<div class=\"mh-excerpt\">Des de 2023 la conselleria ha sol\u00b7licitat en dues ocasions al Govern central la constituci\u00f3 d&#8217;aquesta nova unitat judicial Nuria Mart\u00ednez visita la seu judicial de Carlet La consellera de Just\u00edcia i Administraci\u00f3 P\u00fablica, Nuria <a class=\"mh-excerpt-more\" href=\"https:\/\/www.tucomarca.com\/wordpress\/segunda\/ca\/justicia-reclama-al-govern-la-constitucio-de-la-cinquena-unitat-judicial-a-carlet-creada-en-2010\/\" title=\"Just\u00edcia reclama al Govern la constituci\u00f3 de la cinquena unitat judicial a Carlet, creada en 2010\">[+] <\/a><\/div>\n","protected":false},"author":12,"featured_media":285928,"comment_status":"open","ping_status":"open","sticky":false,"template":"","format":"standard","meta":{"footnotes":""},"categories":[10990,10898,10948,10894,10902,10947,10896],"tags":[11082,23396,11356],"class_list":{"0":"post-285932","1":"post","2":"type-post","3":"status-publish","4":"format-standard","5":"has-post-thumbnail","7":"category-carlet-ca","8":"category-ventana-ca","9":"category-infraestructuras-ca","10":"category-la-comarca-ca","11":"category-la-ribera-ca","12":"category-politica","13":"category-seccion-ca","14":"tag-carlet-ca","15":"tag-juzgados-de-carlet-ca","16":"tag-ribera-alta-ca"},"_links":{"self":[{"href":"https:\/\/www.tucomarca.com\/wordpress\/segunda\/ca\/wp-json\/wp\/v2\/posts\/285932","targetHints":{"allow":["GET"]}}],"collection":[{"href":"https:\/\/www.tucomarca.com\/wordpress\/segunda\/ca\/wp-json\/wp\/v2\/posts"}],"about":[{"href":"https:\/\/www.tucomarca.com\/wordpress\/segunda\/ca\/wp-json\/wp\/v2\/types\/post"}],"author":[{"embeddable":true,"href":"https:\/\/www.tucomarca.com\/wordpress\/segunda\/ca\/wp-json\/wp\/v2\/users\/12"}],"replies":[{"embeddable":true,"href":"https:\/\/www.tucomarca.com\/wordpress\/segunda\/ca\/wp-json\/wp\/v2\/comments?post=285932"}],"version-history":[{"count":0,"href":"https:\/\/www.tucomarca.com\/wordpress\/segunda\/ca\/wp-json\/wp\/v2\/posts\/285932\/revisions"}],"wp:featuredmedia":[{"embeddable":true,"href":"https:\/\/www.tucomarca.com\/wordpress\/segunda\/ca\/wp-json\/wp\/v2\/media\/285928"}],"wp:attachment":[{"href":"https:\/\/www.tucomarca.com\/wordpress\/segunda\/ca\/wp-json\/wp\/v2\/media?parent=285932"}],"wp:term":[{"taxonomy":"category","embeddable":true,"href":"https:\/\/www.tucomarca.com\/wordpress\/segunda\/ca\/wp-json\/wp\/v2\/categories?post=285932"},{"taxonomy":"post_tag","embeddable":true,"href":"https:\/\/www.tucomarca.com\/wordpress\/segunda\/ca\/wp-json\/wp\/v2\/tags?post=285932"}],"curies":[{"name":"wp","href":"https:\/\/api.w.org\/{rel}","templated":true}]}}