{"id":285973,"date":"2025-11-21T09:00:00","date_gmt":"2025-11-21T08:00:00","guid":{"rendered":"https:\/\/www.tucomarca.com\/wordpress\/segunda\/?p=285973"},"modified":"2025-11-21T21:07:53","modified_gmt":"2025-11-21T20:07:53","slug":"un-total-de-12-societats-musicals-participaran-en-el-49-certamen-de-bandes-de-la-diputacio-de-valencia","status":"publish","type":"post","link":"https:\/\/www.tucomarca.com\/wordpress\/segunda\/ca\/un-total-de-12-societats-musicals-participaran-en-el-49-certamen-de-bandes-de-la-diputacio-de-valencia\/","title":{"rendered":"Un total de 12 societats musicals participaran en el 49 Certamen de Bandes de la Diputaci\u00f3 de Val\u00e8ncia"},"content":{"rendered":"\n<h3 class=\"wp-block-heading\">La corporaci\u00f3 provincial ha celebrat el sorteig que fixa l&#8217;orde d&#8217;intervenci\u00f3 de les societats musicals per al certamen del 2026, que se celebrar\u00e0 els dies 2 i 3 de maig en el Palau de la M\u00fasica de Val\u00e8ncia.<\/h3>\n\n\n\n<h3 class=\"wp-block-heading\">El diputat delegat de Bandes de M\u00fasica, Ricardo Gabald\u00f3n, destaca la bona acollida d&#8217;un certamen que &#8220;prompte celebrar\u00e0 el seu primer mig segle fomentant el coneixement i la difusi\u00f3 de la m\u00fasica de banda&#8221;.<\/h3>\n\n\n\n<p>La Diputaci\u00f3 de Val\u00e8ncia ha celebrat el sorteig que fixa l&#8217;orde d&#8217;intervenci\u00f3 de les agrupacions musicals participants en el 49 Certamen Provincial de Bandes. L&#8217;acte, que va tindre lloc la vesprada d&#8217;ahir dimecres en la seu de la corporaci\u00f3 provincial, va estar presidit pel diputat delegat de Bandes de M\u00fasica, Ricardo Gabald\u00f3n, i va comptar amb la participaci\u00f3 del president de la Diputaci\u00f3 de Val\u00e8ncia, Vicent Momp\u00f3; el president provincial de la Federaci\u00f3 de Societats Musicals de la Comunitat Valenciana, Joan Bocanegra; el responsable del servici de Cultura de la Diputaci\u00f3, Josep Joan Vidal, que va exercir com a secretari del sorteig; aix\u00ed com representants de les societats participants.&nbsp;<\/p>\n\n\n\n<p>El diputat Ricardo Gabald\u00f3n ha assenyalat que el certamen, &#8220;una trobada en la qual la m\u00fasica de banda \u00e9s la gran protagonista, ha agafat molt d&#8217;impuls&#8221;. Aix\u00ed mateix, ha destacat que esta convocat\u00f2ria, la 49a, ha tingut una repercussi\u00f3 &#8220;molt important&#8221;. Gabald\u00f3n tamb\u00e9 ha animat a les bandes de m\u00fasica de la prov\u00edncia a presentar-se a la pr\u00f2xima edici\u00f3 del certamen, que prompte celebrar\u00e0 el seu primer mig segle &#8220;fomentant el coneixement i la difusi\u00f3 de la m\u00fasica de banda&#8221;, apunta.<\/p>\n\n\n\n<p><strong>Una cita en el Palau de la M\u00fasica&nbsp;<\/strong><\/p>\n\n\n\n<p>Un total de 12 societats musicals participaran en el 49 Certamen de Bandes de la Diputaci\u00f3, al qual s&#8217;han presentat un total de 16 bandes de m\u00fasica. Aix\u00ed, la trobada, que se celebrar\u00e0 els dies 2 i 3 de maig en el Palau de la M\u00fasica de Val\u00e8ncia, est\u00e0 dividida en quatre seccions que van de Primera a Quarta en funci\u00f3 de la quantitat de m\u00fasics que integra cada banda. Aix\u00ed, en la Secci\u00f3 Primera, que \u00e9s la m\u00e9s nombrosa, participen fins a 90 persones; fins a 70 en la Secci\u00f3 Segona; no m\u00e9s de 50 en la Secci\u00f3 Tercera; i un l\u00edmit de 40 en la Secci\u00f3 Quarta.<\/p>\n\n\n\n<p>La prova consistir\u00e0 en la interpretaci\u00f3 de tres obres per cada banda, una inicial de calfament, una de lliure elecci\u00f3 i una altra obligada, que haur\u00e0 d&#8217;executar-se, en primer lloc, d&#8217;acord amb la secci\u00f3 en la qual participe cada societat. Les obres obligades seran, en Secci\u00f3 Primera, <em>Reminisc\u00e8ncies<\/em>, de Josep Vicent Egea; en Secci\u00f3 Segona, <em>Fantasia Muladiana<\/em>, de Jos\u00e9 Mar\u00eda Ferrero; en Secci\u00f3 Tercera, <em>Terres de somnis<\/em>, de Rafael Dom\u00e9nech; i en Secci\u00f3 Quarta, <em>Xerebulta<\/em>, una composici\u00f3 de Gaspar Genov\u00e9s que s&#8217;ha elaborat expressament i s&#8217;interpretar\u00e0 per primera vegada en el Certamen de Bandes de 2026.&nbsp;<\/p>\n\n\n\n<p>Les bandes que han quedat en reserva en les seccions Primera, Segona i Tercera podran participar en el Certamen de 2027, sempre que ho sol\u00b7liciten formalment, una vegada publicada la convocat\u00f2ria corresponent.<\/p>\n\n\n\n<p><strong>Orde d&#8217;actuaci\u00f3<\/strong><\/p>\n\n\n\n<p>En la Secci\u00f3 Quarta, per a agrupacions de fins a 40 m\u00fasics, participaran tres bandes de la prov\u00edncia. La Uni\u00f3 Musical San Roque de Villargordo del Cabriel obrir\u00e0 la secci\u00f3, seguida de la Agrupaci\u00f3n Musical San Isidro de Val\u00e8ncia, i la Asociaci\u00f3n &#8220;M\u00fasica Joven&#8221; de Val\u00e8ncia.&nbsp;<\/p>\n\n\n\n<p>En la Secci\u00f3 Tercera, per a bandes fins a 50 m\u00fasics, concursar\u00e0, en primer lloc, l&#8217;Agrupaci\u00f3 Musical Santa Cec\u00edlia d&#8217;Ador; seguida de la Uni\u00f3 Musical de Moncada; i la Uni\u00f3 Art\u00edstica Musical de Vilamarxant. La Banda Juvenil del C\u00edrculo Cat\u00f3lico de Torrent ser\u00e0 la reserva que t\u00e9 garantida la seua participaci\u00f3 en la pr\u00f2xima edici\u00f3 del certamen.<\/p>\n\n\n\n<p>En la Secci\u00f3 Segona, amb associacions musicals de fins a 70 integrants, la Societat Musical de Quartell ser\u00e0 la primera a intervindre. A continuaci\u00f3, la Sociedad Instructiva del Obrero Agr\u00edcola Musical de Benim\u00e0met (Val\u00e8ncia), i la Banda Simf\u00f2nica &#8220;Tot per la m\u00fasica&#8221; d&#8217;Ontinyent; com a reserva i amb la participaci\u00f3 assegurada per a 2027, la Uni\u00f3 Musical de Benicadell de Castell\u00f3 de Rugat.&nbsp;<\/p>\n\n\n\n<p>Finalment, la Secci\u00f3 Primera, la m\u00e9s nombrosa, en la qual participen societats de fins a 90 persones, l&#8217;obrir\u00e0 l&#8217;Associaci\u00f3 Uni\u00f3 Musical de Bocairent. La segona a participar ser\u00e0 la societat musical Lira i Casino Carcaixent\u00ed S.M.R. de Carcaixent; i finalment, la Uni\u00f3 Musical de Benaguasil. La reserva en la m\u00e0xima categoria ser\u00e0 la Sociedad Musical La Paz de Siete Aguas, que tindr\u00e0 assegurada la seua pres\u00e8ncia en el certamen de 2027.<\/p>\n\n\n\n<p><\/p>\n","protected":false},"excerpt":{"rendered":"<div class=\"mh-excerpt\">La corporaci\u00f3 provincial ha celebrat el sorteig que fixa l&#8217;orde d&#8217;intervenci\u00f3 de les societats musicals per al certamen del 2026, que se celebrar\u00e0 els dies 2 i 3 de maig en el Palau de la <a class=\"mh-excerpt-more\" href=\"https:\/\/www.tucomarca.com\/wordpress\/segunda\/ca\/un-total-de-12-societats-musicals-participaran-en-el-49-certamen-de-bandes-de-la-diputacio-de-valencia\/\" title=\"Un total de 12 societats musicals participaran en el 49 Certamen de Bandes de la Diputaci\u00f3 de Val\u00e8ncia\">[+] <\/a><\/div>\n","protected":false},"author":12,"featured_media":285972,"comment_status":"open","ping_status":"open","sticky":false,"template":"","format":"standard","meta":{"footnotes":""},"categories":[10952,10892,11005,10898,10894,10904,10912,11007,10909,10896,10979,11059,10927,11061],"tags":[15674,12209,11246,10914,10910],"class_list":{"0":"post-285973","1":"post","2":"type-post","3":"status-publish","4":"format-standard","5":"has-post-thumbnail","7":"category-benaguasil-ca","8":"category-camp-de-turia-ca","9":"category-canal-musica","10":"category-ventana-ca","11":"category-la-comarca-ca","12":"category-sin-categorizar-ca","13":"category-la-hoya-ca","14":"category-ocio-y-cultura-ca","15":"category-requena-utiel-ca","16":"category-seccion-ca","17":"category-siete-aguas-ca","18":"category-utiel-ca","19":"category-vilamarxant-ca","20":"category-villargordo-del-cabriel-ca","21":"tag-camp-de-turia-2-ca","22":"tag-certamen-de-bandas-de-la-diputacio-ca","23":"tag-diputacio-de-valencia-ca","24":"tag-la-hoya-de-bunol-chiva-ca","25":"tag-requena-utiel-ca"},"_links":{"self":[{"href":"https:\/\/www.tucomarca.com\/wordpress\/segunda\/ca\/wp-json\/wp\/v2\/posts\/285973","targetHints":{"allow":["GET"]}}],"collection":[{"href":"https:\/\/www.tucomarca.com\/wordpress\/segunda\/ca\/wp-json\/wp\/v2\/posts"}],"about":[{"href":"https:\/\/www.tucomarca.com\/wordpress\/segunda\/ca\/wp-json\/wp\/v2\/types\/post"}],"author":[{"embeddable":true,"href":"https:\/\/www.tucomarca.com\/wordpress\/segunda\/ca\/wp-json\/wp\/v2\/users\/12"}],"replies":[{"embeddable":true,"href":"https:\/\/www.tucomarca.com\/wordpress\/segunda\/ca\/wp-json\/wp\/v2\/comments?post=285973"}],"version-history":[{"count":0,"href":"https:\/\/www.tucomarca.com\/wordpress\/segunda\/ca\/wp-json\/wp\/v2\/posts\/285973\/revisions"}],"wp:featuredmedia":[{"embeddable":true,"href":"https:\/\/www.tucomarca.com\/wordpress\/segunda\/ca\/wp-json\/wp\/v2\/media\/285972"}],"wp:attachment":[{"href":"https:\/\/www.tucomarca.com\/wordpress\/segunda\/ca\/wp-json\/wp\/v2\/media?parent=285973"}],"wp:term":[{"taxonomy":"category","embeddable":true,"href":"https:\/\/www.tucomarca.com\/wordpress\/segunda\/ca\/wp-json\/wp\/v2\/categories?post=285973"},{"taxonomy":"post_tag","embeddable":true,"href":"https:\/\/www.tucomarca.com\/wordpress\/segunda\/ca\/wp-json\/wp\/v2\/tags?post=285973"}],"curies":[{"name":"wp","href":"https:\/\/api.w.org\/{rel}","templated":true}]}}