{"id":285996,"date":"2025-11-21T11:45:00","date_gmt":"2025-11-21T10:45:00","guid":{"rendered":"https:\/\/www.tucomarca.com\/wordpress\/segunda\/?p=285996"},"modified":"2025-11-21T20:59:58","modified_gmt":"2025-11-21T19:59:58","slug":"fotogaleria-la-sm-la-artistica-de-bunyol-celebra-santa-cecilia-donant-la-benvinguda-als-seus-nous-musics","status":"publish","type":"post","link":"https:\/\/www.tucomarca.com\/wordpress\/segunda\/ca\/fotogaleria-la-sm-la-artistica-de-bunyol-celebra-santa-cecilia-donant-la-benvinguda-als-seus-nous-musics\/","title":{"rendered":"Fotogaler\u00eda: la SM &#8220;La Art\u00edstica&#8221; de Bunyol celebra Santa Cec\u00edlia donant la benvinguda als seus nous m\u00fasics"},"content":{"rendered":"\n<p>La Societat Musical <em>La Art\u00edstica<\/em> de Bunyol va viure un dies plens d\u2019emocions amb motiu de la celebraci\u00f3 de Santa Cec\u00edlia, en qu\u00e8 l\u2019Orquestra, la Banda Juvenil i la Banda Simf\u00f2nica van donar la benvinguda als nous int\u00e8rprets que s\u2019incorporen a les diferents formacions dels <em>Feos<\/em>.<\/p>\n\n\n\n<h3 class=\"wp-block-heading\"><strong>L\u2019Orquestra obri els actes amb un concert de benvinguda<\/strong><\/h3>\n\n\n\n<p>L\u2019Orquestra de la SM La Art\u00edstica va inaugurar la programaci\u00f3 dissabte passat amb un concert especial dirigit per <strong>Jaime Ald\u00e1s Ruiz<\/strong> i <strong>Domingo Arranz Blasco<\/strong>, que, a m\u00e9s, van rebre oficialment els nous m\u00fasics.<\/p>\n\n\n\n<p>En esta ocasi\u00f3 s\u2019incorporaren els violoncel\u00b7listes <strong>Marcial D\u00edaz Galarza, Mateu Pall\u00e1s L\u00f3pez, Kylian \u00c1lvarez Zan\u00f3n i Rudy \u00c1lvarez Zan\u00f3n<\/strong>; els violinistes <strong>Amparo Girald\u00f3s Pall\u00e1s, Jos\u00e9 Fogu\u00e9s Barrero i Alba Ren\u00e9e Rocha Rodr\u00edguez<\/strong>; i <strong>Mar\u00eda del Carmen Broch Valiente<\/strong> al contrabaix. Despr\u00e9s de la presentaci\u00f3, la formaci\u00f3 interpret\u00e0 obres com <em>Palladio<\/em>, <em>Cinema Paradiso<\/em> i <em>Tomorrow<\/em>, del musical <em>Annie<\/em>, amb la veu d\u2019<strong>Andrea Tar\u00edn Clemente<\/strong>, sota la direcci\u00f3 d\u2019Arranz. Tot seguit, Jaime Ald\u00e1s va prendre la batuta per oferir un recorregut per bandes sonores com <em>Shakespeare in Love<\/em>, <em>La La Land<\/em> i <em>Pirates del Carib<\/em>.<\/p>\n\n\n\n<h3 class=\"wp-block-heading\"><strong>La Banda Juvenil suma onze nous integrants<\/strong><\/h3>\n\n\n\n<p>Tamb\u00e9 dissabte tingu\u00e9 lloc el primer concert de Santa Cec\u00edlia per a la Banda Juvenil, dirigida per <strong>David Tar\u00edn D\u00edaz<\/strong>, que va donar la benvinguda a onze nous m\u00fasics:<br><strong>Ainhoa \u00c1lvarez Saez<\/strong> (percussi\u00f3), <strong>Mar Soliva Carre\u00f1o<\/strong> (piano), <strong>Lena Arce Abargues<\/strong> (flauta), <strong>Jorge Gol Perell\u00f3<\/strong> (bombard\u00ed), <strong>Christian Sebasti\u00e1n Espert<\/strong> (tromb\u00f3), <strong>Bilal Ferrer Hern\u00e1ndez<\/strong> (clarinet), <strong>Mart\u00edn L\u00f3pez Ferrer<\/strong> (trompa), <strong>Mario Arag\u00f3n Pardo<\/strong> (percussi\u00f3), <strong>Juan Carlos Tovar Seco<\/strong> (tuba) i <strong>Cristian Mart\u00ednez Garc\u00eda<\/strong> (bombard\u00ed).<\/p>\n\n\n\n<p>Acompanyats per les responsables de l\u2019agrupaci\u00f3, <strong>Marta Rehues Ballester<\/strong> i <strong>Shaila Pall\u00e1s P\u00e9rez<\/strong>, la Banda Juvenil interpret\u00e0 un programa \u00edntegrament dedicat al compositor <strong>\u00d3scar Navarro<\/strong>. Destacaren el pasdoble <em>Mar\u00eda Teresa Lacruz<\/em>, la divertida <em>Fun for Two<\/em> \u2014amb els clarinetistes <strong>Luis L\u00f3pez Ferrer<\/strong> i <strong>Asier Galarza Serrano<\/strong> com a solistes\u2014, el segon moviment de <em>Trips<\/em> i la marxa cristiana <em>Akris<\/em>. El concert conclogu\u00e9 amb l\u2019emotiu <em>Himne dels Feos<\/em>, d\u2019Alejandro Peris.<\/p>\n\n\n\n<h3 class=\"wp-block-heading\"><strong>La Banda Simf\u00f2nica recorre els carrers per arreplegar els seus nous m\u00fasics<\/strong><\/h3>\n\n\n\n<p>La m\u00fasica va tornar a sonar diumenge amb la Banda Simf\u00f2nica, que realitz\u00e0 el tradicional passacarrer per arreplegar els nous integrants de la \u201cbanda gran\u201d. La comitiva, acompanyada per la Junta Directiva, les Madrines de la Bandera <strong>Mar\u00eda Jes\u00fas i Dorotea Alca\u00f1iz Ros<\/strong>, i les Reines del Mant\u00f3 <strong>Estela Iniesta Sobrino<\/strong> i <strong>Claudia Olius Vidal<\/strong>, arranc\u00e0 des de la Pla\u00e7a del Barri Sant Rafael i recorregu\u00e9 diversos carrers de Bunyol.<\/p>\n\n\n\n<p>A les Ventas s\u2019incorporaren <strong>Evan Alonso Sarri\u00f3n<\/strong> (clarinet), <strong>Alba Galarza Serrano<\/strong> (piano), <strong>Ricardo Obart\u00ed Galindo<\/strong> (clarinet) i <strong>Judith D\u00edaz Ram\u00f3n<\/strong> (fagot). Ja al poble, es sumaren <strong>Aar\u00f3n Ferrer Solera<\/strong> (piano), <strong>Owen Jadiel Quiroz Castellanos<\/strong> (tuba), <strong>Luis Carri\u00f3n G\u00f3mez<\/strong> (tromb\u00f3), <strong>Kylian \u00c1lvarez Zan\u00f3n<\/strong> (violoncel), <strong>Andrea Tar\u00edn Clemente<\/strong> (percussi\u00f3), <strong>Ainara Af\u00e1n Jos\u00e9<\/strong> (flauta), <strong>Gael Rentero Herrero<\/strong> (fagot) i <strong>Violeta Miguel Criado<\/strong> (obo\u00e9). L\u2019acte va culminar a Rosales amb la interpretaci\u00f3 conjunta de l\u2019<em>Himne dels Feos<\/em>, acompanyats per familiars i amics.<\/p>\n\n\n\n<h3 class=\"wp-block-heading\"><strong>La societat conclou Santa Cec\u00edlia amb missa, passacarrer i berenar<\/strong><\/h3>\n\n\n\n<p>Els actes de Santa Cec\u00edlia finalitzaren dimarts 19 de novembre amb la tradicional missa en honor a la patrona, acompanyada pel Cor OrFeos i presidida per la imatge de Santa Cec\u00edlia.<\/p>\n\n\n\n<p>La Representant <strong>Roc\u00edo Cervera Bartolom\u00e9<\/strong>, la Madrina de la Bandera <strong>Mar\u00eda Jes\u00fas Alca\u00f1iz Ros<\/strong> i la Reina infantil del Mant\u00f3 <strong>Claudia Olius Vidal<\/strong> participaren en una celebraci\u00f3 que continu\u00e0 amb un passacarrer des de Rosales fins al Teatre Montecarlo. Per primera vegada compt\u00e0rem amb la pres\u00e8ncia de la Banda d\u2019Iniciaci\u00f3, que desfil\u00e0 junt amb la Banda Juvenil.<\/p>\n\n\n\n<p>La jornada conclogu\u00e9 amb un berenar preparat per la Comissi\u00f3 de la Festa del Mant\u00f3, que reun\u00ed m\u00fasics, socis i alumnat de l\u2019Escola de M\u00fasica en un ambient festiu i de conviv\u00e8ncia.<\/p>\n\n\n\n<figure class=\"wp-block-gallery has-nested-images columns-1 is-cropped wp-block-gallery-1 is-layout-flex wp-block-gallery-is-layout-flex\">\n<figure class=\"wp-block-image size-large\"><img loading=\"lazy\" decoding=\"async\" width=\"1024\" height=\"691\" data-id=\"285979\" src=\"https:\/\/www.tucomarca.com\/wordpress\/segunda\/wp-content\/uploads\/2025\/11\/FeosSantaCeci01-1024x691.jpg\" alt=\"\" class=\"wp-image-285979\" srcset=\"https:\/\/www.tucomarca.com\/wordpress\/segunda\/wp-content\/uploads\/2025\/11\/FeosSantaCeci01-1024x691.jpg 1024w, https:\/\/www.tucomarca.com\/wordpress\/segunda\/wp-content\/uploads\/2025\/11\/FeosSantaCeci01-300x202.jpg 300w, https:\/\/www.tucomarca.com\/wordpress\/segunda\/wp-content\/uploads\/2025\/11\/FeosSantaCeci01-768x518.jpg 768w, https:\/\/www.tucomarca.com\/wordpress\/segunda\/wp-content\/uploads\/2025\/11\/FeosSantaCeci01.jpg 1181w\" sizes=\"auto, (max-width: 1024px) 100vw, 1024px\" \/><\/figure>\n\n\n\n<figure class=\"wp-block-image size-large\"><img loading=\"lazy\" decoding=\"async\" width=\"1024\" height=\"691\" data-id=\"285986\" src=\"https:\/\/www.tucomarca.com\/wordpress\/segunda\/wp-content\/uploads\/2025\/11\/FeosSantaCeci03-1024x691.jpg\" alt=\"\" class=\"wp-image-285986\" srcset=\"https:\/\/www.tucomarca.com\/wordpress\/segunda\/wp-content\/uploads\/2025\/11\/FeosSantaCeci03-1024x691.jpg 1024w, https:\/\/www.tucomarca.com\/wordpress\/segunda\/wp-content\/uploads\/2025\/11\/FeosSantaCeci03-300x202.jpg 300w, https:\/\/www.tucomarca.com\/wordpress\/segunda\/wp-content\/uploads\/2025\/11\/FeosSantaCeci03-768x518.jpg 768w, https:\/\/www.tucomarca.com\/wordpress\/segunda\/wp-content\/uploads\/2025\/11\/FeosSantaCeci03.jpg 1181w\" sizes=\"auto, (max-width: 1024px) 100vw, 1024px\" \/><\/figure>\n\n\n\n<figure class=\"wp-block-image size-large\"><img loading=\"lazy\" decoding=\"async\" width=\"1024\" height=\"691\" data-id=\"285984\" src=\"https:\/\/www.tucomarca.com\/wordpress\/segunda\/wp-content\/uploads\/2025\/11\/FeosSantaCeci04-1024x691.jpg\" alt=\"\" class=\"wp-image-285984\" srcset=\"https:\/\/www.tucomarca.com\/wordpress\/segunda\/wp-content\/uploads\/2025\/11\/FeosSantaCeci04-1024x691.jpg 1024w, https:\/\/www.tucomarca.com\/wordpress\/segunda\/wp-content\/uploads\/2025\/11\/FeosSantaCeci04-300x202.jpg 300w, https:\/\/www.tucomarca.com\/wordpress\/segunda\/wp-content\/uploads\/2025\/11\/FeosSantaCeci04-768x518.jpg 768w, https:\/\/www.tucomarca.com\/wordpress\/segunda\/wp-content\/uploads\/2025\/11\/FeosSantaCeci04.jpg 1181w\" sizes=\"auto, (max-width: 1024px) 100vw, 1024px\" \/><\/figure>\n\n\n\n<figure class=\"wp-block-image size-large\"><img loading=\"lazy\" decoding=\"async\" width=\"1024\" height=\"691\" data-id=\"285981\" src=\"https:\/\/www.tucomarca.com\/wordpress\/segunda\/wp-content\/uploads\/2025\/11\/FeosSantaCeci06-1024x691.jpg\" alt=\"\" class=\"wp-image-285981\" srcset=\"https:\/\/www.tucomarca.com\/wordpress\/segunda\/wp-content\/uploads\/2025\/11\/FeosSantaCeci06-1024x691.jpg 1024w, https:\/\/www.tucomarca.com\/wordpress\/segunda\/wp-content\/uploads\/2025\/11\/FeosSantaCeci06-300x202.jpg 300w, https:\/\/www.tucomarca.com\/wordpress\/segunda\/wp-content\/uploads\/2025\/11\/FeosSantaCeci06-768x518.jpg 768w, https:\/\/www.tucomarca.com\/wordpress\/segunda\/wp-content\/uploads\/2025\/11\/FeosSantaCeci06.jpg 1181w\" sizes=\"auto, (max-width: 1024px) 100vw, 1024px\" \/><\/figure>\n\n\n\n<figure class=\"wp-block-image size-large\"><img loading=\"lazy\" decoding=\"async\" width=\"1024\" height=\"691\" data-id=\"285990\" src=\"https:\/\/www.tucomarca.com\/wordpress\/segunda\/wp-content\/uploads\/2025\/11\/FeosSantaCeci07-1024x691.jpg\" alt=\"\" class=\"wp-image-285990\" srcset=\"https:\/\/www.tucomarca.com\/wordpress\/segunda\/wp-content\/uploads\/2025\/11\/FeosSantaCeci07-1024x691.jpg 1024w, https:\/\/www.tucomarca.com\/wordpress\/segunda\/wp-content\/uploads\/2025\/11\/FeosSantaCeci07-300x202.jpg 300w, https:\/\/www.tucomarca.com\/wordpress\/segunda\/wp-content\/uploads\/2025\/11\/FeosSantaCeci07-768x518.jpg 768w, https:\/\/www.tucomarca.com\/wordpress\/segunda\/wp-content\/uploads\/2025\/11\/FeosSantaCeci07.jpg 1181w\" sizes=\"auto, (max-width: 1024px) 100vw, 1024px\" \/><\/figure>\n\n\n\n<figure class=\"wp-block-image size-large\"><img loading=\"lazy\" decoding=\"async\" width=\"1024\" height=\"691\" data-id=\"285994\" src=\"https:\/\/www.tucomarca.com\/wordpress\/segunda\/wp-content\/uploads\/2025\/11\/FeosSantaCeci05-1024x691.jpg\" alt=\"\" class=\"wp-image-285994\" srcset=\"https:\/\/www.tucomarca.com\/wordpress\/segunda\/wp-content\/uploads\/2025\/11\/FeosSantaCeci05-1024x691.jpg 1024w, https:\/\/www.tucomarca.com\/wordpress\/segunda\/wp-content\/uploads\/2025\/11\/FeosSantaCeci05-300x202.jpg 300w, https:\/\/www.tucomarca.com\/wordpress\/segunda\/wp-content\/uploads\/2025\/11\/FeosSantaCeci05-768x518.jpg 768w, https:\/\/www.tucomarca.com\/wordpress\/segunda\/wp-content\/uploads\/2025\/11\/FeosSantaCeci05.jpg 1181w\" sizes=\"auto, (max-width: 1024px) 100vw, 1024px\" \/><\/figure>\n\n\n\n<figure class=\"wp-block-image size-large\"><img loading=\"lazy\" decoding=\"async\" width=\"1024\" height=\"691\" data-id=\"285983\" src=\"https:\/\/www.tucomarca.com\/wordpress\/segunda\/wp-content\/uploads\/2025\/11\/FeosSantaCeci09-1024x691.jpg\" alt=\"\" class=\"wp-image-285983\" srcset=\"https:\/\/www.tucomarca.com\/wordpress\/segunda\/wp-content\/uploads\/2025\/11\/FeosSantaCeci09-1024x691.jpg 1024w, https:\/\/www.tucomarca.com\/wordpress\/segunda\/wp-content\/uploads\/2025\/11\/FeosSantaCeci09-300x202.jpg 300w, https:\/\/www.tucomarca.com\/wordpress\/segunda\/wp-content\/uploads\/2025\/11\/FeosSantaCeci09-768x518.jpg 768w, https:\/\/www.tucomarca.com\/wordpress\/segunda\/wp-content\/uploads\/2025\/11\/FeosSantaCeci09.jpg 1181w\" sizes=\"auto, (max-width: 1024px) 100vw, 1024px\" \/><\/figure>\n\n\n\n<figure class=\"wp-block-image size-large\"><img loading=\"lazy\" decoding=\"async\" width=\"1024\" height=\"691\" data-id=\"285992\" src=\"https:\/\/www.tucomarca.com\/wordpress\/segunda\/wp-content\/uploads\/2025\/11\/FeosSantaCeci02-1024x691.jpg\" alt=\"\" class=\"wp-image-285992\" srcset=\"https:\/\/www.tucomarca.com\/wordpress\/segunda\/wp-content\/uploads\/2025\/11\/FeosSantaCeci02-1024x691.jpg 1024w, https:\/\/www.tucomarca.com\/wordpress\/segunda\/wp-content\/uploads\/2025\/11\/FeosSantaCeci02-300x202.jpg 300w, https:\/\/www.tucomarca.com\/wordpress\/segunda\/wp-content\/uploads\/2025\/11\/FeosSantaCeci02-768x518.jpg 768w, https:\/\/www.tucomarca.com\/wordpress\/segunda\/wp-content\/uploads\/2025\/11\/FeosSantaCeci02.jpg 1181w\" sizes=\"auto, (max-width: 1024px) 100vw, 1024px\" \/><\/figure>\n<\/figure>\n","protected":false},"excerpt":{"rendered":"<div class=\"mh-excerpt\">La Societat Musical La Art\u00edstica de Bunyol va viure un dies plens d\u2019emocions amb motiu de la celebraci\u00f3 de Santa Cec\u00edlia, en qu\u00e8 l\u2019Orquestra, la Banda Juvenil i la Banda Simf\u00f2nica van donar la benvinguda <a class=\"mh-excerpt-more\" href=\"https:\/\/www.tucomarca.com\/wordpress\/segunda\/ca\/fotogaleria-la-sm-la-artistica-de-bunyol-celebra-santa-cecilia-donant-la-benvinguda-als-seus-nous-musics\/\" title=\"Fotogaler\u00eda: la SM &#8220;La Art\u00edstica&#8221; de Bunyol celebra Santa Cec\u00edlia donant la benvinguda als seus nous m\u00fasics\">[+] <\/a><\/div>\n","protected":false},"author":12,"featured_media":285989,"comment_status":"open","ping_status":"open","sticky":false,"template":"","format":"gallery","meta":{"footnotes":""},"categories":[10911,11005,10894,10912,11007,10896],"tags":[10913,10914,13122,11154],"class_list":{"0":"post-285996","1":"post","2":"type-post","3":"status-publish","4":"format-gallery","5":"has-post-thumbnail","7":"category-bunol-ca","8":"category-canal-musica","9":"category-la-comarca-ca","10":"category-la-hoya-ca","11":"category-ocio-y-cultura-ca","12":"category-seccion-ca","13":"tag-bunol-ca","14":"tag-la-hoya-de-bunol-chiva-ca","15":"tag-nuevos-musicos-ca","16":"tag-sm-la-artistica-de-bunol-ca","17":"post_format-post-format-gallery"},"_links":{"self":[{"href":"https:\/\/www.tucomarca.com\/wordpress\/segunda\/ca\/wp-json\/wp\/v2\/posts\/285996","targetHints":{"allow":["GET"]}}],"collection":[{"href":"https:\/\/www.tucomarca.com\/wordpress\/segunda\/ca\/wp-json\/wp\/v2\/posts"}],"about":[{"href":"https:\/\/www.tucomarca.com\/wordpress\/segunda\/ca\/wp-json\/wp\/v2\/types\/post"}],"author":[{"embeddable":true,"href":"https:\/\/www.tucomarca.com\/wordpress\/segunda\/ca\/wp-json\/wp\/v2\/users\/12"}],"replies":[{"embeddable":true,"href":"https:\/\/www.tucomarca.com\/wordpress\/segunda\/ca\/wp-json\/wp\/v2\/comments?post=285996"}],"version-history":[{"count":0,"href":"https:\/\/www.tucomarca.com\/wordpress\/segunda\/ca\/wp-json\/wp\/v2\/posts\/285996\/revisions"}],"wp:featuredmedia":[{"embeddable":true,"href":"https:\/\/www.tucomarca.com\/wordpress\/segunda\/ca\/wp-json\/wp\/v2\/media\/285989"}],"wp:attachment":[{"href":"https:\/\/www.tucomarca.com\/wordpress\/segunda\/ca\/wp-json\/wp\/v2\/media?parent=285996"}],"wp:term":[{"taxonomy":"category","embeddable":true,"href":"https:\/\/www.tucomarca.com\/wordpress\/segunda\/ca\/wp-json\/wp\/v2\/categories?post=285996"},{"taxonomy":"post_tag","embeddable":true,"href":"https:\/\/www.tucomarca.com\/wordpress\/segunda\/ca\/wp-json\/wp\/v2\/tags?post=285996"}],"curies":[{"name":"wp","href":"https:\/\/api.w.org\/{rel}","templated":true}]}}