{"id":286003,"date":"2025-11-21T11:40:00","date_gmt":"2025-11-21T10:40:00","guid":{"rendered":"https:\/\/www.tucomarca.com\/wordpress\/segunda\/?p=286003"},"modified":"2025-11-21T20:40:49","modified_gmt":"2025-11-21T19:40:49","slug":"la-armonica-i-la-artistica-de-bunyol-celebren-este-dissabte-santa-cecilia-amb-dos-concerts-especials","status":"publish","type":"post","link":"https:\/\/www.tucomarca.com\/wordpress\/segunda\/ca\/la-armonica-i-la-artistica-de-bunyol-celebren-este-dissabte-santa-cecilia-amb-dos-concerts-especials\/","title":{"rendered":"\u201cLa Arm\u00f3nica\u201d i \u201cLa Art\u00edstica\u201d de Bunyol celebren este dissabte Santa Cec\u00edlia amb dos concerts especials"},"content":{"rendered":"\n<p>Bunyol es prepara per a viure una jornada musical molt especial amb motiu de la festivitat de Santa Cec\u00edlia, patrona dels m\u00fasics. Este dissabte, <strong>22 de novembre<\/strong>, les dos societats musicals del municipi, el <strong>C.I.M. La Arm\u00f3nica<\/strong> i la <strong>S.M. La Art\u00edstica<\/strong>, oferiran sengles concerts que ompliran la localitat de m\u00fasica i tradici\u00f3.<\/p>\n\n\n\n<p>La programaci\u00f3 arrancar\u00e0 a les <strong>10.00 h<\/strong> amb el concert de la <strong>Coral Polif\u00f2nica del C.I.M. La Arm\u00f3nica<\/strong>, que tindr\u00e0 lloc a la <strong>Igl\u00e9sia de Sant Pere Ap\u00f2stol<\/strong>. La formaci\u00f3 vocal oferir\u00e0 un repertori preparat per a l\u2019ocasi\u00f3, sumant-se aix\u00ed a l\u2019homenatge anual a la patrona.<\/p>\n\n\n\n<p>De vesprada, a les <strong>19.00 h<\/strong>, ser\u00e0 el torn de la <strong>Banda Simf\u00f2nica de la S.M. La Art\u00edstica<\/strong>, que actuar\u00e0 al <strong>Teatre Montecarlo<\/strong>. L\u2019agrupaci\u00f3 simf\u00f2nica presentar\u00e0 un concert amb qu\u00e8 la societat celebrar\u00e0 esta festivitat tan arrelada en la vida cultural de Bunyol.<\/p>\n\n\n\n<p>Amb estos dos actes, les societats musicals del municipi refermen el seu paper com a motors culturals i convertixen, un any m\u00e9s, Santa Cec\u00edlia en una cita imprescindible per als amants de la m\u00fasica.<\/p>\n","protected":false},"excerpt":{"rendered":"<div class=\"mh-excerpt\">Bunyol es prepara per a viure una jornada musical molt especial amb motiu de la festivitat de Santa Cec\u00edlia, patrona dels m\u00fasics. Este dissabte, 22 de novembre, les dos societats musicals del municipi, el C.I.M. <a class=\"mh-excerpt-more\" href=\"https:\/\/www.tucomarca.com\/wordpress\/segunda\/ca\/la-armonica-i-la-artistica-de-bunyol-celebren-este-dissabte-santa-cecilia-amb-dos-concerts-especials\/\" title=\"\u201cLa Arm\u00f3nica\u201d i \u201cLa Art\u00edstica\u201d de Bunyol celebren este dissabte Santa Cec\u00edlia amb dos concerts especials\">[+] <\/a><\/div>\n","protected":false},"author":12,"featured_media":206125,"comment_status":"open","ping_status":"open","sticky":false,"template":"","format":"standard","meta":{"footnotes":""},"categories":[11019,10911,11005,10894,10912,11007,10896],"tags":[10913,11209,10914,11154],"class_list":{"0":"post-286003","1":"post","2":"type-post","3":"status-publish","4":"format-standard","5":"has-post-thumbnail","7":"category-agenda-ca","8":"category-bunol-ca","9":"category-canal-musica","10":"category-la-comarca-ca","11":"category-la-hoya-ca","12":"category-ocio-y-cultura-ca","13":"category-seccion-ca","14":"tag-bunol-ca","15":"tag-cim-la-armonica-de-bunol-ca","16":"tag-la-hoya-de-bunol-chiva-ca","17":"tag-sm-la-artistica-de-bunol-ca"},"_links":{"self":[{"href":"https:\/\/www.tucomarca.com\/wordpress\/segunda\/ca\/wp-json\/wp\/v2\/posts\/286003","targetHints":{"allow":["GET"]}}],"collection":[{"href":"https:\/\/www.tucomarca.com\/wordpress\/segunda\/ca\/wp-json\/wp\/v2\/posts"}],"about":[{"href":"https:\/\/www.tucomarca.com\/wordpress\/segunda\/ca\/wp-json\/wp\/v2\/types\/post"}],"author":[{"embeddable":true,"href":"https:\/\/www.tucomarca.com\/wordpress\/segunda\/ca\/wp-json\/wp\/v2\/users\/12"}],"replies":[{"embeddable":true,"href":"https:\/\/www.tucomarca.com\/wordpress\/segunda\/ca\/wp-json\/wp\/v2\/comments?post=286003"}],"version-history":[{"count":0,"href":"https:\/\/www.tucomarca.com\/wordpress\/segunda\/ca\/wp-json\/wp\/v2\/posts\/286003\/revisions"}],"wp:featuredmedia":[{"embeddable":true,"href":"https:\/\/www.tucomarca.com\/wordpress\/segunda\/ca\/wp-json\/wp\/v2\/media\/206125"}],"wp:attachment":[{"href":"https:\/\/www.tucomarca.com\/wordpress\/segunda\/ca\/wp-json\/wp\/v2\/media?parent=286003"}],"wp:term":[{"taxonomy":"category","embeddable":true,"href":"https:\/\/www.tucomarca.com\/wordpress\/segunda\/ca\/wp-json\/wp\/v2\/categories?post=286003"},{"taxonomy":"post_tag","embeddable":true,"href":"https:\/\/www.tucomarca.com\/wordpress\/segunda\/ca\/wp-json\/wp\/v2\/tags?post=286003"}],"curies":[{"name":"wp","href":"https:\/\/api.w.org\/{rel}","templated":true}]}}