{"id":286029,"date":"2025-11-21T11:55:00","date_gmt":"2025-11-21T10:55:00","guid":{"rendered":"https:\/\/www.tucomarca.com\/wordpress\/segunda\/?p=286029"},"modified":"2025-11-21T19:09:07","modified_gmt":"2025-11-21T18:09:07","slug":"la-diputacio-de-valencia-impulsa-activitats-de-prevencio-de-conductes-addictives-en-poblacio-juvenil-de-la-mancomunitat-foia-de-bunyol-xiva","status":"publish","type":"post","link":"https:\/\/www.tucomarca.com\/wordpress\/segunda\/ca\/la-diputacio-de-valencia-impulsa-activitats-de-prevencio-de-conductes-addictives-en-poblacio-juvenil-de-la-mancomunitat-foia-de-bunyol-xiva\/","title":{"rendered":"La Diputaci\u00f3 de Val\u00e8ncia impulsa activitats de prevenci\u00f3 de conductes addictives en poblaci\u00f3 juvenil de la mancomunitat Foia de Bunyol-Xiva"},"content":{"rendered":"\n<p>L&#8217;\u00c0rea de Benestar Social de la Diputaci\u00f3 Provincial de Val\u00e8ncia ha concedit una subvenci\u00f3 a la Mancomunitat de la Foia de Bunyol-Xiva de 7.920 \u20ac per a la realitzaci\u00f3 d&#8217;activitats. Aquestes activitats realitzades en tots els centres educatius dels municipis adherits a la Unitat de Prevenci\u00f3 Comunit\u00e0ria de Conductes Addictives (UPCCA) s&#8217;emmarquen dins del programa d&#8217;Activitats Preventives 2025.<\/p>\n\n\n\n<p>Les accions dirigides a alumnat d&#8217;entre 10 i 14 anys aborden de manera integral la prevenci\u00f3 universal dels usos inadequats de les tecnologies, l&#8217;addicci\u00f3 al joc i la promoci\u00f3 d&#8217;habilitats de protecci\u00f3 soci-personals.<a><\/a><\/p>\n","protected":false},"excerpt":{"rendered":"<div class=\"mh-excerpt\">L&#8217;\u00c0rea de Benestar Social de la Diputaci\u00f3 Provincial de Val\u00e8ncia ha concedit una subvenci\u00f3 a la Mancomunitat de la Foia de Bunyol-Xiva de 7.920 \u20ac per a la realitzaci\u00f3 d&#8217;activitats. Aquestes activitats realitzades en tots <a class=\"mh-excerpt-more\" href=\"https:\/\/www.tucomarca.com\/wordpress\/segunda\/ca\/la-diputacio-de-valencia-impulsa-activitats-de-prevencio-de-conductes-addictives-en-poblacio-juvenil-de-la-mancomunitat-foia-de-bunyol-xiva\/\" title=\"La Diputaci\u00f3 de Val\u00e8ncia impulsa activitats de prevenci\u00f3 de conductes addictives en poblaci\u00f3 juvenil de la mancomunitat Foia de Bunyol-Xiva\">[+] <\/a><\/div>\n","protected":false},"author":12,"featured_media":286027,"comment_status":"open","ping_status":"open","sticky":false,"template":"","format":"standard","meta":{"footnotes":""},"categories":[10980,10948,10894,10912,10947,10896],"tags":[15319,11246,10914,11514,11141],"class_list":{"0":"post-286029","1":"post","2":"type-post","3":"status-publish","4":"format-standard","5":"has-post-thumbnail","7":"category-yatova-ca","8":"category-infraestructuras-ca","9":"category-la-comarca-ca","10":"category-la-hoya-ca","11":"category-politica","12":"category-seccion-ca","13":"tag-conductas-adictivas-ca","14":"tag-diputacio-de-valencia-ca","15":"tag-la-hoya-de-bunol-chiva-ca","16":"tag-mancomunidad-de-la-hoya-de-bunol-chiva-ca","17":"tag-yatova-ca"},"_links":{"self":[{"href":"https:\/\/www.tucomarca.com\/wordpress\/segunda\/ca\/wp-json\/wp\/v2\/posts\/286029","targetHints":{"allow":["GET"]}}],"collection":[{"href":"https:\/\/www.tucomarca.com\/wordpress\/segunda\/ca\/wp-json\/wp\/v2\/posts"}],"about":[{"href":"https:\/\/www.tucomarca.com\/wordpress\/segunda\/ca\/wp-json\/wp\/v2\/types\/post"}],"author":[{"embeddable":true,"href":"https:\/\/www.tucomarca.com\/wordpress\/segunda\/ca\/wp-json\/wp\/v2\/users\/12"}],"replies":[{"embeddable":true,"href":"https:\/\/www.tucomarca.com\/wordpress\/segunda\/ca\/wp-json\/wp\/v2\/comments?post=286029"}],"version-history":[{"count":0,"href":"https:\/\/www.tucomarca.com\/wordpress\/segunda\/ca\/wp-json\/wp\/v2\/posts\/286029\/revisions"}],"wp:featuredmedia":[{"embeddable":true,"href":"https:\/\/www.tucomarca.com\/wordpress\/segunda\/ca\/wp-json\/wp\/v2\/media\/286027"}],"wp:attachment":[{"href":"https:\/\/www.tucomarca.com\/wordpress\/segunda\/ca\/wp-json\/wp\/v2\/media?parent=286029"}],"wp:term":[{"taxonomy":"category","embeddable":true,"href":"https:\/\/www.tucomarca.com\/wordpress\/segunda\/ca\/wp-json\/wp\/v2\/categories?post=286029"},{"taxonomy":"post_tag","embeddable":true,"href":"https:\/\/www.tucomarca.com\/wordpress\/segunda\/ca\/wp-json\/wp\/v2\/tags?post=286029"}],"curies":[{"name":"wp","href":"https:\/\/api.w.org\/{rel}","templated":true}]}}