{"id":286052,"date":"2025-11-21T12:15:00","date_gmt":"2025-11-21T11:15:00","guid":{"rendered":"https:\/\/www.tucomarca.com\/wordpress\/segunda\/?p=286052"},"modified":"2025-11-21T18:23:47","modified_gmt":"2025-11-21T17:23:47","slug":"mor-una-xiqueta-dalgemesi-despres-dun-tractament-dental-en-una-clinica-dalzira-i-una-altra-menor-roman-en-estat-greu","status":"publish","type":"post","link":"https:\/\/www.tucomarca.com\/wordpress\/segunda\/ca\/mor-una-xiqueta-dalgemesi-despres-dun-tractament-dental-en-una-clinica-dalzira-i-una-altra-menor-roman-en-estat-greu\/","title":{"rendered":"Mor una xiqueta d&#8217;Algemes\u00ed despr\u00e9s d&#8217;un tractament dental en una cl\u00ednica d&#8217;Alzira i una altra menor en estat greu"},"content":{"rendered":"\n<p>Una xiqueta d&#8217;Algemes\u00ed ha mort en les \u00faltimes hores a conseq\u00fc\u00e8ncia de complicacions sorgides despr\u00e9s de sotmetre&#8217;s a un tractament dental en una cl\u00ednica d&#8217;Alzira. Segons la informaci\u00f3 que ha transcendit, la menor va patir una reacci\u00f3 adversa que no va poder ser revertida malgrat la intervenci\u00f3 dels serveis sanitaris del Servei d&#8217;Urg\u00e8ncies de l&#8217;Hospital de La Ribera on va ser atesa.<\/p>\n\n\n\n<p>En un cas aparentment relacionat, una altra xiqueta continua ingressada en estat greu despr\u00e9s de rebre un procediment similar en el mateix centre odontol\u00f2gic. La menor roman baix estreta vigil\u00e0ncia m\u00e8dica.<\/p>\n\n\n\n<p>Els fets han provocat gran commoci\u00f3 a Algemes\u00ed, Alzira i en tota la comarca, on les fam\u00edlies afectades estan rebent suport psicol\u00f2gic i social.<\/p>\n\n\n\n<p>La Generalitat Valenciana ha anunciat aquest dijous l&#8217;obertura d&#8217;un expedient informatiu per a esclarir el succe\u00eft i avaluar l&#8217;actuaci\u00f3 de la cl\u00ednica dental. Com a mesura cautelar, la Conselleria de Sanitat ha ordenat la paralitzaci\u00f3 de l&#8217;activitat del centre, que romandr\u00e0 tancat mentre es desenvolupa la investigaci\u00f3.<\/p>\n","protected":false},"excerpt":{"rendered":"<div class=\"mh-excerpt\">Una xiqueta d&#8217;Algemes\u00ed ha mort en les \u00faltimes hores a conseq\u00fc\u00e8ncia de complicacions sorgides despr\u00e9s de sotmetre&#8217;s a un tractament dental en una cl\u00ednica d&#8217;Alzira. Segons la informaci\u00f3 que ha transcendit, la menor va patir <a class=\"mh-excerpt-more\" href=\"https:\/\/www.tucomarca.com\/wordpress\/segunda\/ca\/mor-una-xiqueta-dalgemesi-despres-dun-tractament-dental-en-una-clinica-dalzira-i-una-altra-menor-roman-en-estat-greu\/\" title=\"Mor una xiqueta d&#8217;Algemes\u00ed despr\u00e9s d&#8217;un tractament dental en una cl\u00ednica d&#8217;Alzira i una altra menor en estat greu\">[+] <\/a><\/div>\n","protected":false},"author":12,"featured_media":168708,"comment_status":"open","ping_status":"open","sticky":false,"template":"","format":"standard","meta":{"footnotes":""},"categories":[10983,10889,10898,10894,10904,10902,10896,10897],"tags":[11081,11192,11077],"class_list":{"0":"post-286052","1":"post","2":"type-post","3":"status-publish","4":"format-standard","5":"has-post-thumbnail","7":"category-algemesi-ca","8":"category-alzira-cat","9":"category-ventana-ca","10":"category-la-comarca-ca","11":"category-sin-categorizar-ca","12":"category-la-ribera-ca","13":"category-seccion-ca","14":"category-sucesos-la-comarca-ca","15":"tag-algemesi-ca","16":"tag-alzira-ca","17":"tag-la-ribera-alta-ca"},"_links":{"self":[{"href":"https:\/\/www.tucomarca.com\/wordpress\/segunda\/ca\/wp-json\/wp\/v2\/posts\/286052","targetHints":{"allow":["GET"]}}],"collection":[{"href":"https:\/\/www.tucomarca.com\/wordpress\/segunda\/ca\/wp-json\/wp\/v2\/posts"}],"about":[{"href":"https:\/\/www.tucomarca.com\/wordpress\/segunda\/ca\/wp-json\/wp\/v2\/types\/post"}],"author":[{"embeddable":true,"href":"https:\/\/www.tucomarca.com\/wordpress\/segunda\/ca\/wp-json\/wp\/v2\/users\/12"}],"replies":[{"embeddable":true,"href":"https:\/\/www.tucomarca.com\/wordpress\/segunda\/ca\/wp-json\/wp\/v2\/comments?post=286052"}],"version-history":[{"count":0,"href":"https:\/\/www.tucomarca.com\/wordpress\/segunda\/ca\/wp-json\/wp\/v2\/posts\/286052\/revisions"}],"wp:featuredmedia":[{"embeddable":true,"href":"https:\/\/www.tucomarca.com\/wordpress\/segunda\/ca\/wp-json\/wp\/v2\/media\/168708"}],"wp:attachment":[{"href":"https:\/\/www.tucomarca.com\/wordpress\/segunda\/ca\/wp-json\/wp\/v2\/media?parent=286052"}],"wp:term":[{"taxonomy":"category","embeddable":true,"href":"https:\/\/www.tucomarca.com\/wordpress\/segunda\/ca\/wp-json\/wp\/v2\/categories?post=286052"},{"taxonomy":"post_tag","embeddable":true,"href":"https:\/\/www.tucomarca.com\/wordpress\/segunda\/ca\/wp-json\/wp\/v2\/tags?post=286052"}],"curies":[{"name":"wp","href":"https:\/\/api.w.org\/{rel}","templated":true}]}}