{"id":286106,"date":"2025-11-24T11:00:00","date_gmt":"2025-11-24T10:00:00","guid":{"rendered":"https:\/\/www.tucomarca.com\/wordpress\/segunda\/?p=286106"},"modified":"2025-11-24T18:50:59","modified_gmt":"2025-11-24T17:50:59","slug":"xest-inicia-les-obres-de-reparacio-del-sostre-del-poliesportiu-municipal-despres-dels-danys-de-la-dana","status":"publish","type":"post","link":"https:\/\/www.tucomarca.com\/wordpress\/segunda\/ca\/xest-inicia-les-obres-de-reparacio-del-sostre-del-poliesportiu-municipal-despres-dels-danys-de-la-dana\/","title":{"rendered":"Xest inicia les obres de reparaci\u00f3 del sostre del poliesportiu municipal despr\u00e9s dels danys de la DANA"},"content":{"rendered":"\n<h3 class=\"wp-block-heading\">L&#8217;Ajuntament actua amb una inversi\u00f3 que supera els 400.000 euros per a sanejar, modernitzar i millorar la seguretat de les instal\u00b7lacions esportives, amb un termini d&#8217;execuci\u00f3 de quatre mesos.<\/h3>\n\n\n\n<h3 class=\"wp-block-heading\">Les obres s&#8217;acullen a una subvenci\u00f3 del ministeri d&#8217;Inf\u00e0ncia i Joventut.<\/h3>\n\n\n\n<p>L&#8217;Ajuntament de Xest ha iniciat ja les obres de reparaci\u00f3 del poliesportiu municipal per a esmenar els greus danys que va provocar la DANA en les instal\u00b7lacions. El projecte, adjudicat a l&#8217;empresa\u00a0Avant Gesti\u00f3 T\u00e8cnica S.L.\u00a0per un import total de\u00a0403.179,53 euros, t\u00e9 un termini d&#8217;execuci\u00f3 de quatre mesos, per la qual cosa est\u00e0 previst que finalitze el\u00a02 de febrer de 2026.<\/p>\n\n\n\n<p>Aquesta actuaci\u00f3 \u00e9s possible gr\u00e0cies a la subvenci\u00f3 concedida pel Ministeri de Joventut i Inf\u00e0ncia per a la reparaci\u00f3 d&#8217;espais comunitaris danyats per la dana utilitzats per les persones joves.<br>Aquests treballs suposen una intervenci\u00f3 completa que garantir\u00e0 la seguretat i la funcionalitat del pavell\u00f3 per a tots els usuaris, i que comen\u00e7ar\u00e0 per la coberta de la instal\u00b7laci\u00f3. &#8220;Era fonamental actuar de manera contundent despr\u00e9s de les destrosses ocasionades per l&#8217;episodi de pluges torrencials. Aquesta inversi\u00f3 no sols repara, sin\u00f3 que millora les nostres instal\u00b7lacions esportives, que s\u00f3n un pilar fonamental per a la vida social i la salut dels nostres ve\u00efns i ve\u00efnes&#8221;, ha destacat Jos\u00e9 Morell, alcalde de Cheste.<\/p>\n\n\n\n<figure class=\"wp-block-gallery has-nested-images columns-1 is-cropped wp-block-gallery-1 is-layout-flex wp-block-gallery-is-layout-flex\">\n<figure class=\"wp-block-image size-large\"><img loading=\"lazy\" decoding=\"async\" width=\"1024\" height=\"691\" data-id=\"286101\" src=\"https:\/\/www.tucomarca.com\/wordpress\/segunda\/wp-content\/uploads\/2025\/11\/20251124_NP_cheste_obras_pabellon_02-1024x691.jpeg\" alt=\"\" class=\"wp-image-286101\" srcset=\"https:\/\/www.tucomarca.com\/wordpress\/segunda\/wp-content\/uploads\/2025\/11\/20251124_NP_cheste_obras_pabellon_02-1024x691.jpeg 1024w, https:\/\/www.tucomarca.com\/wordpress\/segunda\/wp-content\/uploads\/2025\/11\/20251124_NP_cheste_obras_pabellon_02-300x202.jpeg 300w, https:\/\/www.tucomarca.com\/wordpress\/segunda\/wp-content\/uploads\/2025\/11\/20251124_NP_cheste_obras_pabellon_02-768x518.jpeg 768w, https:\/\/www.tucomarca.com\/wordpress\/segunda\/wp-content\/uploads\/2025\/11\/20251124_NP_cheste_obras_pabellon_02.jpeg 1181w\" sizes=\"auto, (max-width: 1024px) 100vw, 1024px\" \/><\/figure>\n\n\n\n<figure class=\"wp-block-image size-large\"><img loading=\"lazy\" decoding=\"async\" width=\"1024\" height=\"691\" data-id=\"286099\" src=\"https:\/\/www.tucomarca.com\/wordpress\/segunda\/wp-content\/uploads\/2025\/11\/20251124_NP_cheste_obras_pabellon_03-1024x691.jpeg\" alt=\"\" class=\"wp-image-286099\" srcset=\"https:\/\/www.tucomarca.com\/wordpress\/segunda\/wp-content\/uploads\/2025\/11\/20251124_NP_cheste_obras_pabellon_03-1024x691.jpeg 1024w, https:\/\/www.tucomarca.com\/wordpress\/segunda\/wp-content\/uploads\/2025\/11\/20251124_NP_cheste_obras_pabellon_03-300x202.jpeg 300w, https:\/\/www.tucomarca.com\/wordpress\/segunda\/wp-content\/uploads\/2025\/11\/20251124_NP_cheste_obras_pabellon_03-768x518.jpeg 768w, https:\/\/www.tucomarca.com\/wordpress\/segunda\/wp-content\/uploads\/2025\/11\/20251124_NP_cheste_obras_pabellon_03.jpeg 1181w\" sizes=\"auto, (max-width: 1024px) 100vw, 1024px\" \/><\/figure>\n<\/figure>\n\n\n\n<p>La reparaci\u00f3 aborda tots els espais afectats, des de les cobertes fins a les zones de joc. Una de les actuacions m\u00e9s importants se centra en solucionar les&nbsp;filtracions d&#8217;aigua en la coberta principal del pavell\u00f3, on es realitzar\u00e0 un doblegat complet amb xapa grecada i la instal\u00b7laci\u00f3 d&#8217;un nou canal\u00f3. Per a garantir la seguretat durant el manteniment futur, s&#8217;ampliar\u00e0 i comprovar\u00e0 la&nbsp;l\u00ednia de vida&nbsp;en aquesta i altres cobertes, com la del front\u00f3 cobert.<\/p>\n\n\n\n<p>En l&#8217;\u00e0mbit de les pistes esportives, es reparar\u00e0 la subbase danyada de&nbsp;dues pistes de p\u00e0del, la qual cosa implica desmuntar i tornar a instal\u00b7lar la gespa sobre una base perfectament anivellada i segellada. Aix\u00ed mateix, se sanejaran les clivelles i despreniments en el&nbsp;front\u00f3 exterior, que ser\u00e0 pintat \u00edntegrament.<\/p>\n\n\n\n<p>Els danys per humitat se solucionaran en diversos fronts. Es repararan els murs confrontants amb el jard\u00ed de la piscina i s&#8217;actuar\u00e0 a la&nbsp;terrassa del bar i l&#8217;acc\u00e9s posterior, on es realitzar\u00e0 una impermeabilitzaci\u00f3 exhaustiva del forjat per a tallar les filtracions d&#8217;arrel. A l&#8217;interior, se substituiran les&nbsp;portes de vestuaris i annexos&nbsp;de planta baixa que van resultar destrossades per l&#8217;aigua.<\/p>\n\n\n\n<p>Finalment, es procedir\u00e0 a la&nbsp;reposici\u00f3 del material esportiu&nbsp;que va ser destru\u00eft per la riuada, incloent-hi raquetes de p\u00e0del, pilotes, estoretes, xarxes i un altre equipament essencial per al desenvolupament de les activitats.<\/p>\n","protected":false},"excerpt":{"rendered":"<div class=\"mh-excerpt\">L&#8217;Ajuntament actua amb una inversi\u00f3 que supera els 400.000 euros per a sanejar, modernitzar i millorar la seguretat de les instal\u00b7lacions esportives, amb un termini d&#8217;execuci\u00f3 de quatre mesos. Les obres s&#8217;acullen a una subvenci\u00f3 <a class=\"mh-excerpt-more\" href=\"https:\/\/www.tucomarca.com\/wordpress\/segunda\/ca\/xest-inicia-les-obres-de-reparacio-del-sostre-del-poliesportiu-municipal-despres-dels-danys-de-la-dana\/\" title=\"Xest inicia les obres de reparaci\u00f3 del sostre del poliesportiu municipal despr\u00e9s dels danys de la DANA\">[+] <\/a><\/div>\n","protected":false},"author":12,"featured_media":286104,"comment_status":"open","ping_status":"open","sticky":false,"template":"","format":"gallery","meta":{"footnotes":""},"categories":[21466,10948,10894,10904,10912,10903,10947,10896,10897,10974],"tags":[11071,15409,10914,12136],"class_list":{"0":"post-286106","1":"post","2":"type-post","3":"status-publish","4":"format-gallery","5":"has-post-thumbnail","7":"category-dana-ca","8":"category-infraestructuras-ca","9":"category-la-comarca-ca","10":"category-sin-categorizar-ca","11":"category-la-hoya-ca","12":"category-medio-ambiente-la-comarca-ca","13":"category-politica","14":"category-seccion-ca","15":"category-sucesos-la-comarca-ca","16":"category-cheste-ca","17":"tag-cheste","18":"tag-dana-2-ca","19":"tag-la-hoya-de-bunol-chiva-ca","20":"tag-polideportivo-municipal-ca","21":"post_format-post-format-gallery"},"_links":{"self":[{"href":"https:\/\/www.tucomarca.com\/wordpress\/segunda\/ca\/wp-json\/wp\/v2\/posts\/286106","targetHints":{"allow":["GET"]}}],"collection":[{"href":"https:\/\/www.tucomarca.com\/wordpress\/segunda\/ca\/wp-json\/wp\/v2\/posts"}],"about":[{"href":"https:\/\/www.tucomarca.com\/wordpress\/segunda\/ca\/wp-json\/wp\/v2\/types\/post"}],"author":[{"embeddable":true,"href":"https:\/\/www.tucomarca.com\/wordpress\/segunda\/ca\/wp-json\/wp\/v2\/users\/12"}],"replies":[{"embeddable":true,"href":"https:\/\/www.tucomarca.com\/wordpress\/segunda\/ca\/wp-json\/wp\/v2\/comments?post=286106"}],"version-history":[{"count":0,"href":"https:\/\/www.tucomarca.com\/wordpress\/segunda\/ca\/wp-json\/wp\/v2\/posts\/286106\/revisions"}],"wp:featuredmedia":[{"embeddable":true,"href":"https:\/\/www.tucomarca.com\/wordpress\/segunda\/ca\/wp-json\/wp\/v2\/media\/286104"}],"wp:attachment":[{"href":"https:\/\/www.tucomarca.com\/wordpress\/segunda\/ca\/wp-json\/wp\/v2\/media?parent=286106"}],"wp:term":[{"taxonomy":"category","embeddable":true,"href":"https:\/\/www.tucomarca.com\/wordpress\/segunda\/ca\/wp-json\/wp\/v2\/categories?post=286106"},{"taxonomy":"post_tag","embeddable":true,"href":"https:\/\/www.tucomarca.com\/wordpress\/segunda\/ca\/wp-json\/wp\/v2\/tags?post=286106"}],"curies":[{"name":"wp","href":"https:\/\/api.w.org\/{rel}","templated":true}]}}