{"id":286150,"date":"2025-11-24T09:30:00","date_gmt":"2025-11-24T08:30:00","guid":{"rendered":"https:\/\/www.tucomarca.com\/wordpress\/segunda\/?p=286150"},"modified":"2025-11-24T19:33:16","modified_gmt":"2025-11-24T18:33:16","slug":"la-mancomunitat-foia-de-bunyol-xiva-inicia-accions-de-formacio-per-a-impulsar-lautocura-de-la-dona","status":"publish","type":"post","link":"https:\/\/www.tucomarca.com\/wordpress\/segunda\/ca\/la-mancomunitat-foia-de-bunyol-xiva-inicia-accions-de-formacio-per-a-impulsar-lautocura-de-la-dona\/","title":{"rendered":"La Mancomunitat Foia de Bunyol-Xiva inicia accions de formaci\u00f3 per a impulsar l&#8217;autocura de la dona"},"content":{"rendered":"\n<p>La&nbsp;Mancomunitat Foia de Bunyol-Xiva, a trav\u00e9s de la seua&nbsp;\u00c0rea de Serveis Socials, organitza un&nbsp;curs\/taller finan\u00e7at per la&nbsp;conselleria de Serveis Socials de la Generalitat Valenciana&nbsp;i impulsat en col\u00b7laboraci\u00f3 amb l&#8217;Associaci\u00f3&nbsp; de Salut Mental de la Comunitat Valenciana.<br>El taller&nbsp;\u201cCultiva el teu plaer, una pausa d&#8217;autocura\u201d, suposa una proposta formativa dirigida a dones desenvolupant-se el pr\u00f2xim&nbsp;2 de desembre, en horari de &nbsp;10.30 h a 13.00 h en&nbsp;la seu de la Mancomunitat situada a I\u00e0tova.<br>Aquest taller t\u00e9 com a objectiu oferir un espai des de l&#8217;enfortiment de l&#8217;autocura&nbsp; i apoderament femen\u00ed. La iniciativa cerca promoure el benestar emocional i millorar la salut mental des de la perspectiva de la cura personal.<br>L&#8217;activitat \u00e9s completament&nbsp;gratu\u00efta. I va dirigida a la poblaci\u00f3 de tota la comarca, en el marc de les accions de promoci\u00f3 de la salut mental i suport comunitari desenvolupades per la Mancomunitat i finan\u00e7ades per la Generalitat Valenciana en col\u00b7laboraci\u00f3 amb l&#8217;Associaci\u00f3&nbsp; de Salut Mental de la Comunitat Valenciana.<br>L&#8217;activitat se situa, en el marc de les accions de promoci\u00f3 de la salut mental i suport comunitari desenvolupades per la Mancomunitat des de la seua \u00e0rea de Serveis Socials, complementant les sessions realitzades fins al moment amb diferents col\u00b7lectius, sessions que han perm\u00e9s durant 2025, oferir formaci\u00f3 a m\u00e9s de 1.000 persones a l&#8217;entorn d&#8217;actuaci\u00f3 de la mancomunitat.<br>Les inscripcions han de realitzar-se trucant al tel\u00e8fon 672 32 40 07<\/p>\n","protected":false},"excerpt":{"rendered":"<div class=\"mh-excerpt\">La&nbsp;Mancomunitat Foia de Bunyol-Xiva, a trav\u00e9s de la seua&nbsp;\u00c0rea de Serveis Socials, organitza un&nbsp;curs\/taller finan\u00e7at per la&nbsp;conselleria de Serveis Socials de la Generalitat Valenciana&nbsp;i impulsat en col\u00b7laboraci\u00f3 amb l&#8217;Associaci\u00f3&nbsp; de Salut Mental de la Comunitat <a class=\"mh-excerpt-more\" href=\"https:\/\/www.tucomarca.com\/wordpress\/segunda\/ca\/la-mancomunitat-foia-de-bunyol-xiva-inicia-accions-de-formacio-per-a-impulsar-lautocura-de-la-dona\/\" title=\"La Mancomunitat Foia de Bunyol-Xiva inicia accions de formaci\u00f3 per a impulsar l&#8217;autocura de la dona\">[+] <\/a><\/div>\n","protected":false},"author":12,"featured_media":286148,"comment_status":"open","ping_status":"open","sticky":false,"template":"","format":"standard","meta":{"footnotes":""},"categories":[11019,10980,10948,10894,10912,10947,10896],"tags":[23411,10914,11514],"class_list":{"0":"post-286150","1":"post","2":"type-post","3":"status-publish","4":"format-standard","5":"has-post-thumbnail","7":"category-agenda-ca","8":"category-yatova-ca","9":"category-infraestructuras-ca","10":"category-la-comarca-ca","11":"category-la-hoya-ca","12":"category-politica","13":"category-seccion-ca","14":"tag-autocuidado-de-la-mujer","15":"tag-la-hoya-de-bunol-chiva-ca","16":"tag-mancomunidad-de-la-hoya-de-bunol-chiva-ca"},"_links":{"self":[{"href":"https:\/\/www.tucomarca.com\/wordpress\/segunda\/ca\/wp-json\/wp\/v2\/posts\/286150","targetHints":{"allow":["GET"]}}],"collection":[{"href":"https:\/\/www.tucomarca.com\/wordpress\/segunda\/ca\/wp-json\/wp\/v2\/posts"}],"about":[{"href":"https:\/\/www.tucomarca.com\/wordpress\/segunda\/ca\/wp-json\/wp\/v2\/types\/post"}],"author":[{"embeddable":true,"href":"https:\/\/www.tucomarca.com\/wordpress\/segunda\/ca\/wp-json\/wp\/v2\/users\/12"}],"replies":[{"embeddable":true,"href":"https:\/\/www.tucomarca.com\/wordpress\/segunda\/ca\/wp-json\/wp\/v2\/comments?post=286150"}],"version-history":[{"count":0,"href":"https:\/\/www.tucomarca.com\/wordpress\/segunda\/ca\/wp-json\/wp\/v2\/posts\/286150\/revisions"}],"wp:featuredmedia":[{"embeddable":true,"href":"https:\/\/www.tucomarca.com\/wordpress\/segunda\/ca\/wp-json\/wp\/v2\/media\/286148"}],"wp:attachment":[{"href":"https:\/\/www.tucomarca.com\/wordpress\/segunda\/ca\/wp-json\/wp\/v2\/media?parent=286150"}],"wp:term":[{"taxonomy":"category","embeddable":true,"href":"https:\/\/www.tucomarca.com\/wordpress\/segunda\/ca\/wp-json\/wp\/v2\/categories?post=286150"},{"taxonomy":"post_tag","embeddable":true,"href":"https:\/\/www.tucomarca.com\/wordpress\/segunda\/ca\/wp-json\/wp\/v2\/tags?post=286150"}],"curies":[{"name":"wp","href":"https:\/\/api.w.org\/{rel}","templated":true}]}}