{"id":286176,"date":"2025-11-24T10:30:00","date_gmt":"2025-11-24T09:30:00","guid":{"rendered":"https:\/\/www.tucomarca.com\/wordpress\/segunda\/?p=286176"},"modified":"2025-11-24T19:28:12","modified_gmt":"2025-11-24T18:28:12","slug":"la-unio-denuncia-que-els-preus-de-loli-cauen-mes-dun-30-sobre-la-campanya-anterior","status":"publish","type":"post","link":"https:\/\/www.tucomarca.com\/wordpress\/segunda\/ca\/la-unio-denuncia-que-els-preus-de-loli-cauen-mes-dun-30-sobre-la-campanya-anterior\/","title":{"rendered":"La Uni\u00f3 den\u00fancia que els preus de l&#8217;oli cauen m\u00e9s d&#8217;un 30% sobre la campanya anterior"},"content":{"rendered":"\n<h3 class=\"wp-block-heading\">En plena recol\u00b7lecci\u00f3 de l&#8217;oliva en les zones productores de la Comunitat Valenciana, estem davant una campanya amb una recuperaci\u00f3 productiva despr\u00e9s de l&#8217;important minvament de l&#8217;anterior per la sequera, per\u00f2 lluny de l&#8217;esperat en un principi.<\/h3>\n\n\n\n<h3 class=\"wp-block-heading\">Els productors estan preocupats per la possible retallada de les ajudes de la PAC i per no rebre l&#8217;ajuda per la sequera del passat any davant la falta de pressupostos generals de l&#8217;Estat.<\/h3>\n\n\n\n<p>24 de novembre de 2025.- La Uni\u00f3 Llauradora preveu una collita d&#8217;olives m\u00e9s baixa de l&#8217;esperat en general en el conjunt de la Comunitat Valenciana amb una recuperaci\u00f3 productiva despr\u00e9s d&#8217;una campanya com la passada nefasta a conseq\u00fc\u00e8ncia de l&#8217;important minvament ocasionat per la sequera, per\u00f2 lluny encara del que es preveia. La major o menor recuperaci\u00f3 productiva en relaci\u00f3 amb la passada campanya dependr\u00e0 de les diferents zones productores del nostre territori i en algunes ser\u00e0 fins i tot un 40% menys de l&#8217;esperat en un principi.<\/p>\n\n\n\n<p>Les pluges de primavera van permetre una floraci\u00f3 del fruit excel\u00b7lent, que feia remenar m\u00e9s collita, per\u00f2 l&#8217;estimaci\u00f3 ha anat a la baixa pel mal quallat posterior sobretot a causa de les elevades temperatures d&#8217;aquest passat estiu. Les \u00faltimes pluges s\u00ed que han servit per a engreixar alguna cosa les olives. La qualitat de l&#8217;oliva \u00e9s bona al no haver-hi hagut massa problemes de plagues.<\/p>\n\n\n\n<figure class=\"wp-block-image size-large\"><img loading=\"lazy\" decoding=\"async\" width=\"1024\" height=\"682\" src=\"http:\/\/www.tucomarca.com\/wordpress\/segunda\/wp-content\/uploads\/2025\/11\/CampanyaOli4-1024x682.jpg\" alt=\"\" class=\"wp-image-286173\" srcset=\"https:\/\/www.tucomarca.com\/wordpress\/segunda\/wp-content\/uploads\/2025\/11\/CampanyaOli4-1024x682.jpg 1024w, https:\/\/www.tucomarca.com\/wordpress\/segunda\/wp-content\/uploads\/2025\/11\/CampanyaOli4-300x200.jpg 300w, https:\/\/www.tucomarca.com\/wordpress\/segunda\/wp-content\/uploads\/2025\/11\/CampanyaOli4-768x512.jpg 768w, https:\/\/www.tucomarca.com\/wordpress\/segunda\/wp-content\/uploads\/2025\/11\/CampanyaOli4.jpg 1280w\" sizes=\"auto, (max-width: 1024px) 100vw, 1024px\" \/><\/figure>\n\n\n\n<p>Enric Sim\u00f3, responsable del sector de l&#8217;olivar de La Uni\u00f3, indica que \u201cles perspectives d&#8217;aquesta campanya s\u00f3n bones si es comparen amb la passada, ja que molts productors no van arreplegar res d&#8217;olives i fins i tot va haver-hi alm\u00e0sseres que ni tan sols van obrir. No obstant aix\u00f2, no \u00e9s el que esper\u00e0vem i la situaci\u00f3 dep\u00e9n de zones, per la qual cosa no podem parlar d&#8217;una campanya normal\u201d.<\/p>\n\n\n\n<p>La recuperaci\u00f3 de la capacitat productiva en l&#8217;olivar en relaci\u00f3 a la passada campanya no es veu acompanyada de moment pels preus, que es troben bastant baixos i en caiguda lliure. Les cotitzacions del Ministeri d&#8217;Agricultura, corresponents a la setmana del 10 al 16 de novembre, se situen en 4,2 \u20ac el quilo d&#8217;oli per al verge extra i en 3,6 \u20ac\/kg el de verge. Es tracta de preus un 30% m\u00e9s baixos que per aquestes mateixes dates de la passada campanya i entre un 26 i un 29% sobre la mitjana de les \u00faltimes quatre campanyes.<\/p>\n\n\n\n<p>Enric Sim\u00f3, responsable del sector de l&#8217;oli d&#8217;oliva de La Uni\u00f3 Llauradora, considera que \u201csi b\u00e9 l&#8217;increment de preus tan desorbitat que es va registrar fa dos anys no era normal, ara observem que estan massa afonats. Cotitzacions per davall dels 4,5 o 5 euros deixen de ser rendibles per als productors. Demanem unes cotitzacions dignes que ens permeten cobrir costos i continuar produint la mat\u00e8ria primera de l&#8217;oli d&#8217;oliva, un aliment primordial en la dieta mediterr\u00e0nia que ha de costar el que realment val\u201d.<\/p>\n\n\n\n<p>La major part de les explotacions olivareres de la Comunitat Valenciana se situen en zones d&#8217;interior desfavorides i gran part en zones muntanyenques, la qual cosa suposa encara majors costos per als agricultors.<\/p>\n\n\n\n<p>La preocupaci\u00f3 de La Uni\u00f3, a m\u00e9s de tot l&#8217;anterior, se centra en que les ajudes a la renda per als olivarers a trav\u00e9s de la PAC poden patir una important retallada en els pressupostos de la Uni\u00f3 Europea. La proposta de Marc Financer Pluriennal de la Comissi\u00f3 Europea per al per\u00edode 2028-2034 contempla una reducci\u00f3 del suport al sector primari, de manera que retalla un 22% les ajudes de la PAC.<\/p>\n\n\n\n<p>A m\u00e9s, els olivarers de la Comunitat Valenciana tenen pendent encara les ajudes aprovades per la sequera de 2024 que no es concreten a causa de la falta de pressupostos generals de l&#8217;Estat. Sim\u00f3 assenyala que \u201cdavant la meteorologia poc podem fer, per\u00f2 resulta totalment lamentable que per la falta d&#8217;acord dels nostres governants a Brussel\u00b7les i Madrid estiguem en suspens per a veure si rebrem major o menor suport econ\u00f2mic que ens serveix d&#8217;important complement per a garantir la rendibilitat i viabilitat de les nostres explotacions\u201d.<\/p>\n","protected":false},"excerpt":{"rendered":"<div class=\"mh-excerpt\">En plena recol\u00b7lecci\u00f3 de l&#8217;oliva en les zones productores de la Comunitat Valenciana, estem davant una campanya amb una recuperaci\u00f3 productiva despr\u00e9s de l&#8217;important minvament de l&#8217;anterior per la sequera, per\u00f2 lluny de l&#8217;esperat en <a class=\"mh-excerpt-more\" href=\"https:\/\/www.tucomarca.com\/wordpress\/segunda\/ca\/la-unio-denuncia-que-els-preus-de-loli-cauen-mes-dun-30-sobre-la-campanya-anterior\/\" title=\"La Uni\u00f3 den\u00fancia que els preus de l&#8217;oli cauen m\u00e9s d&#8217;un 30% sobre la campanya anterior\">[+] <\/a><\/div>\n","protected":false},"author":12,"featured_media":286172,"comment_status":"open","ping_status":"open","sticky":false,"template":"","format":"standard","meta":{"footnotes":""},"categories":[10905,10951,10898,10948,10894,10904,10903,10947,10909,10896],"tags":[21082,23417],"class_list":{"0":"post-286176","1":"post","2":"type-post","3":"status-publish","4":"format-standard","5":"has-post-thumbnail","7":"category-agricultura-la-comarca-ca","8":"category-ayora-cofrentes-ca","9":"category-ventana-ca","10":"category-infraestructuras-ca","11":"category-la-comarca-ca","12":"category-sin-categorizar-ca","13":"category-medio-ambiente-la-comarca-ca","14":"category-politica","15":"category-requena-utiel-ca","16":"category-seccion-ca","17":"tag-la-unio-llauradora-i-ramadera-ca","18":"tag-precios-del-aceite-ca"},"_links":{"self":[{"href":"https:\/\/www.tucomarca.com\/wordpress\/segunda\/ca\/wp-json\/wp\/v2\/posts\/286176","targetHints":{"allow":["GET"]}}],"collection":[{"href":"https:\/\/www.tucomarca.com\/wordpress\/segunda\/ca\/wp-json\/wp\/v2\/posts"}],"about":[{"href":"https:\/\/www.tucomarca.com\/wordpress\/segunda\/ca\/wp-json\/wp\/v2\/types\/post"}],"author":[{"embeddable":true,"href":"https:\/\/www.tucomarca.com\/wordpress\/segunda\/ca\/wp-json\/wp\/v2\/users\/12"}],"replies":[{"embeddable":true,"href":"https:\/\/www.tucomarca.com\/wordpress\/segunda\/ca\/wp-json\/wp\/v2\/comments?post=286176"}],"version-history":[{"count":0,"href":"https:\/\/www.tucomarca.com\/wordpress\/segunda\/ca\/wp-json\/wp\/v2\/posts\/286176\/revisions"}],"wp:featuredmedia":[{"embeddable":true,"href":"https:\/\/www.tucomarca.com\/wordpress\/segunda\/ca\/wp-json\/wp\/v2\/media\/286172"}],"wp:attachment":[{"href":"https:\/\/www.tucomarca.com\/wordpress\/segunda\/ca\/wp-json\/wp\/v2\/media?parent=286176"}],"wp:term":[{"taxonomy":"category","embeddable":true,"href":"https:\/\/www.tucomarca.com\/wordpress\/segunda\/ca\/wp-json\/wp\/v2\/categories?post=286176"},{"taxonomy":"post_tag","embeddable":true,"href":"https:\/\/www.tucomarca.com\/wordpress\/segunda\/ca\/wp-json\/wp\/v2\/tags?post=286176"}],"curies":[{"name":"wp","href":"https:\/\/api.w.org\/{rel}","templated":true}]}}