{"id":286301,"date":"2025-11-25T07:50:00","date_gmt":"2025-11-25T06:50:00","guid":{"rendered":"https:\/\/www.tucomarca.com\/wordpress\/segunda\/?p=286301"},"modified":"2025-11-25T21:51:36","modified_gmt":"2025-11-25T20:51:36","slug":"el-centre-dinnovacio-territorial-ruraltec-i-la-conselleria-dinnovacio-impulsen-la-sensorizacion-contra-incendis-en-les-hoces-del-cabriel","status":"publish","type":"post","link":"https:\/\/www.tucomarca.com\/wordpress\/segunda\/ca\/el-centre-dinnovacio-territorial-ruraltec-i-la-conselleria-dinnovacio-impulsen-la-sensorizacion-contra-incendis-en-les-hoces-del-cabriel\/","title":{"rendered":"El Centre d&#8217;Innovaci\u00f3 Territorial RuralTEC i la Conselleria d&#8217;Innovaci\u00f3 impulsen la sensorizaci\u00f3n contra incendis en les Hoces del Cabriel"},"content":{"rendered":"\n<p>La mesura, ja realitzada en l&#8217;Alt T\u00faria i el Rac\u00f3 d&#8217;Adem\u00fas, permet incorporar, a la xarxa d&#8217;observaci\u00f3 de la Conselleria de Medi Ambient, una xarxa de sensors en entorns clau dels dos parcs naturals.<\/p>\n\n\n\n<p>En aquest cas, l&#8217;acci\u00f3 ha perm\u00e9s la sensorizaci\u00f3n d&#8217;un espai especialment sensible sobre el qual anualment transiten m\u00e9s de 30.000 persones; el paratge conegut com \u201cEl Tete\u201d, lloc del qual parteixen gran part de les activitats d&#8217;oci aventura que es desenvolupen en aquest paratge natural.<\/p>\n\n\n\n<p>L&#8217;actuaci\u00f3, realitzada a petici\u00f3 dels responsables del parc natural, ha perm\u00e9s la sensorizaci\u00f3n d&#8217;una superf\u00edcie superior a 1 km quadrat, superf\u00edcie que \u00e9s propietat d&#8217;Iberdrola, companyia que ha facilitat en tot moment la instal\u00b7laci\u00f3 de la tecnologia de detecci\u00f3 i que mostra especial sensibilitat amb aquesta mena d&#8217;actuacions.<\/p>\n\n\n\n<p>La iniciativa ha sigut possible gr\u00e0cies al finan\u00e7ament aportat per la Conselleria d&#8217;Innovaci\u00f3, Ind\u00fastria, Comer\u00e7 i Turisme de la Generalitat Valenciana<\/p>\n\n\n\n<p>Amb les tres accions de sensorizaci\u00f3n realitzades, en aquests territoris, el CIT RuralTEC ha incorporat a la xarxa d&#8217;emerg\u00e8ncies de la Generalitat, una superf\u00edcie superior als 6 km quadrats en zones d&#8217;alt risc degut a la gran aflu\u00e8ncia de visitants durant tot l&#8217;any i al seu important valor mig ambiental.<\/p>\n\n\n\n<p>Els projectes desenvolupats per RuralTEC en mat\u00e8ria de sensorizaci\u00f3n enfront de fen\u00f2mens meteorol\u00f2gics extrems i incendis, tenen per objecte aportar a Generalitat, proves pilot amb les quals poder determinar la tecnologia m\u00e9s adequades en diferents terrenys i situacions.<\/p>\n\n\n\n<p>El Centre d&#8217;Innovaci\u00f3 RuralTEC, pertanyent a la Xarxa de Centres d&#8217;Innovaci\u00f3 del Ministeri per a la Transici\u00f3 Ecol\u00f2gica i Repte Demogr\u00e0fic i dependent de la Diputaci\u00f3 de Val\u00e8ncia, actua des de l&#8217;inici de 2025 en els entorns d&#8217;Utiel Requena, Alt T\u00faria i Rinc\u00f3n d&#8217;Adem\u00fas impulsant el desenvolupament rural mitjan\u00e7ant l&#8217;\u00fas de tecnologies innovadores. El seu objectiu \u00e9s millorar la productivitat, la sostenibilitat i la qualitat de vida en comunitats rurals a trav\u00e9s de solucions digitals, automatitzaci\u00f3, connectivitat, energies renovables i eines tecnol\u00f2giques adaptades al camp, facilitant aix\u00ed la modernitzaci\u00f3 d&#8217;activitats agr\u00edcoles, ramaderes, de gesti\u00f3 territorial i millorant la qualitat de vida de les persones que habiten aquests territoris.<\/p>\n","protected":false},"excerpt":{"rendered":"<div class=\"mh-excerpt\">La mesura, ja realitzada en l&#8217;Alt T\u00faria i el Rac\u00f3 d&#8217;Adem\u00fas, permet incorporar, a la xarxa d&#8217;observaci\u00f3 de la Conselleria de Medi Ambient, una xarxa de sensors en entorns clau dels dos parcs naturals. En <a class=\"mh-excerpt-more\" href=\"https:\/\/www.tucomarca.com\/wordpress\/segunda\/ca\/el-centre-dinnovacio-territorial-ruraltec-i-la-conselleria-dinnovacio-impulsen-la-sensorizacion-contra-incendis-en-les-hoces-del-cabriel\/\" title=\"El Centre d&#8217;Innovaci\u00f3 Territorial RuralTEC i la Conselleria d&#8217;Innovaci\u00f3 impulsen la sensorizaci\u00f3n contra incendis en les Hoces del Cabriel\">[+] <\/a><\/div>\n","protected":false},"author":12,"featured_media":286300,"comment_status":"open","ping_status":"open","sticky":false,"template":"","format":"standard","meta":{"footnotes":""},"categories":[10890,11046,10948,10894,10903,10947,10909,10896],"tags":[22055,22947,20815,23433],"class_list":{"0":"post-286301","1":"post","2":"type-post","3":"status-publish","4":"format-standard","5":"has-post-thumbnail","7":"category-ademus","8":"category-los-serranos-ca","9":"category-infraestructuras-ca","10":"category-la-comarca-ca","11":"category-medio-ambiente-la-comarca-ca","12":"category-politica","13":"category-requena-utiel-ca","14":"category-seccion-ca","15":"tag-cit-ruraltec-ca","16":"tag-hoces-del-cabriel-ca","17":"tag-ruraltec-ca","18":"tag-sensorizacion-contra-incendios-ca"},"_links":{"self":[{"href":"https:\/\/www.tucomarca.com\/wordpress\/segunda\/ca\/wp-json\/wp\/v2\/posts\/286301","targetHints":{"allow":["GET"]}}],"collection":[{"href":"https:\/\/www.tucomarca.com\/wordpress\/segunda\/ca\/wp-json\/wp\/v2\/posts"}],"about":[{"href":"https:\/\/www.tucomarca.com\/wordpress\/segunda\/ca\/wp-json\/wp\/v2\/types\/post"}],"author":[{"embeddable":true,"href":"https:\/\/www.tucomarca.com\/wordpress\/segunda\/ca\/wp-json\/wp\/v2\/users\/12"}],"replies":[{"embeddable":true,"href":"https:\/\/www.tucomarca.com\/wordpress\/segunda\/ca\/wp-json\/wp\/v2\/comments?post=286301"}],"version-history":[{"count":0,"href":"https:\/\/www.tucomarca.com\/wordpress\/segunda\/ca\/wp-json\/wp\/v2\/posts\/286301\/revisions"}],"wp:featuredmedia":[{"embeddable":true,"href":"https:\/\/www.tucomarca.com\/wordpress\/segunda\/ca\/wp-json\/wp\/v2\/media\/286300"}],"wp:attachment":[{"href":"https:\/\/www.tucomarca.com\/wordpress\/segunda\/ca\/wp-json\/wp\/v2\/media?parent=286301"}],"wp:term":[{"taxonomy":"category","embeddable":true,"href":"https:\/\/www.tucomarca.com\/wordpress\/segunda\/ca\/wp-json\/wp\/v2\/categories?post=286301"},{"taxonomy":"post_tag","embeddable":true,"href":"https:\/\/www.tucomarca.com\/wordpress\/segunda\/ca\/wp-json\/wp\/v2\/tags?post=286301"}],"curies":[{"name":"wp","href":"https:\/\/api.w.org\/{rel}","templated":true}]}}