{"id":286342,"date":"2025-11-25T09:30:00","date_gmt":"2025-11-25T08:30:00","guid":{"rendered":"https:\/\/www.tucomarca.com\/wordpress\/segunda\/?p=286342"},"modified":"2025-11-25T21:34:40","modified_gmt":"2025-11-25T20:34:40","slug":"millares-commemora-el-25n-amb-un-taller-de-prevencio-activitats-de-sensibilitzacio-i-un-mural-collectiu-per-la-igualtat","status":"publish","type":"post","link":"https:\/\/www.tucomarca.com\/wordpress\/segunda\/ca\/millares-commemora-el-25n-amb-un-taller-de-prevencio-activitats-de-sensibilitzacio-i-un-mural-collectiu-per-la-igualtat\/","title":{"rendered":"Millares commemora el 25N amb un taller de prevenci\u00f3, activitats de sensibilitzaci\u00f3 i un mural col\u00b7lectiu per la igualtat"},"content":{"rendered":"\n<p>L\u2019Ajuntament de Millares celebra el Dia Internacional de l\u2019Eliminaci\u00f3 de la Viol\u00e8ncia Contra les Dones amb una programaci\u00f3 centrada en la prevenci\u00f3, la sensibilitzaci\u00f3 i la participaci\u00f3 ciutadana. La iniciativa principal tindr\u00e0 lloc aquest dimarts 25 de novembre a les 18.00 h al CIM, on s\u2019impartir\u00e0 un taller participatiu destinat a proporcionar eines per a prevenir, detectar i actuar davant possibles casos de viol\u00e8ncia de g\u00e8nere. Des del consistori destaquen la import\u00e0ncia de formar-nos conjuntament per a construir un municipi m\u00e9s igualitari i lliure de viol\u00e8ncia.<\/p>\n\n\n\n<p>A m\u00e9s, com a part de la commemoraci\u00f3, els dies <strong>26 i 29 de novembre<\/strong>, de 9.00 a 14.00 h, es dur\u00e0 a terme l\u2019activitat <em>\u201cL\u2019Arbre de la Igualtat\u201d<\/em>, en la qual es convidar\u00e0 totes les persones del municipi a fotografiar-se per a formar un mural col\u00b7lectiu. Cada imatge es convertir\u00e0 en una fulla simb\u00f2lica que representar\u00e0 el comprom\u00eds de Millares amb el respecte, la igualtat i la uni\u00f3.<\/p>\n\n\n<div class=\"wp-block-image\">\n<figure class=\"alignleft size-full is-resized\"><img loading=\"lazy\" decoding=\"async\" width=\"768\" height=\"960\" src=\"http:\/\/www.tucomarca.com\/wordpress\/segunda\/wp-content\/uploads\/2025\/11\/Millares25N_2.jpg\" alt=\"\" class=\"wp-image-286339\" style=\"width:338px;height:auto\" srcset=\"https:\/\/www.tucomarca.com\/wordpress\/segunda\/wp-content\/uploads\/2025\/11\/Millares25N_2.jpg 768w, https:\/\/www.tucomarca.com\/wordpress\/segunda\/wp-content\/uploads\/2025\/11\/Millares25N_2-240x300.jpg 240w\" sizes=\"auto, (max-width: 768px) 100vw, 768px\" \/><\/figure>\n<\/div>\n\n\n<p>Les activitats culminaran el <strong>dissabte 29<\/strong>, a partir de les 18.00 h, a la <strong>Pla\u00e7a del Hinchidor<\/strong>, amb un berenar elaborat amb productes dels comer\u00e7os locals i amenitzat per la m\u00fasica en directe de <em>Freed D\u00fao<\/em>. Una jornada de conviv\u00e8ncia per a tancar una programaci\u00f3 que referma el comprom\u00eds de Millares en la lluita contra la viol\u00e8ncia de g\u00e8nere i en la promoci\u00f3 de la igualtat real.<\/p>\n","protected":false},"excerpt":{"rendered":"<div class=\"mh-excerpt\">L\u2019Ajuntament de Millares celebra el Dia Internacional de l\u2019Eliminaci\u00f3 de la Viol\u00e8ncia Contra les Dones amb una programaci\u00f3 centrada en la prevenci\u00f3, la sensibilitzaci\u00f3 i la participaci\u00f3 ciutadana. La iniciativa principal tindr\u00e0 lloc aquest dimarts <a class=\"mh-excerpt-more\" href=\"https:\/\/www.tucomarca.com\/wordpress\/segunda\/ca\/millares-commemora-el-25n-amb-un-taller-de-prevencio-activitats-de-sensibilitzacio-i-un-mural-collectiu-per-la-igualtat\/\" title=\"Millares commemora el 25N amb un taller de prevenci\u00f3, activitats de sensibilitzaci\u00f3 i un mural col\u00b7lectiu per la igualtat\">[+] <\/a><\/div>\n","protected":false},"author":12,"featured_media":286338,"comment_status":"open","ping_status":"open","sticky":false,"template":"","format":"standard","meta":{"footnotes":""},"categories":[11019,10963,10894,10970,11007,10947,10896],"tags":[13087,11094,11186],"class_list":{"0":"post-286342","1":"post","2":"type-post","3":"status-publish","4":"format-standard","5":"has-post-thumbnail","7":"category-agenda-ca","8":"category-la-canal-de-navarres-ca","9":"category-la-comarca-ca","10":"category-millares-ca","11":"category-ocio-y-cultura-ca","12":"category-politica","13":"category-seccion-ca","14":"tag-25n-ca","15":"tag-la-canal-de-navarres","16":"tag-millares-ca"},"_links":{"self":[{"href":"https:\/\/www.tucomarca.com\/wordpress\/segunda\/ca\/wp-json\/wp\/v2\/posts\/286342","targetHints":{"allow":["GET"]}}],"collection":[{"href":"https:\/\/www.tucomarca.com\/wordpress\/segunda\/ca\/wp-json\/wp\/v2\/posts"}],"about":[{"href":"https:\/\/www.tucomarca.com\/wordpress\/segunda\/ca\/wp-json\/wp\/v2\/types\/post"}],"author":[{"embeddable":true,"href":"https:\/\/www.tucomarca.com\/wordpress\/segunda\/ca\/wp-json\/wp\/v2\/users\/12"}],"replies":[{"embeddable":true,"href":"https:\/\/www.tucomarca.com\/wordpress\/segunda\/ca\/wp-json\/wp\/v2\/comments?post=286342"}],"version-history":[{"count":0,"href":"https:\/\/www.tucomarca.com\/wordpress\/segunda\/ca\/wp-json\/wp\/v2\/posts\/286342\/revisions"}],"wp:featuredmedia":[{"embeddable":true,"href":"https:\/\/www.tucomarca.com\/wordpress\/segunda\/ca\/wp-json\/wp\/v2\/media\/286338"}],"wp:attachment":[{"href":"https:\/\/www.tucomarca.com\/wordpress\/segunda\/ca\/wp-json\/wp\/v2\/media?parent=286342"}],"wp:term":[{"taxonomy":"category","embeddable":true,"href":"https:\/\/www.tucomarca.com\/wordpress\/segunda\/ca\/wp-json\/wp\/v2\/categories?post=286342"},{"taxonomy":"post_tag","embeddable":true,"href":"https:\/\/www.tucomarca.com\/wordpress\/segunda\/ca\/wp-json\/wp\/v2\/tags?post=286342"}],"curies":[{"name":"wp","href":"https:\/\/api.w.org\/{rel}","templated":true}]}}