{"id":286358,"date":"2025-11-25T10:27:00","date_gmt":"2025-11-25T09:27:00","guid":{"rendered":"https:\/\/www.tucomarca.com\/wordpress\/segunda\/?p=286358"},"modified":"2025-11-25T22:09:39","modified_gmt":"2025-11-25T21:09:39","slug":"alborache-reafirma-el-seu-compromis-amb-la-igualtat-per-a-erradicar-la-violencia-de-genere","status":"publish","type":"post","link":"https:\/\/www.tucomarca.com\/wordpress\/segunda\/ca\/alborache-reafirma-el-seu-compromis-amb-la-igualtat-per-a-erradicar-la-violencia-de-genere\/","title":{"rendered":"Alborache reafirma el seu comprom\u00eds amb la igualtat per a erradicar la viol\u00e8ncia de g\u00e8nere"},"content":{"rendered":"\n<p>L&#8217;Ajuntament d&#8217;Alborache ha reiterat hui el seu ferm comprom\u00eds amb la igualtat real entre dones i homes, destacant-la com la base indispensable per a l&#8217;eliminaci\u00f3 de la viol\u00e8ncia de g\u00e8nere.\u2028Des del consistori subratllen que continuaran impulsant accions de sensibilitzaci\u00f3, prevenci\u00f3 i suport a les v\u00edctimes, reafirmant la seua aposta per una societat m\u00e9s justa, segura i lliure de viol\u00e8ncia masclista.<\/p>\n","protected":false},"excerpt":{"rendered":"<div class=\"mh-excerpt\">L&#8217;Ajuntament d&#8217;Alborache ha reiterat hui el seu ferm comprom\u00eds amb la igualtat real entre dones i homes, destacant-la com la base indispensable per a l&#8217;eliminaci\u00f3 de la viol\u00e8ncia de g\u00e8nere.\u2028Des del consistori subratllen que continuaran <a class=\"mh-excerpt-more\" href=\"https:\/\/www.tucomarca.com\/wordpress\/segunda\/ca\/alborache-reafirma-el-seu-compromis-amb-la-igualtat-per-a-erradicar-la-violencia-de-genere\/\" title=\"Alborache reafirma el seu comprom\u00eds amb la igualtat per a erradicar la viol\u00e8ncia de g\u00e8nere\">[+] <\/a><\/div>\n","protected":false},"author":12,"featured_media":286357,"comment_status":"open","ping_status":"open","sticky":false,"template":"","format":"standard","meta":{"footnotes":""},"categories":[10973,10948,10894,10912,11007,10947,10896],"tags":[13087,11224,10914],"class_list":{"0":"post-286358","1":"post","2":"type-post","3":"status-publish","4":"format-standard","5":"has-post-thumbnail","7":"category-alborache-ca","8":"category-infraestructuras-ca","9":"category-la-comarca-ca","10":"category-la-hoya-ca","11":"category-ocio-y-cultura-ca","12":"category-politica","13":"category-seccion-ca","14":"tag-25n-ca","15":"tag-alborache-ca","16":"tag-la-hoya-de-bunol-chiva-ca"},"_links":{"self":[{"href":"https:\/\/www.tucomarca.com\/wordpress\/segunda\/ca\/wp-json\/wp\/v2\/posts\/286358","targetHints":{"allow":["GET"]}}],"collection":[{"href":"https:\/\/www.tucomarca.com\/wordpress\/segunda\/ca\/wp-json\/wp\/v2\/posts"}],"about":[{"href":"https:\/\/www.tucomarca.com\/wordpress\/segunda\/ca\/wp-json\/wp\/v2\/types\/post"}],"author":[{"embeddable":true,"href":"https:\/\/www.tucomarca.com\/wordpress\/segunda\/ca\/wp-json\/wp\/v2\/users\/12"}],"replies":[{"embeddable":true,"href":"https:\/\/www.tucomarca.com\/wordpress\/segunda\/ca\/wp-json\/wp\/v2\/comments?post=286358"}],"version-history":[{"count":0,"href":"https:\/\/www.tucomarca.com\/wordpress\/segunda\/ca\/wp-json\/wp\/v2\/posts\/286358\/revisions"}],"wp:featuredmedia":[{"embeddable":true,"href":"https:\/\/www.tucomarca.com\/wordpress\/segunda\/ca\/wp-json\/wp\/v2\/media\/286357"}],"wp:attachment":[{"href":"https:\/\/www.tucomarca.com\/wordpress\/segunda\/ca\/wp-json\/wp\/v2\/media?parent=286358"}],"wp:term":[{"taxonomy":"category","embeddable":true,"href":"https:\/\/www.tucomarca.com\/wordpress\/segunda\/ca\/wp-json\/wp\/v2\/categories?post=286358"},{"taxonomy":"post_tag","embeddable":true,"href":"https:\/\/www.tucomarca.com\/wordpress\/segunda\/ca\/wp-json\/wp\/v2\/tags?post=286358"}],"curies":[{"name":"wp","href":"https:\/\/api.w.org\/{rel}","templated":true}]}}