{"id":286365,"date":"2025-11-25T10:25:00","date_gmt":"2025-11-25T09:25:00","guid":{"rendered":"https:\/\/www.tucomarca.com\/wordpress\/segunda\/?p=286365"},"modified":"2025-11-25T22:06:27","modified_gmt":"2025-11-25T21:06:27","slug":"siete-aguas-se-suma-al-dia-internacional-de-leliminacio-de-la-violencia-contra-les-dones","status":"publish","type":"post","link":"https:\/\/www.tucomarca.com\/wordpress\/segunda\/ca\/siete-aguas-se-suma-al-dia-internacional-de-leliminacio-de-la-violencia-contra-les-dones\/","title":{"rendered":"Siete Aguas se suma al Dia Internacional de l\u2019Eliminaci\u00f3 de la Viol\u00e8ncia contra les Dones"},"content":{"rendered":"\n<p>L\u2019Ajuntament de Siete Aguas ha anunciat la seua adhesi\u00f3 a la commemoraci\u00f3 del Dia Internacional de l\u2019Eliminaci\u00f3 de la Viol\u00e8ncia contra les Dones, una data clau per a reivindicar societats m\u00e9s segures, igualit\u00e0ries i lliures de viol\u00e8ncia masclista.<\/p>\n\n\n\n<p>Amb motiu d\u2019aquesta jornada, el municipi ha programat un acte especial per a aquest diumenge, 30 de novembre. Abans de la representaci\u00f3 de l\u2019obra <em>\u201cEl Puesto\u201d<\/em>, es realitzar\u00e0 una lectura en la qual es posar\u00e0 de manifest la import\u00e0ncia de continuar treballant de manera col\u00b7lectiva per a erradicar qualsevol forma de viol\u00e8ncia contra les dones.<\/p>\n\n\n\n<p>Amb aquest gest, Siete Aguas referma el seu comprom\u00eds amb la igualtat i el seu suport a totes les v\u00edctimes.<\/p>\n","protected":false},"excerpt":{"rendered":"<div class=\"mh-excerpt\">L\u2019Ajuntament de Siete Aguas ha anunciat la seua adhesi\u00f3 a la commemoraci\u00f3 del Dia Internacional de l\u2019Eliminaci\u00f3 de la Viol\u00e8ncia contra les Dones, una data clau per a reivindicar societats m\u00e9s segures, igualit\u00e0ries i lliures <a class=\"mh-excerpt-more\" href=\"https:\/\/www.tucomarca.com\/wordpress\/segunda\/ca\/siete-aguas-se-suma-al-dia-internacional-de-leliminacio-de-la-violencia-contra-les-dones\/\" title=\"Siete Aguas se suma al Dia Internacional de l\u2019Eliminaci\u00f3 de la Viol\u00e8ncia contra les Dones\">[+] <\/a><\/div>\n","protected":false},"author":12,"featured_media":286364,"comment_status":"open","ping_status":"open","sticky":false,"template":"","format":"standard","meta":{"footnotes":""},"categories":[11019,10894,10912,11007,10947,10896,10979],"tags":[13087,10914,11157],"class_list":{"0":"post-286365","1":"post","2":"type-post","3":"status-publish","4":"format-standard","5":"has-post-thumbnail","7":"category-agenda-ca","8":"category-la-comarca-ca","9":"category-la-hoya-ca","10":"category-ocio-y-cultura-ca","11":"category-politica","12":"category-seccion-ca","13":"category-siete-aguas-ca","14":"tag-25n-ca","15":"tag-la-hoya-de-bunol-chiva-ca","16":"tag-siete-aguas-ca"},"_links":{"self":[{"href":"https:\/\/www.tucomarca.com\/wordpress\/segunda\/ca\/wp-json\/wp\/v2\/posts\/286365","targetHints":{"allow":["GET"]}}],"collection":[{"href":"https:\/\/www.tucomarca.com\/wordpress\/segunda\/ca\/wp-json\/wp\/v2\/posts"}],"about":[{"href":"https:\/\/www.tucomarca.com\/wordpress\/segunda\/ca\/wp-json\/wp\/v2\/types\/post"}],"author":[{"embeddable":true,"href":"https:\/\/www.tucomarca.com\/wordpress\/segunda\/ca\/wp-json\/wp\/v2\/users\/12"}],"replies":[{"embeddable":true,"href":"https:\/\/www.tucomarca.com\/wordpress\/segunda\/ca\/wp-json\/wp\/v2\/comments?post=286365"}],"version-history":[{"count":0,"href":"https:\/\/www.tucomarca.com\/wordpress\/segunda\/ca\/wp-json\/wp\/v2\/posts\/286365\/revisions"}],"wp:featuredmedia":[{"embeddable":true,"href":"https:\/\/www.tucomarca.com\/wordpress\/segunda\/ca\/wp-json\/wp\/v2\/media\/286364"}],"wp:attachment":[{"href":"https:\/\/www.tucomarca.com\/wordpress\/segunda\/ca\/wp-json\/wp\/v2\/media?parent=286365"}],"wp:term":[{"taxonomy":"category","embeddable":true,"href":"https:\/\/www.tucomarca.com\/wordpress\/segunda\/ca\/wp-json\/wp\/v2\/categories?post=286365"},{"taxonomy":"post_tag","embeddable":true,"href":"https:\/\/www.tucomarca.com\/wordpress\/segunda\/ca\/wp-json\/wp\/v2\/tags?post=286365"}],"curies":[{"name":"wp","href":"https:\/\/api.w.org\/{rel}","templated":true}]}}