{"id":286423,"date":"2025-11-26T09:15:00","date_gmt":"2025-11-26T08:15:00","guid":{"rendered":"https:\/\/www.tucomarca.com\/wordpress\/segunda\/?p=286423"},"modified":"2025-11-26T19:35:07","modified_gmt":"2025-11-26T18:35:07","slug":"el-programa-concert-a-dos-bandes-de-la-diputacio-de-valencia-rep-mes-de-130-sollicituds-en-la-seua-nova-edicio","status":"publish","type":"post","link":"https:\/\/www.tucomarca.com\/wordpress\/segunda\/ca\/el-programa-concert-a-dos-bandes-de-la-diputacio-de-valencia-rep-mes-de-130-sollicituds-en-la-seua-nova-edicio\/","title":{"rendered":"El programa &#8216;Concert a dos bandes&#8217; de la Diputaci\u00f3 de Val\u00e8ncia rep m\u00e9s de 130 sol\u00b7licituds en la seua nova edici\u00f3"},"content":{"rendered":"\n<h3 class=\"wp-block-heading\">La iniciativa, impulsada per la delegaci\u00f3 de Bandes de M\u00fasica de la Diputaci\u00f3 de Val\u00e8ncia, busca fomentar i potenciar la m\u00fasica de banda amb concerts a la prov\u00edncia de Val\u00e8ncia, en altres prov\u00edncies d&#8217;Espanya i a l&#8217;estranger.<\/h3>\n\n\n\n<p>El programa &#8216;Concert a dos bandes&#8217;, impulsat per la delegaci\u00f3 de Bandes de M\u00fasica de la Diputaci\u00f3 de Val\u00e8ncia, ha registrat una elevada participaci\u00f3 en la convocat\u00f2ria de 2025, superant les expectatives de l&#8217;any anterior. La iniciativa, que busca fomentar i potenciar la m\u00fasica de banda, promou concerts a la prov\u00edncia de Val\u00e8ncia, en altres prov\u00edncies d&#8217;Espanya i a l&#8217;estranger. El diputat delegat de Bandes de M\u00fasica, Ricardo Gabald\u00f3n, ha assenyalat &#8220;l&#8217;excel\u00b7lent acollida del programa, que enguany ha comptat amb 131 sol\u00b7licituds presentades i una alta qualitat art\u00edstica dels projectes proposats per les societats musicals valencianes, per aix\u00f2, la Diputaci\u00f3 reafirma la seua voluntat de continuar amb esta iniciativa en successives edicions&#8221;.<\/p>\n\n\n\n<p>Aix\u00ed, este nivell ha portat a la Comissi\u00f3 Avaluadora a seleccionar el m\u00e0xim nombre de participants possible a este programa que, tal com apunta Gabald\u00f3n, &#8220;es va iniciar en 2024 per a promoure el patrimoni cultural immaterial valenci\u00e0 de m\u00fasica de banda, un element fonamental de la identitat cultural de la prov\u00edncia&#8221;.<\/p>\n\n\n\n<p>La proposta de 2025 inclou quatre concerts a l&#8217;estranger, sis fora de la prov\u00edncia i 30 concerts d&#8217;intercanvi entre municipis valencians, i aix\u00f2 suposar\u00e0 un total de 60 encontres musicals en el territori provincial. La finalitat \u00e9s incentivar la participaci\u00f3 de les societats musicals federades de la prov\u00edncia que compten amb un m\u00ednim de 30 m\u00fasics i un m\u00e0xim de 90, i tinguen capacitat d&#8217;oferir concerts de m\u00fasica de banda i simf\u00f2nica.<\/p>\n\n\n\n<p>Entre els requisits clau per a la selecci\u00f3 de projectes destaquen l&#8217;inter\u00e9s musical de la proposta i el repertori triat, del qual almenys el 50% ha d&#8217;estar format per obres de compositors valencians.<\/p>\n\n\n\n<p><strong>Comprom\u00eds amb el sector<\/strong><\/p>\n\n\n\n<p>D&#8217;altra banda, el diputat delegat de Bandes de M\u00fasica, Ricardo Gabald\u00f3n, va assistir a la gala &#8216;Que sonen les bandes&#8217;, que es va celebrar recentment a Elx i que va estar organitzada pel grup de comunicaci\u00f3 Aqu\u00ed, acompanyant a les societats musicals i posant en valor la seua labor, com a senya d&#8217;identitat pr\u00f2pia de la societat valenciana.<\/p>\n","protected":false},"excerpt":{"rendered":"<div class=\"mh-excerpt\">La iniciativa, impulsada per la delegaci\u00f3 de Bandes de M\u00fasica de la Diputaci\u00f3 de Val\u00e8ncia, busca fomentar i potenciar la m\u00fasica de banda amb concerts a la prov\u00edncia de Val\u00e8ncia, en altres prov\u00edncies d&#8217;Espanya i <a class=\"mh-excerpt-more\" href=\"https:\/\/www.tucomarca.com\/wordpress\/segunda\/ca\/el-programa-concert-a-dos-bandes-de-la-diputacio-de-valencia-rep-mes-de-130-sollicituds-en-la-seua-nova-edicio\/\" title=\"El programa &#8216;Concert a dos bandes&#8217; de la Diputaci\u00f3 de Val\u00e8ncia rep m\u00e9s de 130 sol\u00b7licituds en la seua nova edici\u00f3\">[+] <\/a><\/div>\n","protected":false},"author":12,"featured_media":286422,"comment_status":"open","ping_status":"open","sticky":false,"template":"","format":"standard","meta":{"footnotes":""},"categories":[11005,10898,10894,10904,11007,10896],"tags":[23444,11246,11210],"class_list":{"0":"post-286423","1":"post","2":"type-post","3":"status-publish","4":"format-standard","5":"has-post-thumbnail","7":"category-canal-musica","8":"category-ventana-ca","9":"category-la-comarca-ca","10":"category-sin-categorizar-ca","11":"category-ocio-y-cultura-ca","12":"category-seccion-ca","13":"tag-concert-a-dos-bandes-ca","14":"tag-diputacio-de-valencia-ca","15":"tag-fsmcv-ca"},"_links":{"self":[{"href":"https:\/\/www.tucomarca.com\/wordpress\/segunda\/ca\/wp-json\/wp\/v2\/posts\/286423","targetHints":{"allow":["GET"]}}],"collection":[{"href":"https:\/\/www.tucomarca.com\/wordpress\/segunda\/ca\/wp-json\/wp\/v2\/posts"}],"about":[{"href":"https:\/\/www.tucomarca.com\/wordpress\/segunda\/ca\/wp-json\/wp\/v2\/types\/post"}],"author":[{"embeddable":true,"href":"https:\/\/www.tucomarca.com\/wordpress\/segunda\/ca\/wp-json\/wp\/v2\/users\/12"}],"replies":[{"embeddable":true,"href":"https:\/\/www.tucomarca.com\/wordpress\/segunda\/ca\/wp-json\/wp\/v2\/comments?post=286423"}],"version-history":[{"count":0,"href":"https:\/\/www.tucomarca.com\/wordpress\/segunda\/ca\/wp-json\/wp\/v2\/posts\/286423\/revisions"}],"wp:featuredmedia":[{"embeddable":true,"href":"https:\/\/www.tucomarca.com\/wordpress\/segunda\/ca\/wp-json\/wp\/v2\/media\/286422"}],"wp:attachment":[{"href":"https:\/\/www.tucomarca.com\/wordpress\/segunda\/ca\/wp-json\/wp\/v2\/media?parent=286423"}],"wp:term":[{"taxonomy":"category","embeddable":true,"href":"https:\/\/www.tucomarca.com\/wordpress\/segunda\/ca\/wp-json\/wp\/v2\/categories?post=286423"},{"taxonomy":"post_tag","embeddable":true,"href":"https:\/\/www.tucomarca.com\/wordpress\/segunda\/ca\/wp-json\/wp\/v2\/tags?post=286423"}],"curies":[{"name":"wp","href":"https:\/\/api.w.org\/{rel}","templated":true}]}}