{"id":286437,"date":"2025-11-26T12:00:00","date_gmt":"2025-11-26T11:00:00","guid":{"rendered":"https:\/\/www.tucomarca.com\/wordpress\/segunda\/?p=286437"},"modified":"2025-11-26T22:33:14","modified_gmt":"2025-11-26T21:33:14","slug":"la-seu-electronica-de-xest-ja-permet-obtindre-el-certificat-dempadronament-a-linstant","status":"publish","type":"post","link":"https:\/\/www.tucomarca.com\/wordpress\/segunda\/ca\/la-seu-electronica-de-xest-ja-permet-obtindre-el-certificat-dempadronament-a-linstant\/","title":{"rendered":"La Seu Electr\u00f2nica de Xest ja permet obtindre el certificat d&#8217;empadronament a l&#8217;instant"},"content":{"rendered":"\n<h3 class=\"wp-block-heading\">Xest fa un pas clau en la seua modernitzaci\u00f3 amb la implantaci\u00f3 d&#8217;un tr\u00e0mit 100% autom\u00e0tic, que evita despla\u00e7aments i redueix els temps d&#8217;espera.<\/h3>\n\n\n\n<p>L&#8217;Ajuntament de Xest continua treballant per a implantar un nou servei digital en la seua Seu Electr\u00f2nica amb l&#8217;objectiu que el major nombre de gestions puguen realitzar-se des de casa. Un dels tr\u00e0mits m\u00e9s sol\u00b7licitats \u00e9s el certificat d&#8217;empadronament, que des d&#8217;ara es pot sol\u00b7licitar i rebre de manera en l\u00ednia, autom\u00e0tica i segura.<\/p>\n\n\n\n<p>\u201cAmb aquest nou servei, complim el nostre comprom\u00eds de facilitar a la ciutadania l&#8217;acc\u00e9s a tr\u00e0mits essencials. Avancem en efici\u00e8ncia i transpar\u00e8ncia, permetent que els documents s&#8217;emeten autom\u00e0ticament, reduint esperes i errors\u201d, explica Jos\u00e9 Morell, alcalde de Xest.<\/p>\n\n\n\n<p><strong>Un salt qualitatiu: obtenci\u00f3 immediata i autom\u00e0tica<\/strong><\/p>\n\n\n\n<p>La principal novetat del servei \u00e9s que, per als certificats individuals, el proc\u00e9s \u00e9s completament autom\u00e0tic. Despr\u00e9s d&#8217;identificar-se amb Certificat Digital o Cl@ve, el ve\u00ed o ve\u00efna pot descarregar el document a l&#8217;instant, sense intervenci\u00f3 manual per part del personal municipal, la qual cosa suposa un servei disponible 24 hores al dia, 7 dies a la setmana.<\/p>\n\n\n\n<p>Encara que l&#8217;opci\u00f3 presencial es mantindr\u00e0 per a qui ho necessite, l&#8217;objectiu clar \u00e9s impulsar l&#8217;administraci\u00f3 electr\u00f2nica. &#8220;Continuem caminant de la m\u00e0 de la modernitzaci\u00f3, evitant tr\u00e0mits i esperes a la ciutadania&#8221;, va afegir el primer edil.<\/p>\n\n\n\n<p><strong>Dues modalitats de sol\u00b7licitud<\/strong><\/p>\n\n\n\n<p>Existeixen dues modalitats per a sol\u00b7licitar els certificats. La primera \u00e9s l&#8217;autom\u00e0tica i immediata, pensada per a certificats individuals, on el sistema genera el document al moment per a la seua desc\u00e0rrega despr\u00e9s de la identificaci\u00f3 electr\u00f2nica de l&#8217;usuari. La segona modalitat \u00e9s sota petici\u00f3 manual, aplicable a certificats col\u00b7lectius, de tercers o hist\u00f2rics. En aquest cas, una vegada que el personal municipal ha gestionat la sol\u00b7licitud, el ciutad\u00e0 rep una notificaci\u00f3 per a arreplegar el document en la B\u00fastia Electr\u00f2nica de la Seu.<\/p>\n\n\n\n<p>S&#8217;espera que, igual que ha ocorregut en altres localitats, l&#8217;adopci\u00f3 d&#8217;aquest tr\u00e0mit en l\u00ednia siga exponencial, descongestionant les oficines i agilitzant la gesti\u00f3 tant per als ciutadans com per a l&#8217;administraci\u00f3.<\/p>\n","protected":false},"excerpt":{"rendered":"<div class=\"mh-excerpt\">Xest fa un pas clau en la seua modernitzaci\u00f3 amb la implantaci\u00f3 d&#8217;un tr\u00e0mit 100% autom\u00e0tic, que evita despla\u00e7aments i redueix els temps d&#8217;espera. L&#8217;Ajuntament de Xest continua treballant per a implantar un nou servei <a class=\"mh-excerpt-more\" href=\"https:\/\/www.tucomarca.com\/wordpress\/segunda\/ca\/la-seu-electronica-de-xest-ja-permet-obtindre-el-certificat-dempadronament-a-linstant\/\" title=\"La Seu Electr\u00f2nica de Xest ja permet obtindre el certificat d&#8217;empadronament a l&#8217;instant\">[+] <\/a><\/div>\n","protected":false},"author":12,"featured_media":286436,"comment_status":"open","ping_status":"open","sticky":false,"template":"","format":"standard","meta":{"footnotes":""},"categories":[10948,10894,10912,10947,10896,10974],"tags":[11071,23450,10914,23449],"class_list":{"0":"post-286437","1":"post","2":"type-post","3":"status-publish","4":"format-standard","5":"has-post-thumbnail","7":"category-infraestructuras-ca","8":"category-la-comarca-ca","9":"category-la-hoya-ca","10":"category-politica","11":"category-seccion-ca","12":"category-cheste-ca","13":"tag-cheste","14":"tag-empadronamiento-ca","15":"tag-la-hoya-de-bunol-chiva-ca","16":"tag-sede-electronica-ca"},"_links":{"self":[{"href":"https:\/\/www.tucomarca.com\/wordpress\/segunda\/ca\/wp-json\/wp\/v2\/posts\/286437","targetHints":{"allow":["GET"]}}],"collection":[{"href":"https:\/\/www.tucomarca.com\/wordpress\/segunda\/ca\/wp-json\/wp\/v2\/posts"}],"about":[{"href":"https:\/\/www.tucomarca.com\/wordpress\/segunda\/ca\/wp-json\/wp\/v2\/types\/post"}],"author":[{"embeddable":true,"href":"https:\/\/www.tucomarca.com\/wordpress\/segunda\/ca\/wp-json\/wp\/v2\/users\/12"}],"replies":[{"embeddable":true,"href":"https:\/\/www.tucomarca.com\/wordpress\/segunda\/ca\/wp-json\/wp\/v2\/comments?post=286437"}],"version-history":[{"count":0,"href":"https:\/\/www.tucomarca.com\/wordpress\/segunda\/ca\/wp-json\/wp\/v2\/posts\/286437\/revisions"}],"wp:featuredmedia":[{"embeddable":true,"href":"https:\/\/www.tucomarca.com\/wordpress\/segunda\/ca\/wp-json\/wp\/v2\/media\/286436"}],"wp:attachment":[{"href":"https:\/\/www.tucomarca.com\/wordpress\/segunda\/ca\/wp-json\/wp\/v2\/media?parent=286437"}],"wp:term":[{"taxonomy":"category","embeddable":true,"href":"https:\/\/www.tucomarca.com\/wordpress\/segunda\/ca\/wp-json\/wp\/v2\/categories?post=286437"},{"taxonomy":"post_tag","embeddable":true,"href":"https:\/\/www.tucomarca.com\/wordpress\/segunda\/ca\/wp-json\/wp\/v2\/tags?post=286437"}],"curies":[{"name":"wp","href":"https:\/\/api.w.org\/{rel}","templated":true}]}}