{"id":286443,"date":"2025-11-26T09:00:00","date_gmt":"2025-11-26T08:00:00","guid":{"rendered":"https:\/\/www.tucomarca.com\/wordpress\/segunda\/?p=286443"},"modified":"2025-11-26T18:56:58","modified_gmt":"2025-11-26T17:56:58","slug":"csif-denuncia-la-falta-de-metge-dempresa-propi-en-el-departament-la-ribera","status":"publish","type":"post","link":"https:\/\/www.tucomarca.com\/wordpress\/segunda\/ca\/csif-denuncia-la-falta-de-metge-dempresa-propi-en-el-departament-la-ribera\/","title":{"rendered":"CSIF denuncia la falta de metge d&#8217;empresa \u201cpropi\u201d en el departament La Ribera"},"content":{"rendered":"\n<h3 class=\"wp-block-heading\">El sindicat denuncia que l&#8217;abs\u00e8ncia de personal sanitari d&#8217;empresa incompleix la normativa de prevenci\u00f3 i alenteix l&#8217;atenci\u00f3 a m\u00e9s de 3.000 treballadors.<\/h3>\n\n\n\n<h3 class=\"wp-block-heading\">La qual cosa al seu judici genera una situaci\u00f3 de desprotecci\u00f3 dels professionals del departament de la Ribera.<\/h3>\n\n\n\n<p>(Val\u00e8ncia dimecres 26 novembre 2025) La Central Sindical Independent i de Funcionaris (CSIF) den\u00fancia p\u00fablicament la greu situaci\u00f3 que travessa la plantilla de m\u00e9s de 3.000 treballadors del Departament de Salut de La Ribera, que roman sense metge d&#8217;empresa propi des de principis del passat mes de juny, a aix\u00f2 se li afig la falta d&#8217;infermeria dels \u00faltims dies. Aquesta manca, la del metge, que inicialment es va presentar com una incid\u00e8ncia temporal, s&#8217;ha consolidat en el temps, generant una situaci\u00f3 de desprotecci\u00f3 del personal que presta els seus serveis en el departament i segons el parer del sindicat, pot arribar a no complir amb les obligacions establides en la Llei de Prevenci\u00f3 de Riscos Laborals (LPRL).<\/p>\n\n\n\n<p>Actualment, l&#8217;\u00fanica cobertura del servei es realitza mitjan\u00e7ant el despla\u00e7ament setmanal del metge d&#8217;empresa del departament de l&#8217;Hospital Universitari Doctor Peset de Val\u00e8ncia a Alzira. Aquesta mesura, a m\u00e9s de ser insuficient per a cobrir les necessitats d&#8217;una plantilla tan nombrosa, est\u00e0 provocant una sobrec\u00e0rrega laboral significativa per al facultatiu, qui ha d&#8217;assumir la vigil\u00e0ncia de la salut dels professionals de tots dos departaments.<\/p>\n\n\n\n<p>La Central Sindical recorda l&#8217;obligatorietat, segons la Llei de Prevenci\u00f3 de Riscos Laborals, que totes les empreses (incl\u00f2s el sector p\u00fablic) garantisquen la vigil\u00e0ncia de la salut dels seus empleats. Aix\u00f2 requereix oferir reconeixements m\u00e8dics peri\u00f2dics i espec\u00edfics, adaptats als riscos de cada lloc de treball. El metge d&#8217;empresa, a m\u00e9s, s&#8217;encarrega del seguiment d&#8217;incapacitats i accidents, avalua l&#8217;adequaci\u00f3 del lloc de treball a la salut del treballador i recomana les adaptacions si anaren necess\u00e0ries. Tamb\u00e9 col\u00b7labora en els Comit\u00e9s de Seguretat i Salut, participant en la investigaci\u00f3 d&#8217;accidents i implementant mesures de millora.<\/p>\n\n\n\n<p>CSIF considera que la falta d&#8217;un metge propi d&#8217;empresa perjudica els professionals del departament, ja que a difer\u00e8ncia d&#8217;altres departaments han de veure com a procediments com les adaptacions de lloc, revisions, etc es veuen alentides per no tindre medique propi. L&#8217;administraci\u00f3 hauria de posar una major obstinaci\u00f3 i urg\u00e8ncia a solucionar-lo.<br>\u00c9s imperatiu que el departament de La Ribera compte amb el seu metge d&#8217;empresa a temps complet per a garantir una atenci\u00f3 adequada i conforme a la normativa vigent&#8221;.<br>El sindicat exigeix a la Conselleria de Sanitat que prenga les mesures necess\u00e0ries per a dotar al departament de salut de La Ribera del personal qualificat necessari, per a assegurar la vigil\u00e0ncia de la salut dels treballadors del departament.<\/p>\n","protected":false},"excerpt":{"rendered":"<div class=\"mh-excerpt\">El sindicat denuncia que l&#8217;abs\u00e8ncia de personal sanitari d&#8217;empresa incompleix la normativa de prevenci\u00f3 i alenteix l&#8217;atenci\u00f3 a m\u00e9s de 3.000 treballadors. La qual cosa al seu judici genera una situaci\u00f3 de desprotecci\u00f3 dels professionals <a class=\"mh-excerpt-more\" href=\"https:\/\/www.tucomarca.com\/wordpress\/segunda\/ca\/csif-denuncia-la-falta-de-metge-dempresa-propi-en-el-departament-la-ribera\/\" title=\"CSIF denuncia la falta de metge d&#8217;empresa \u201cpropi\u201d en el departament La Ribera\">[+] <\/a><\/div>\n","protected":false},"author":12,"featured_media":286513,"comment_status":"open","ping_status":"open","sticky":false,"template":"","format":"standard","meta":{"footnotes":""},"categories":[10889,11010,10948,10894,10902,10947,10896],"tags":[11192,11345,14095],"class_list":{"0":"post-286443","1":"post","2":"type-post","3":"status-publish","4":"format-standard","5":"has-post-thumbnail","7":"category-alzira-cat","8":"category-canal-salud","9":"category-infraestructuras-ca","10":"category-la-comarca-ca","11":"category-la-ribera-ca","12":"category-politica","13":"category-seccion-ca","14":"tag-alzira-ca","15":"tag-csif-ca","16":"tag-departamento-de-salud-de-la-ribera-ca"},"_links":{"self":[{"href":"https:\/\/www.tucomarca.com\/wordpress\/segunda\/ca\/wp-json\/wp\/v2\/posts\/286443","targetHints":{"allow":["GET"]}}],"collection":[{"href":"https:\/\/www.tucomarca.com\/wordpress\/segunda\/ca\/wp-json\/wp\/v2\/posts"}],"about":[{"href":"https:\/\/www.tucomarca.com\/wordpress\/segunda\/ca\/wp-json\/wp\/v2\/types\/post"}],"author":[{"embeddable":true,"href":"https:\/\/www.tucomarca.com\/wordpress\/segunda\/ca\/wp-json\/wp\/v2\/users\/12"}],"replies":[{"embeddable":true,"href":"https:\/\/www.tucomarca.com\/wordpress\/segunda\/ca\/wp-json\/wp\/v2\/comments?post=286443"}],"version-history":[{"count":0,"href":"https:\/\/www.tucomarca.com\/wordpress\/segunda\/ca\/wp-json\/wp\/v2\/posts\/286443\/revisions"}],"wp:featuredmedia":[{"embeddable":true,"href":"https:\/\/www.tucomarca.com\/wordpress\/segunda\/ca\/wp-json\/wp\/v2\/media\/286513"}],"wp:attachment":[{"href":"https:\/\/www.tucomarca.com\/wordpress\/segunda\/ca\/wp-json\/wp\/v2\/media?parent=286443"}],"wp:term":[{"taxonomy":"category","embeddable":true,"href":"https:\/\/www.tucomarca.com\/wordpress\/segunda\/ca\/wp-json\/wp\/v2\/categories?post=286443"},{"taxonomy":"post_tag","embeddable":true,"href":"https:\/\/www.tucomarca.com\/wordpress\/segunda\/ca\/wp-json\/wp\/v2\/tags?post=286443"}],"curies":[{"name":"wp","href":"https:\/\/api.w.org\/{rel}","templated":true}]}}